{"id":44683,"date":"2014-03-25T09:45:38","date_gmt":"2014-03-25T12:45:38","guid":{"rendered":"http:\/\/www.eltrabajo.cl\/portal\/?p=44683"},"modified":"2014-03-25T09:45:38","modified_gmt":"2014-03-25T12:45:38","slug":"municipio-a-la-espera-de-resolucion-con-la-nueva-ficha-de-proteccion-social","status":"publish","type":"post","link":"https:\/\/eltrabajo.cl\/portal\/municipio-a-la-espera-de-resolucion-con-la-nueva-ficha-de-proteccion-social\/","title":{"rendered":"Municipio a la espera de resoluci\u00f3n con la nueva Ficha de Protecci\u00f3n Social"},"content":{"rendered":"<figure id=\"attachment_44684\" aria-describedby=\"caption-attachment-44684\" style=\"width: 317px\" class=\"wp-caption alignleft\"><a href=\"https:\/\/i0.wp.com\/www.eltrabajo.cl\/portal\/wp-content\/uploads\/2014\/03\/sonia-mancilla.jpg\"><img data-recalc-dims=\"1\" loading=\"lazy\" decoding=\"async\" class=\" wp-image-44684 \" alt=\"Sonia Mancilla, Asistente social Municipalidad de San Felipe, encargada de Ficha de Protecci\u00f3n Social.\" src=\"https:\/\/i0.wp.com\/www.eltrabajo.cl\/portal\/wp-content\/uploads\/2014\/03\/sonia-mancilla.jpg?resize=317%2C264\" width=\"317\" height=\"264\" srcset=\"https:\/\/i0.wp.com\/eltrabajo.cl\/portal\/wp-content\/uploads\/2014\/03\/sonia-mancilla.jpg?w=529&amp;ssl=1 529w, https:\/\/i0.wp.com\/eltrabajo.cl\/portal\/wp-content\/uploads\/2014\/03\/sonia-mancilla.jpg?resize=180%2C150&amp;ssl=1 180w, https:\/\/i0.wp.com\/eltrabajo.cl\/portal\/wp-content\/uploads\/2014\/03\/sonia-mancilla.jpg?resize=300%2C249&amp;ssl=1 300w, https:\/\/i0.wp.com\/eltrabajo.cl\/portal\/wp-content\/uploads\/2014\/03\/sonia-mancilla.jpg?resize=150%2C124&amp;ssl=1 150w, https:\/\/i0.wp.com\/eltrabajo.cl\/portal\/wp-content\/uploads\/2014\/03\/sonia-mancilla.jpg?resize=400%2C332&amp;ssl=1 400w\" sizes=\"auto, (max-width: 317px) 100vw, 317px\" \/><\/a><figcaption id=\"caption-attachment-44684\" class=\"wp-caption-text\">Sonia Mancilla, Asistente social Municipalidad de San Felipe, encargada de Ficha de Protecci\u00f3n Social.<\/figcaption><\/figure>\n<p>Satisfechos se encuentran en el municipio sanfelipe\u00f1o por la gran cantidad de Fichas de Protecci\u00f3n Social que han actualizado en el plan que reformular\u00e1 el sistema, y que por diversas razones suspendi\u00f3 su actualizaci\u00f3n en el gobierno de Sebasti\u00e1n Pi\u00f1era.<\/p>\n<p>Sonia Mancilla, asistente social del municipio sanfelipe\u00f1o, se\u00f1al\u00f3 a Diario El Trabajo que \u201choy est\u00e1n en proceso de actualizaci\u00f3n de fichas y ya van en 14.762 fichas actualizadas de un total de 17.616 ficha, es decir estamos a un 80 u 85 por ciento de actualizaci\u00f3n de datos. Por otra parte esperamos instrucci\u00f3n del Ministerio de Desarrollo Social. La gente debe actualizar la ficha antigua por la nueva, aunque por ahora solo se est\u00e1n actualizando datos y por ahora no se actualiza el puntaje, solo los datos\u201d.<\/p>\n<p>Por lo mismo, la funcionaria se\u00f1al\u00f3 que est\u00e1n a la espera de las nuevas instrucciones para saber qu\u00e9 pasar\u00e1 con la base de datos conseguida y saber si los puntajes cambiar\u00e1n o se mantendr\u00e1n.<\/p>\n<p>Para el Director de Desarrollo Comunitario del Municipio de San Felipe, Pablo Silva, \u201cesto ha sido un poco complejo, porque la gente se ha confundido con uno o con otro sistema, lo cierto es que la gente debe confiar en que el municipio les ayudar\u00e1 con cualquier duda que tengan. Es importante aclarar que los puntajes no son otorgados por el municipio, sino por el gobierno. Nosotros entendemos que este es un tema sensible y muy importante para las personas, por eso ampliamos las atenciones que antes se hac\u00edan solo los lunes y ahora se pueden realizar cualquier d\u00eda de lunes a viernes, eso independiente de que el sistema nos permite actualizar datos solo los lunes\u201d, puntualiz\u00f3 Silva.<\/p>\n<p>Cabe se\u00f1alar que el flujo de p\u00fablico disminuy\u00f3 considerablemente de unas 300 a 350 personas que se juntaban los d\u00edas lunes a un promedio de 120 personas por d\u00eda, lo que gener\u00f3 una descongesti\u00f3n considerable de las oficinas de desarrollo social, en calle San Mart\u00edn esquina de Traslavi\u00f1a.<\/p>\n<p>&nbsp;<\/p>\n","protected":false},"excerpt":{"rendered":"<p>Satisfechos se encuentran en el municipio sanfelipe\u00f1o por la gran cantidad de Fichas de Protecci\u00f3n Social que han actualizado en el plan que reformular\u00e1 el sistema, y que por diversas razones suspendi\u00f3&#8230;<\/p>\n","protected":false},"author":482,"featured_media":44684,"comment_status":"open","ping_status":"closed","sticky":false,"template":"","format":"standard","meta":{"advanced_seo_description":"","jetpack_seo_html_title":"","jetpack_seo_noindex":false,"_jetpack_memberships_contains_paid_content":false,"footnotes":""},"categories":[1],"tags":[],"class_list":["post-44683","post","type-post","status-publish","format-standard","has-post-thumbnail","hentry","category-cronica"],"jetpack_featured_media_url":"https:\/\/i0.wp.com\/eltrabajo.cl\/portal\/wp-content\/uploads\/2014\/03\/sonia-mancilla.jpg?fit=529%2C440&ssl=1","jetpack_sharing_enabled":true,"jetpack_likes_enabled":true,"jetpack-related-posts":[],"_links":{"self":[{"href":"https:\/\/eltrabajo.cl\/portal\/wp-json\/wp\/v2\/posts\/44683","targetHints":{"allow":["GET"]}}],"collection":[{"href":"https:\/\/eltrabajo.cl\/portal\/wp-json\/wp\/v2\/posts"}],"about":[{"href":"https:\/\/eltrabajo.cl\/portal\/wp-json\/wp\/v2\/types\/post"}],"author":[{"embeddable":true,"href":"https:\/\/eltrabajo.cl\/portal\/wp-json\/wp\/v2\/users\/482"}],"replies":[{"embeddable":true,"href":"https:\/\/eltrabajo.cl\/portal\/wp-json\/wp\/v2\/comments?post=44683"}],"version-history":[{"count":0,"href":"https:\/\/eltrabajo.cl\/portal\/wp-json\/wp\/v2\/posts\/44683\/revisions"}],"wp:featuredmedia":[{"embeddable":true,"href":"https:\/\/eltrabajo.cl\/portal\/wp-json\/wp\/v2\/media\/44684"}],"wp:attachment":[{"href":"https:\/\/eltrabajo.cl\/portal\/wp-json\/wp\/v2\/media?parent=44683"}],"wp:term":[{"taxonomy":"category","embeddable":true,"href":"https:\/\/eltrabajo.cl\/portal\/wp-json\/wp\/v2\/categories?post=44683"},{"taxonomy":"post_tag","embeddable":true,"href":"https:\/\/eltrabajo.cl\/portal\/wp-json\/wp\/v2\/tags?post=44683"}],"curies":[{"name":"wp","href":"https:\/\/api.w.org\/{rel}","templated":true}]}}