{"id":44687,"date":"2014-03-25T09:47:12","date_gmt":"2014-03-25T12:47:12","guid":{"rendered":"http:\/\/www.eltrabajo.cl\/portal\/?p=44687"},"modified":"2014-03-25T09:47:12","modified_gmt":"2014-03-25T12:47:12","slug":"alcalde-freire-se-reunio-con-seremi-de-bienes-nacionales-en-valparaiso","status":"publish","type":"post","link":"https:\/\/eltrabajo.cl\/portal\/alcalde-freire-se-reunio-con-seremi-de-bienes-nacionales-en-valparaiso\/","title":{"rendered":"Alcalde Freire se reuni\u00f3 con Seremi de Bienes Nacionales en Valpara\u00edso"},"content":{"rendered":"<figure id=\"attachment_44688\" aria-describedby=\"caption-attachment-44688\" style=\"width: 333px\" class=\"wp-caption alignleft\"><a href=\"https:\/\/i0.wp.com\/www.eltrabajo.cl\/portal\/wp-content\/uploads\/2014\/03\/Reunion11.jpg\"><img data-recalc-dims=\"1\" loading=\"lazy\" decoding=\"async\" class=\" wp-image-44688  \" alt=\"Una reuni\u00f3n de trabajo sostuvo este lunes el Alcalde Patricio Freire con el Seremi de Bienes Nacionales, Jorge Dip, en Valpara\u00edso.\" src=\"https:\/\/i0.wp.com\/www.eltrabajo.cl\/portal\/wp-content\/uploads\/2014\/03\/Reunion11.jpg?resize=333%2C262\" width=\"333\" height=\"262\" srcset=\"https:\/\/i0.wp.com\/eltrabajo.cl\/portal\/wp-content\/uploads\/2014\/03\/Reunion11.jpg?w=529&amp;ssl=1 529w, https:\/\/i0.wp.com\/eltrabajo.cl\/portal\/wp-content\/uploads\/2014\/03\/Reunion11.jpg?resize=191%2C150&amp;ssl=1 191w, https:\/\/i0.wp.com\/eltrabajo.cl\/portal\/wp-content\/uploads\/2014\/03\/Reunion11.jpg?resize=300%2C235&amp;ssl=1 300w, https:\/\/i0.wp.com\/eltrabajo.cl\/portal\/wp-content\/uploads\/2014\/03\/Reunion11.jpg?resize=150%2C117&amp;ssl=1 150w, https:\/\/i0.wp.com\/eltrabajo.cl\/portal\/wp-content\/uploads\/2014\/03\/Reunion11.jpg?resize=400%2C313&amp;ssl=1 400w\" sizes=\"auto, (max-width: 333px) 100vw, 333px\" \/><\/a><figcaption id=\"caption-attachment-44688\" class=\"wp-caption-text\">Una reuni\u00f3n de trabajo sostuvo este lunes el Alcalde Patricio Freire con el Seremi de Bienes Nacionales, Jorge Dip, en Valpara\u00edso.<\/figcaption><\/figure>\n<p>Una reuni\u00f3n de trabajo sostuvo este lunes el Alcalde Patricio Freire con el Seremi de Bienes Nacionales, Jorge Dip, instancia donde se plantearon varios de temas de inter\u00e9s para la comuna. La reuni\u00f3n tuvo lugar este lunes en Valpara\u00edso y contempl\u00f3 varios temas; entre los que destacaron el saneamiento de terrenos en el sector de El Asiento; la solicitud para acceder al terreno fiscal para el ensanchamiento de El Callej\u00f3n Lo Hern\u00e1ndez en el sector de Bucalemu y la posibilidad de levantar un edificio consistorial donde actualmente est\u00e1 el estacionamiento de la gobernaci\u00f3n.<\/p>\n<p>\u201cHemos sido muy bien acogidos, planteando nuestros temas de ciudad y el tema de la futura construcci\u00f3n de la oficinas municipales que tanta falta nos hace\u201d, dijo el jefe comunal.<\/p>\n<p>\u201cEl seremi nos ha recibido con las puertas abiertas y adem\u00e1s ha prometido un trabajo en terreno\u201d, dijo Claudio Paredes, Secretario de Planificaci\u00f3n Comunal.<\/p>\n<p>El Seremi calific\u00f3 la reuni\u00f3n como bastante productiva, y destac\u00f3 el inter\u00e9s del Alcalde Patricio Freire en generar estas reuniones con las autoridades regionales, que tienen como objetivo plantear los problemas que se han presentado en la comuna, y en este caso que son de competencia de este ministerio.<\/p>\n<p>\u201cPlanteamos la mejor de nuestras voluntades en orden a buscar soluciones a dichos problemas y esperamos que esta sea la primera de muchas visitas que haga a esta Seremi el Alcalde y nosotros tambi\u00e9n iremos a terreno a empaparnos de los temas, en esta primera instancia esta reuni\u00f3n es muy productiva\u201d, dijo el Seremi Dip.<\/p>\n<p>&nbsp;<\/p>\n","protected":false},"excerpt":{"rendered":"<p>Una reuni\u00f3n de trabajo sostuvo este lunes el Alcalde Patricio Freire con el Seremi de Bienes Nacionales, Jorge Dip, instancia donde se plantearon varios de temas de inter\u00e9s para la comuna. La&#8230;<\/p>\n","protected":false},"author":482,"featured_media":44688,"comment_status":"open","ping_status":"closed","sticky":false,"template":"","format":"standard","meta":{"advanced_seo_description":"","jetpack_seo_html_title":"","jetpack_seo_noindex":false,"_jetpack_memberships_contains_paid_content":false,"footnotes":""},"categories":[1],"tags":[],"class_list":["post-44687","post","type-post","status-publish","format-standard","has-post-thumbnail","hentry","category-cronica"],"jetpack_featured_media_url":"https:\/\/i0.wp.com\/eltrabajo.cl\/portal\/wp-content\/uploads\/2014\/03\/Reunion11.jpg?fit=529%2C415&ssl=1","jetpack_sharing_enabled":true,"jetpack_likes_enabled":true,"jetpack-related-posts":[],"_links":{"self":[{"href":"https:\/\/eltrabajo.cl\/portal\/wp-json\/wp\/v2\/posts\/44687","targetHints":{"allow":["GET"]}}],"collection":[{"href":"https:\/\/eltrabajo.cl\/portal\/wp-json\/wp\/v2\/posts"}],"about":[{"href":"https:\/\/eltrabajo.cl\/portal\/wp-json\/wp\/v2\/types\/post"}],"author":[{"embeddable":true,"href":"https:\/\/eltrabajo.cl\/portal\/wp-json\/wp\/v2\/users\/482"}],"replies":[{"embeddable":true,"href":"https:\/\/eltrabajo.cl\/portal\/wp-json\/wp\/v2\/comments?post=44687"}],"version-history":[{"count":0,"href":"https:\/\/eltrabajo.cl\/portal\/wp-json\/wp\/v2\/posts\/44687\/revisions"}],"wp:featuredmedia":[{"embeddable":true,"href":"https:\/\/eltrabajo.cl\/portal\/wp-json\/wp\/v2\/media\/44688"}],"wp:attachment":[{"href":"https:\/\/eltrabajo.cl\/portal\/wp-json\/wp\/v2\/media?parent=44687"}],"wp:term":[{"taxonomy":"category","embeddable":true,"href":"https:\/\/eltrabajo.cl\/portal\/wp-json\/wp\/v2\/categories?post=44687"},{"taxonomy":"post_tag","embeddable":true,"href":"https:\/\/eltrabajo.cl\/portal\/wp-json\/wp\/v2\/tags?post=44687"}],"curies":[{"name":"wp","href":"https:\/\/api.w.org\/{rel}","templated":true}]}}