{"id":44693,"date":"2014-03-25T09:50:28","date_gmt":"2014-03-25T12:50:28","guid":{"rendered":"http:\/\/www.eltrabajo.cl\/portal\/?p=44693"},"modified":"2014-03-25T09:50:28","modified_gmt":"2014-03-25T12:50:28","slug":"clausuran-dos-locales-nocturnos-por-no-cumplir-los-requisitos-legales","status":"publish","type":"post","link":"https:\/\/eltrabajo.cl\/portal\/clausuran-dos-locales-nocturnos-por-no-cumplir-los-requisitos-legales\/","title":{"rendered":"Clausuran dos locales nocturnos por no cumplir los requisitos legales"},"content":{"rendered":"<figure id=\"attachment_44694\" aria-describedby=\"caption-attachment-44694\" style=\"width: 529px\" class=\"wp-caption alignnone\"><a href=\"https:\/\/i0.wp.com\/www.eltrabajo.cl\/portal\/wp-content\/uploads\/2014\/03\/opus3.jpg\"><img data-recalc-dims=\"1\" loading=\"lazy\" decoding=\"async\" class=\"size-full wp-image-44694\" alt=\"En el caso del Pub \u2018Opus\u2019 de calle O\u2019Higgins, fueron clausurados el segundo y tercer piso que son los salones de baile, ya que no cuentan con la respectiva autorizaci\u00f3n y recepci\u00f3n por parte de la Direcci\u00f3n de Obras Municipales.\" src=\"https:\/\/i0.wp.com\/www.eltrabajo.cl\/portal\/wp-content\/uploads\/2014\/03\/opus3.jpg?resize=529%2C359\" width=\"529\" height=\"359\" srcset=\"https:\/\/i0.wp.com\/eltrabajo.cl\/portal\/wp-content\/uploads\/2014\/03\/opus3.jpg?w=529&amp;ssl=1 529w, https:\/\/i0.wp.com\/eltrabajo.cl\/portal\/wp-content\/uploads\/2014\/03\/opus3.jpg?resize=200%2C135&amp;ssl=1 200w, https:\/\/i0.wp.com\/eltrabajo.cl\/portal\/wp-content\/uploads\/2014\/03\/opus3.jpg?resize=300%2C203&amp;ssl=1 300w, https:\/\/i0.wp.com\/eltrabajo.cl\/portal\/wp-content\/uploads\/2014\/03\/opus3.jpg?resize=150%2C101&amp;ssl=1 150w, https:\/\/i0.wp.com\/eltrabajo.cl\/portal\/wp-content\/uploads\/2014\/03\/opus3.jpg?resize=400%2C271&amp;ssl=1 400w\" sizes=\"auto, (max-width: 529px) 100vw, 529px\" \/><\/a><figcaption id=\"caption-attachment-44694\" class=\"wp-caption-text\">En el caso del Pub \u2018Opus\u2019 de calle O\u2019Higgins, fueron clausurados el segundo y tercer piso que son los salones de baile, ya que no cuentan con la respectiva autorizaci\u00f3n y recepci\u00f3n por parte de la Direcci\u00f3n de Obras Municipales.<\/figcaption><\/figure>\n<p><strong>LOS ANDES<\/strong>.- Dos locales nocturnos de Los Andes fueron clausurados debido a que presentaban irregularidades para su funcionamiento.<\/p>\n<p>La clausura se produjo el pasado viernes luego de una fiscalizaci\u00f3n desarrollada conjuntamente por el Servicio de Salud, Carabineros y la Unidad de Fiscalizaci\u00f3n de la Municipalidad de Los Andes.<\/p>\n<figure id=\"attachment_44695\" aria-describedby=\"caption-attachment-44695\" style=\"width: 370px\" class=\"wp-caption alignright\"><a href=\"https:\/\/i0.wp.com\/www.eltrabajo.cl\/portal\/wp-content\/uploads\/2014\/03\/fiscalizacion-nocturnos2.jpg\"><img data-recalc-dims=\"1\" loading=\"lazy\" decoding=\"async\" class=\" wp-image-44695 \" alt=\"Debido a \u00abirregularidades para su funcionamiento\u00bb, dos locales nocturnos de Los Andes fueron clausurados en una fiscalizaci\u00f3n conjunta del Servicio de Salud, Carabineros y la Unidad de Fiscalizaci\u00f3n de la Municipalidad de Los Andes.\" src=\"https:\/\/i0.wp.com\/www.eltrabajo.cl\/portal\/wp-content\/uploads\/2014\/03\/fiscalizacion-nocturnos2.jpg?resize=370%2C281\" width=\"370\" height=\"281\" srcset=\"https:\/\/i0.wp.com\/eltrabajo.cl\/portal\/wp-content\/uploads\/2014\/03\/fiscalizacion-nocturnos2.jpg?w=529&amp;ssl=1 529w, https:\/\/i0.wp.com\/eltrabajo.cl\/portal\/wp-content\/uploads\/2014\/03\/fiscalizacion-nocturnos2.jpg?resize=197%2C150&amp;ssl=1 197w, https:\/\/i0.wp.com\/eltrabajo.cl\/portal\/wp-content\/uploads\/2014\/03\/fiscalizacion-nocturnos2.jpg?resize=300%2C227&amp;ssl=1 300w, https:\/\/i0.wp.com\/eltrabajo.cl\/portal\/wp-content\/uploads\/2014\/03\/fiscalizacion-nocturnos2.jpg?resize=150%2C113&amp;ssl=1 150w, https:\/\/i0.wp.com\/eltrabajo.cl\/portal\/wp-content\/uploads\/2014\/03\/fiscalizacion-nocturnos2.jpg?resize=400%2C303&amp;ssl=1 400w\" sizes=\"auto, (max-width: 370px) 100vw, 370px\" \/><\/a><figcaption id=\"caption-attachment-44695\" class=\"wp-caption-text\">Debido a \u00abirregularidades para su funcionamiento\u00bb, dos locales nocturnos de Los Andes fueron clausurados en una fiscalizaci\u00f3n conjunta del Servicio de Salud, Carabineros y la Unidad de Fiscalizaci\u00f3n de la Municipalidad de Los Andes.<\/figcaption><\/figure>\n<p>El encargado de la Unidad de Fiscalizaci\u00f3n del Municipio, Marcelo Figueroa, indic\u00f3 que ese d\u00eda se fiscalizaron diez locales, pero s\u00f3lo dos, el night club HD ubicado en avenida Santa Teresa y el Pub \u2018Opus\u2019 de calle O\u2019Higgins, fueron clausurados.<\/p>\n<p>Sin embargo, detall\u00f3, en el caso del \u2018Opus\u2019 s\u00f3lo se clausur\u00f3 el segundo y tercer piso que son los salones de baile, toda vez que no cuentan con la respectiva autorizaci\u00f3n y recepci\u00f3n por parte de la Direcci\u00f3n de Obras Municipales.<\/p>\n<p>\u201cEsto puede desencadenar un accidente mucho mayor, por lo tanto nosotros les exigimos en ese minuto el cierre del local, tanto del segundo y tercer piso, adem\u00e1s que hab\u00eda una serie de problemas no menores relacionados con el tema sanitario y el tema de la ley de rentas que tambi\u00e9n le fue aplicado\u201d, explic\u00f3.<\/p>\n<p>Figueroa manifest\u00f3 que estas fiscalizaciones a locales nocturnos van a continuar durante todo el a\u00f1o, por lo que llam\u00f3 a los locatarios a acercarse al municipio para que puedan regularizar los antecedentes de sus negocios, \u201cpues hay patentes vigentes que est\u00e1n funcionando en direcciones no autorizadas, por lo tanto nosotros vamos a seguir adelante con esta fiscalizaci\u00f3n y esperar la comprensi\u00f3n y colaboraci\u00f3n de quienes asisten a estos locales, porque es tambi\u00e9n por su seguridad\u201d.<\/p>\n<p>El encargado de la unidad de fiscalizaci\u00f3n sostuvo que entre las principales falencias detectadas figuran el incumplimiento a las normas sanitarias y la falta de regularizaci\u00f3n de los locales ante la direcci\u00f3n de obras municipales.<\/p>\n","protected":false},"excerpt":{"rendered":"<p>LOS ANDES.- Dos locales nocturnos de Los Andes fueron clausurados debido a que presentaban irregularidades para su funcionamiento. La clausura se produjo el pasado viernes luego de una fiscalizaci\u00f3n desarrollada conjuntamente por&#8230;<\/p>\n","protected":false},"author":482,"featured_media":44694,"comment_status":"open","ping_status":"closed","sticky":false,"template":"","format":"standard","meta":{"advanced_seo_description":"","jetpack_seo_html_title":"","jetpack_seo_noindex":false,"_jetpack_memberships_contains_paid_content":false,"footnotes":""},"categories":[21],"tags":[],"class_list":["post-44693","post","type-post","status-publish","format-standard","has-post-thumbnail","hentry","category-policial"],"jetpack_featured_media_url":"https:\/\/i0.wp.com\/eltrabajo.cl\/portal\/wp-content\/uploads\/2014\/03\/opus3.jpg?fit=529%2C359&ssl=1","jetpack_sharing_enabled":true,"jetpack_likes_enabled":true,"jetpack-related-posts":[],"_links":{"self":[{"href":"https:\/\/eltrabajo.cl\/portal\/wp-json\/wp\/v2\/posts\/44693","targetHints":{"allow":["GET"]}}],"collection":[{"href":"https:\/\/eltrabajo.cl\/portal\/wp-json\/wp\/v2\/posts"}],"about":[{"href":"https:\/\/eltrabajo.cl\/portal\/wp-json\/wp\/v2\/types\/post"}],"author":[{"embeddable":true,"href":"https:\/\/eltrabajo.cl\/portal\/wp-json\/wp\/v2\/users\/482"}],"replies":[{"embeddable":true,"href":"https:\/\/eltrabajo.cl\/portal\/wp-json\/wp\/v2\/comments?post=44693"}],"version-history":[{"count":0,"href":"https:\/\/eltrabajo.cl\/portal\/wp-json\/wp\/v2\/posts\/44693\/revisions"}],"wp:featuredmedia":[{"embeddable":true,"href":"https:\/\/eltrabajo.cl\/portal\/wp-json\/wp\/v2\/media\/44694"}],"wp:attachment":[{"href":"https:\/\/eltrabajo.cl\/portal\/wp-json\/wp\/v2\/media?parent=44693"}],"wp:term":[{"taxonomy":"category","embeddable":true,"href":"https:\/\/eltrabajo.cl\/portal\/wp-json\/wp\/v2\/categories?post=44693"},{"taxonomy":"post_tag","embeddable":true,"href":"https:\/\/eltrabajo.cl\/portal\/wp-json\/wp\/v2\/tags?post=44693"}],"curies":[{"name":"wp","href":"https:\/\/api.w.org\/{rel}","templated":true}]}}