{"id":44698,"date":"2014-03-25T09:56:13","date_gmt":"2014-03-25T12:56:13","guid":{"rendered":"http:\/\/www.eltrabajo.cl\/portal\/?p=44698"},"modified":"2014-03-25T09:56:13","modified_gmt":"2014-03-25T12:56:13","slug":"vecinos-de-los-patos-dan-ultimatum-a-autoridades-por-falta-de-agua-potable","status":"publish","type":"post","link":"https:\/\/eltrabajo.cl\/portal\/vecinos-de-los-patos-dan-ultimatum-a-autoridades-por-falta-de-agua-potable\/","title":{"rendered":"Vecinos de Los Patos dan ultim\u00e1tum a autoridades por falta de agua potable"},"content":{"rendered":"<figure id=\"attachment_44699\" aria-describedby=\"caption-attachment-44699\" style=\"width: 529px\" class=\"wp-caption alignnone\"><a href=\"https:\/\/i0.wp.com\/www.eltrabajo.cl\/portal\/wp-content\/uploads\/2014\/03\/VECINOS-DE-LOS-PATOS-2.jpg\"><img data-recalc-dims=\"1\" loading=\"lazy\" decoding=\"async\" class=\"size-full wp-image-44699\" alt=\"Este domingo los vecinos de Los Patos se reunieron y decidieron dar un ultim\u00e1tum a las autoridades para que les den una soluci\u00f3n al problema del agua potable.\" src=\"https:\/\/i0.wp.com\/www.eltrabajo.cl\/portal\/wp-content\/uploads\/2014\/03\/VECINOS-DE-LOS-PATOS-2.jpg?resize=529%2C358\" width=\"529\" height=\"358\" srcset=\"https:\/\/i0.wp.com\/eltrabajo.cl\/portal\/wp-content\/uploads\/2014\/03\/VECINOS-DE-LOS-PATOS-2.jpg?w=529&amp;ssl=1 529w, https:\/\/i0.wp.com\/eltrabajo.cl\/portal\/wp-content\/uploads\/2014\/03\/VECINOS-DE-LOS-PATOS-2.jpg?resize=200%2C135&amp;ssl=1 200w, https:\/\/i0.wp.com\/eltrabajo.cl\/portal\/wp-content\/uploads\/2014\/03\/VECINOS-DE-LOS-PATOS-2.jpg?resize=300%2C203&amp;ssl=1 300w, https:\/\/i0.wp.com\/eltrabajo.cl\/portal\/wp-content\/uploads\/2014\/03\/VECINOS-DE-LOS-PATOS-2.jpg?resize=150%2C101&amp;ssl=1 150w, https:\/\/i0.wp.com\/eltrabajo.cl\/portal\/wp-content\/uploads\/2014\/03\/VECINOS-DE-LOS-PATOS-2.jpg?resize=400%2C270&amp;ssl=1 400w\" sizes=\"auto, (max-width: 529px) 100vw, 529px\" \/><\/a><figcaption id=\"caption-attachment-44699\" class=\"wp-caption-text\">Este domingo los vecinos de Los Patos se reunieron y decidieron dar un ultim\u00e1tum a las autoridades para que les den una soluci\u00f3n al problema del agua potable.<\/figcaption><\/figure>\n<p><strong>PUTAEND<\/strong>O.- Indignados, molestos, pero esta vez decididos se encuentran los vecinos del sector Los Patos, quienes la tarde de este domingo aseguraron que dar\u00e1n un ultim\u00e1tum a las autoridades para que solucionen definitivamente el problema de la falta de agua potable en ese sector.<\/p>\n<p>Como ya lo hab\u00edamos informado, un grupo de vecinos acudi\u00f3 el mi\u00e9rcoles de la semana pasada hasta el Concejo Municipal de Putaendo para plantear su preocupaci\u00f3n por la rotura de matriz que a\u00fan no hab\u00eda sido reparada y que tiene a los vecinos del sector sin el vital elemento, y en la ocasi\u00f3n el Alcalde Guillermo Reyes contact\u00f3 al Gobernador Eduardo Le\u00f3n para que el jueves de la semana pasada la empresa ATACAGUA comenzara la reparaci\u00f3n de la matriz da\u00f1ada por un cami\u00f3n de Chilquinta.<\/p>\n<figure id=\"attachment_44700\" aria-describedby=\"caption-attachment-44700\" style=\"width: 318px\" class=\"wp-caption alignright\"><a href=\"https:\/\/i0.wp.com\/www.eltrabajo.cl\/portal\/wp-content\/uploads\/2014\/03\/VECINOS-DE-LOS-PATOS-3.jpg\"><img data-recalc-dims=\"1\" loading=\"lazy\" decoding=\"async\" class=\" wp-image-44700 \" alt=\"Rosa Silva, presidenta de la Junta de Vecinos de Los Patos.\" src=\"https:\/\/i0.wp.com\/www.eltrabajo.cl\/portal\/wp-content\/uploads\/2014\/03\/VECINOS-DE-LOS-PATOS-3.jpg?resize=318%2C318\" width=\"318\" height=\"318\" srcset=\"https:\/\/i0.wp.com\/eltrabajo.cl\/portal\/wp-content\/uploads\/2014\/03\/VECINOS-DE-LOS-PATOS-3.jpg?w=530&amp;ssl=1 530w, https:\/\/i0.wp.com\/eltrabajo.cl\/portal\/wp-content\/uploads\/2014\/03\/VECINOS-DE-LOS-PATOS-3.jpg?resize=150%2C150&amp;ssl=1 150w, https:\/\/i0.wp.com\/eltrabajo.cl\/portal\/wp-content\/uploads\/2014\/03\/VECINOS-DE-LOS-PATOS-3.jpg?resize=300%2C300&amp;ssl=1 300w, https:\/\/i0.wp.com\/eltrabajo.cl\/portal\/wp-content\/uploads\/2014\/03\/VECINOS-DE-LOS-PATOS-3.jpg?resize=400%2C400&amp;ssl=1 400w\" sizes=\"auto, (max-width: 318px) 100vw, 318px\" \/><\/a><figcaption id=\"caption-attachment-44700\" class=\"wp-caption-text\">Rosa Silva, presidenta de la Junta de Vecinos de Los Patos.<\/figcaption><\/figure>\n<p>Lamentablemente este anuncio qued\u00f3 en nada y lo m\u00e1s grave, seg\u00fan se\u00f1al\u00f3 la presidenta de la Junta de Vecinos de Los Patos, Rosa Silva, y adem\u00e1s avalada por los vecinos, es que el conductor del cami\u00f3n aljibe mandado por la gobernaci\u00f3n les dijo que \u00e9l no trabaja los fines de semana, lo que se traduce en que desde el viernes en la tarde hasta este domingo los vecinos de Los Patos literalmente no han tenido una gota de agua para beber.<\/p>\n<p>Rosa Silva, visiblemente molesta, indic\u00f3 que el Alcalde Guillermo Reyes no le contesta el tel\u00e9fono y que se contactaron con el Departamento de Obras del Municipio donde un funcionario trat\u00f3 de muy mala manera a vecinos del sector y apunta todas sus cr\u00edticas hacia el Director de Obras de la Municipalidad de Putaendo, pues asegur\u00f3 que este domingo tom\u00f3 contacto telef\u00f3nico con el Gobernador Eduardo Le\u00f3n, a quien le explic\u00f3 la cr\u00edtica situaci\u00f3n que est\u00e1n viviendo y se llev\u00f3 la gran sorpresa cuando la autoridad provincial le se\u00f1al\u00f3 que hab\u00eda consultado al Director de Obras de la Municipalidad de Putaendo por esta situaci\u00f3n, quien le habr\u00eda se\u00f1alado que en Los Patos no hab\u00eda problemas de falta de agua potable y estaba todo en absoluta normalidad.<\/p>\n<p>La dirigente junto a los vecinos dijeron sentirse humillados, menospreciados y aburridos de las promesas que no se cumplen, como por ejemplo los 60 d\u00edas que la DOH junto a la ex gobernadora Patricia Boffa dieron para solucionar el problema mec\u00e1nico que hay al interior de la copa del APR y al respecto indicaron que ese plazo ya se cumpli\u00f3 y que incluso los trabajos a\u00fan no han comenzado.<\/p>\n<p>En este sentido, Rosa Silva se\u00f1al\u00f3 que dar\u00e1n un ultim\u00e1tum a las autoridades municipales y a la gobernaci\u00f3n para que reparen la matriz da\u00f1ada y restablezcan el suministro de agua potable antes de este martes 25, de lo contario cortar\u00e1n el agua potable a los vecinos de Casablanca, pues aseguraron que la paciencia y el di\u00e1logo ya se est\u00e1n terminando en la comunidad de Los Patos.<\/p>\n<p>Diario El Trabajo visit\u00f3 el sector Los Patos la tarde del domingo y comprob\u00f3 como algunas vecinas se consiguen veh\u00edculos para llegar hasta las cercan\u00edas del Ret\u00e9n de Carabineros e ingresar al r\u00edo para obtener agua para beber, lo que se suma a la cr\u00edtica situaci\u00f3n que est\u00e1n viviendo los propietarios de animales, quienes ya no tienen agua para darles, debido a que el turno en los canales llega cada 15 d\u00edas.<\/p>\n<p>Patricio Gallardo M.<\/p>\n<p>&nbsp;<\/p>\n<p><strong>Gobernador Eduardo Le\u00f3n: \u00abEstamos coordinados\u00bb<\/strong><\/p>\n<p>Consultado el Gobernador Eduardo Le\u00f3n por toda esta situaci\u00f3n, destac\u00f3 que precisamente ayer lunes concurri\u00f3 al lugar y se reuni\u00f3 con la gente del sector, acompa\u00f1ado del Administrador Municipal y el encargado de Emergencia. Le\u00f3n reconoci\u00f3 que lamentablemente por ahora no se puede modificar el contrato con la empresa encargada de distribuir el agua, ya que efectivamente es solo para emergencias de lunes a viernes, quedando los vecinos abandonados a su suerte los fines de semana. Destac\u00f3 que el contrato es por un a\u00f1o y que esperan buscar una soluci\u00f3n para tener un contrato menos r\u00edgido.<\/p>\n<p>Anunci\u00f3 adem\u00e1s que exploran \u00abotra alternativa ya que agua hay en Los Patos, lo que sucede es que llega m\u00e1s a Casablanca que a Los Patos por un problema t\u00e9cnico con la caseta de distribuci\u00f3n\u00bb.<\/p>\n<figure id=\"attachment_44701\" aria-describedby=\"caption-attachment-44701\" style=\"width: 423px\" class=\"wp-caption alignleft\"><a href=\"https:\/\/i0.wp.com\/www.eltrabajo.cl\/portal\/wp-content\/uploads\/2014\/03\/Redaccion2.jpg\"><img data-recalc-dims=\"1\" loading=\"lazy\" decoding=\"async\" class=\" wp-image-44701 \" alt=\"El Gobernador Eduardo Le\u00f3n efectu\u00f3 la tarde de ayer una visita de cortes\u00eda a la sala de redacci\u00f3n de Diario El Trabajo, ocasi\u00f3n en que aprovech\u00f3 de referirse al problema con el agua en Los Patos. En la imagen junto a Ang\u00e9lica Juri y Marco Antonio Juri.\" src=\"https:\/\/i0.wp.com\/www.eltrabajo.cl\/portal\/wp-content\/uploads\/2014\/03\/Redaccion2.jpg?resize=423%2C266\" width=\"423\" height=\"266\" srcset=\"https:\/\/i0.wp.com\/eltrabajo.cl\/portal\/wp-content\/uploads\/2014\/03\/Redaccion2.jpg?w=529&amp;ssl=1 529w, https:\/\/i0.wp.com\/eltrabajo.cl\/portal\/wp-content\/uploads\/2014\/03\/Redaccion2.jpg?resize=200%2C125&amp;ssl=1 200w, https:\/\/i0.wp.com\/eltrabajo.cl\/portal\/wp-content\/uploads\/2014\/03\/Redaccion2.jpg?resize=300%2C188&amp;ssl=1 300w, https:\/\/i0.wp.com\/eltrabajo.cl\/portal\/wp-content\/uploads\/2014\/03\/Redaccion2.jpg?resize=150%2C94&amp;ssl=1 150w, https:\/\/i0.wp.com\/eltrabajo.cl\/portal\/wp-content\/uploads\/2014\/03\/Redaccion2.jpg?resize=400%2C251&amp;ssl=1 400w\" sizes=\"auto, (max-width: 423px) 100vw, 423px\" \/><\/a><figcaption id=\"caption-attachment-44701\" class=\"wp-caption-text\">El Gobernador Eduardo Le\u00f3n efectu\u00f3 la tarde de ayer una visita de cortes\u00eda a la sala de redacci\u00f3n de Diario El Trabajo, ocasi\u00f3n en que aprovech\u00f3 de referirse al problema con el agua en Los Patos. En la imagen junto a Ang\u00e9lica Juri y Marco Antonio Juri.<\/figcaption><\/figure>\n<p>Agreg\u00f3 que \u00abla idea es hacer un sistema de emergencia para darle la misma agua a ambas localidades, porque hoy se lleva de San Felipe a Los Patos, y lo que queremos hacer es un sistema mixto con el env\u00edo de agua y la distribuci\u00f3n equitativa\u00bb. Ello mientras se soluciona el problema por parte de la Direcci\u00f3n de Obras Hidr\u00e1ulicas (DOH) que es la responsable de entregar la soluci\u00f3n definitiva.<\/p>\n<p>Finalmente el Gobernador Eduardo Le\u00f3n dijo que lo importante es que \u00abel municipio y la gobernaci\u00f3n estamos coordinados para reaccionar r\u00e1pidamente ante una emergencia mientras DOH responde\u00bb.<\/p>\n<p>&nbsp;<\/p>\n<p>&nbsp;<\/p>\n","protected":false},"excerpt":{"rendered":"<p>PUTAENDO.- Indignados, molestos, pero esta vez decididos se encuentran los vecinos del sector Los Patos, quienes la tarde de este domingo aseguraron que dar\u00e1n un ultim\u00e1tum a las autoridades para que solucionen&#8230;<\/p>\n","protected":false},"author":482,"featured_media":44699,"comment_status":"open","ping_status":"closed","sticky":false,"template":"","format":"standard","meta":{"advanced_seo_description":"","jetpack_seo_html_title":"","jetpack_seo_noindex":false,"_jetpack_memberships_contains_paid_content":false,"footnotes":""},"categories":[15],"tags":[],"class_list":["post-44698","post","type-post","status-publish","format-standard","has-post-thumbnail","hentry","category-comunidad"],"jetpack_featured_media_url":"https:\/\/i0.wp.com\/eltrabajo.cl\/portal\/wp-content\/uploads\/2014\/03\/VECINOS-DE-LOS-PATOS-2.jpg?fit=529%2C358&ssl=1","jetpack_sharing_enabled":true,"jetpack_likes_enabled":true,"jetpack-related-posts":[],"_links":{"self":[{"href":"https:\/\/eltrabajo.cl\/portal\/wp-json\/wp\/v2\/posts\/44698","targetHints":{"allow":["GET"]}}],"collection":[{"href":"https:\/\/eltrabajo.cl\/portal\/wp-json\/wp\/v2\/posts"}],"about":[{"href":"https:\/\/eltrabajo.cl\/portal\/wp-json\/wp\/v2\/types\/post"}],"author":[{"embeddable":true,"href":"https:\/\/eltrabajo.cl\/portal\/wp-json\/wp\/v2\/users\/482"}],"replies":[{"embeddable":true,"href":"https:\/\/eltrabajo.cl\/portal\/wp-json\/wp\/v2\/comments?post=44698"}],"version-history":[{"count":0,"href":"https:\/\/eltrabajo.cl\/portal\/wp-json\/wp\/v2\/posts\/44698\/revisions"}],"wp:featuredmedia":[{"embeddable":true,"href":"https:\/\/eltrabajo.cl\/portal\/wp-json\/wp\/v2\/media\/44699"}],"wp:attachment":[{"href":"https:\/\/eltrabajo.cl\/portal\/wp-json\/wp\/v2\/media?parent=44698"}],"wp:term":[{"taxonomy":"category","embeddable":true,"href":"https:\/\/eltrabajo.cl\/portal\/wp-json\/wp\/v2\/categories?post=44698"},{"taxonomy":"post_tag","embeddable":true,"href":"https:\/\/eltrabajo.cl\/portal\/wp-json\/wp\/v2\/tags?post=44698"}],"curies":[{"name":"wp","href":"https:\/\/api.w.org\/{rel}","templated":true}]}}