{"id":44711,"date":"2014-03-26T09:27:24","date_gmt":"2014-03-26T12:27:24","guid":{"rendered":"http:\/\/www.eltrabajo.cl\/portal\/?p=44711"},"modified":"2014-03-26T09:27:24","modified_gmt":"2014-03-26T12:27:24","slug":"internos-del-ccp-san-felipe-jugaron-jornada-de-baby-futbol-contra-u-la-calera","status":"publish","type":"post","link":"https:\/\/eltrabajo.cl\/portal\/internos-del-ccp-san-felipe-jugaron-jornada-de-baby-futbol-contra-u-la-calera\/","title":{"rendered":"Internos del CCP San Felipe jugaron jornada de baby-f\u00fatbol contra U. La Calera"},"content":{"rendered":"<figure id=\"attachment_44712\" aria-describedby=\"caption-attachment-44712\" style=\"width: 529px\" class=\"wp-caption alignnone\"><a href=\"https:\/\/i0.wp.com\/www.eltrabajo.cl\/portal\/wp-content\/uploads\/2014\/03\/Panoramica1.jpg\"><img data-recalc-dims=\"1\" loading=\"lazy\" decoding=\"async\" class=\"size-full wp-image-44712\" alt=\"SIN PERD\u00d3N.- Los jugadores profesionales de La Calera hicieron de las suyas ante los j\u00f3venes del CCP San Felipe, ganando ambos partidos. La jornada deportiva finaliz\u00f3 a las 14:0 horas.\" src=\"https:\/\/i0.wp.com\/www.eltrabajo.cl\/portal\/wp-content\/uploads\/2014\/03\/Panoramica1.jpg?resize=529%2C220\" width=\"529\" height=\"220\" srcset=\"https:\/\/i0.wp.com\/eltrabajo.cl\/portal\/wp-content\/uploads\/2014\/03\/Panoramica1.jpg?w=529&amp;ssl=1 529w, https:\/\/i0.wp.com\/eltrabajo.cl\/portal\/wp-content\/uploads\/2014\/03\/Panoramica1.jpg?resize=200%2C83&amp;ssl=1 200w, https:\/\/i0.wp.com\/eltrabajo.cl\/portal\/wp-content\/uploads\/2014\/03\/Panoramica1.jpg?resize=300%2C124&amp;ssl=1 300w, https:\/\/i0.wp.com\/eltrabajo.cl\/portal\/wp-content\/uploads\/2014\/03\/Panoramica1.jpg?resize=150%2C62&amp;ssl=1 150w, https:\/\/i0.wp.com\/eltrabajo.cl\/portal\/wp-content\/uploads\/2014\/03\/Panoramica1.jpg?resize=400%2C166&amp;ssl=1 400w\" sizes=\"auto, (max-width: 529px) 100vw, 529px\" \/><\/a><figcaption id=\"caption-attachment-44712\" class=\"wp-caption-text\">SIN PERD\u00d3N.- Los jugadores profesionales de La Calera hicieron de las suyas ante los j\u00f3venes del CCP San Felipe, ganando ambos partidos. La jornada deportiva finaliz\u00f3 a las 14:0 horas.<\/figcaption><\/figure>\n<p>Ayer mi\u00e9rcoles y en el marco de las actividades programadas por el Centro de Cumplimiento San Felipe, que van en directo beneficio de la reinserci\u00f3n de la poblaci\u00f3n penal a la sociedad y quienes no por el hecho de encontrase privados de libertad deben ser aparatados de la misma, a las 11:30 horas, luego de reuni\u00f3n pactada por el Alcaide de La Unidad Mayor Don Andr\u00e9s Romero Fern\u00e1ndez con funcionarios del Club Profesional de F\u00fatbol de Primera A Uni\u00f3n La Calera de la misma comuna, se presenta una delegaci\u00f3n de jugadores del primer equipo entre los cuales se destacan Roberto \u00c1valos y Leandro Venegas con la finalidad de realizar y participar en una exhibici\u00f3n de baby-f\u00fatbol con internos de este penal, llev\u00e1ndose a cabo dos partidos de 25 minutos por lado, donde el equipo de f\u00fatbol profesional derrot\u00f3 en el primer partido 14 a 10 al combinado de internos y en el segundo partido, tambi\u00e9n gan\u00f3 U. Calera por un marcador de 7 a 6, se hace presente que los jugadores profesionales a parte del baby-futbol compartieron experiencias con los privados de libertad, dicha actividad concluyo a las 14:00 horas.<\/p>\n<div class=\"tiled-gallery type-rectangular tiled-gallery-unresized\" data-original-width=\"640\" data-carousel-extra='null' itemscope itemtype=\"http:\/\/schema.org\/ImageGallery\" > <div class=\"gallery-row\" style=\"width: 640px; height: 302px;\" data-original-width=\"640\" data-original-height=\"302\" > <div class=\"gallery-group images-1\" style=\"width: 376px; height: 302px;\" data-original-width=\"376\" data-original-height=\"302\" > <div class=\"tiled-gallery-item tiled-gallery-item-large\" itemprop=\"associatedMedia\" itemscope itemtype=\"http:\/\/schema.org\/ImageObject\"> <a href=\"https:\/\/eltrabajo.cl\/portal\/internos-del-ccp-san-felipe-jugaron-jornada-de-baby-futbol-contra-u-la-calera\/deportivo1\/\" border=\"0\" itemprop=\"url\"> <meta itemprop=\"width\" content=\"372\"> <meta itemprop=\"height\" content=\"298\"> <img decoding=\"async\" class=\"\" data-attachment-id=\"44713\" data-orig-file=\"https:\/\/eltrabajo.cl\/portal\/wp-content\/uploads\/2014\/03\/Deportivo1.jpg\" data-orig-size=\"529,424\" data-comments-opened=\"1\" data-image-meta=\"{&quot;aperture&quot;:&quot;4&quot;,&quot;credit&quot;:&quot;&quot;,&quot;camera&quot;:&quot;Canon EOS REBEL T1i&quot;,&quot;caption&quot;:&quot;&quot;,&quot;created_timestamp&quot;:&quot;1395747814&quot;,&quot;copyright&quot;:&quot;&quot;,&quot;focal_length&quot;:&quot;18&quot;,&quot;iso&quot;:&quot;100&quot;,&quot;shutter_speed&quot;:&quot;0.02&quot;,&quot;title&quot;:&quot;&quot;}\" data-image-title=\"Deportivo1\" data-image-description=\"&lt;p&gt;SIN MIEDO.- Ellos conforman la Selecci\u00f3n de baby-f\u00fatbol del CCP San Felipe, ayer jugaron con todo ante los de La Calera A.&lt;\/p&gt; \" data-medium-file=\"https:\/\/i0.wp.com\/eltrabajo.cl\/portal\/wp-content\/uploads\/2014\/03\/Deportivo1.jpg?fit=300%2C240&#038;ssl=1\" data-large-file=\"https:\/\/i0.wp.com\/eltrabajo.cl\/portal\/wp-content\/uploads\/2014\/03\/Deportivo1.jpg?fit=529%2C424&#038;ssl=1\" src=\"https:\/\/i0.wp.com\/eltrabajo.cl\/portal\/wp-content\/uploads\/2014\/03\/Deportivo1.jpg?w=372&#038;h=298&#038;ssl=1\" srcset=\"https:\/\/i0.wp.com\/eltrabajo.cl\/portal\/wp-content\/uploads\/2014\/03\/Deportivo1.jpg?w=529&amp;ssl=1 529w, https:\/\/i0.wp.com\/eltrabajo.cl\/portal\/wp-content\/uploads\/2014\/03\/Deportivo1.jpg?resize=187%2C150&amp;ssl=1 187w, https:\/\/i0.wp.com\/eltrabajo.cl\/portal\/wp-content\/uploads\/2014\/03\/Deportivo1.jpg?resize=300%2C240&amp;ssl=1 300w, https:\/\/i0.wp.com\/eltrabajo.cl\/portal\/wp-content\/uploads\/2014\/03\/Deportivo1.jpg?resize=150%2C120&amp;ssl=1 150w, https:\/\/i0.wp.com\/eltrabajo.cl\/portal\/wp-content\/uploads\/2014\/03\/Deportivo1.jpg?resize=400%2C320&amp;ssl=1 400w\" width=\"372\" height=\"298\" loading=\"lazy\" data-original-width=\"372\" data-original-height=\"298\" itemprop=\"http:\/\/schema.org\/image\" title=\"Deportivo1\" alt=\"SIN MIEDO.- Ellos conforman la Selecci\u00f3n de baby-f\u00fatbol del CCP San Felipe, ayer jugaron con todo ante los de La Calera A.\" style=\"width: 372px; height: 298px;\" \/> <\/a> <div class=\"tiled-gallery-caption\" itemprop=\"caption description\"> SIN MIEDO.- Ellos conforman la Selecci\u00f3n de baby-f\u00fatbol del CCP San Felipe, ayer jugaron con todo ante los de La Calera A. <\/div> <\/div> <\/div> <!-- close group --> <div class=\"gallery-group images-1\" style=\"width: 264px; height: 302px;\" data-original-width=\"264\" data-original-height=\"302\" > <div class=\"tiled-gallery-item tiled-gallery-item-large\" itemprop=\"associatedMedia\" itemscope itemtype=\"http:\/\/schema.org\/ImageObject\"> <a href=\"https:\/\/eltrabajo.cl\/portal\/internos-del-ccp-san-felipe-jugaron-jornada-de-baby-futbol-contra-u-la-calera\/portero1\/\" border=\"0\" itemprop=\"url\"> <meta itemprop=\"width\" content=\"260\"> <meta itemprop=\"height\" content=\"298\"> <img decoding=\"async\" class=\"\" data-attachment-id=\"44714\" data-orig-file=\"https:\/\/eltrabajo.cl\/portal\/wp-content\/uploads\/2014\/03\/Portero1.jpg\" data-orig-size=\"529,606\" data-comments-opened=\"1\" data-image-meta=\"{&quot;aperture&quot;:&quot;5.6&quot;,&quot;credit&quot;:&quot;&quot;,&quot;camera&quot;:&quot;Canon EOS REBEL T1i&quot;,&quot;caption&quot;:&quot;&quot;,&quot;created_timestamp&quot;:&quot;1395747968&quot;,&quot;copyright&quot;:&quot;&quot;,&quot;focal_length&quot;:&quot;28&quot;,&quot;iso&quot;:&quot;400&quot;,&quot;shutter_speed&quot;:&quot;0.016666666666667&quot;,&quot;title&quot;:&quot;&quot;}\" data-image-title=\"Portero1\" data-image-description=\"&lt;p&gt;GOL TRAS GOL.- El portero del cuadro CCP San Felipe recibi\u00f3 varios goles, las c\u00e1maras de Diario El Trabajo registran uno de los varios goles que este deportista recibi\u00f3.&lt;\/p&gt; \" data-medium-file=\"https:\/\/i0.wp.com\/eltrabajo.cl\/portal\/wp-content\/uploads\/2014\/03\/Portero1.jpg?fit=261%2C300&#038;ssl=1\" data-large-file=\"https:\/\/i0.wp.com\/eltrabajo.cl\/portal\/wp-content\/uploads\/2014\/03\/Portero1.jpg?fit=529%2C606&#038;ssl=1\" src=\"https:\/\/i0.wp.com\/eltrabajo.cl\/portal\/wp-content\/uploads\/2014\/03\/Portero1.jpg?w=260&#038;h=298&#038;ssl=1\" srcset=\"https:\/\/i0.wp.com\/eltrabajo.cl\/portal\/wp-content\/uploads\/2014\/03\/Portero1.jpg?w=529&amp;ssl=1 529w, https:\/\/i0.wp.com\/eltrabajo.cl\/portal\/wp-content\/uploads\/2014\/03\/Portero1.jpg?resize=130%2C150&amp;ssl=1 130w, https:\/\/i0.wp.com\/eltrabajo.cl\/portal\/wp-content\/uploads\/2014\/03\/Portero1.jpg?resize=261%2C300&amp;ssl=1 261w, https:\/\/i0.wp.com\/eltrabajo.cl\/portal\/wp-content\/uploads\/2014\/03\/Portero1.jpg?resize=400%2C458&amp;ssl=1 400w\" width=\"260\" height=\"298\" loading=\"lazy\" data-original-width=\"260\" data-original-height=\"298\" itemprop=\"http:\/\/schema.org\/image\" title=\"Portero1\" alt=\"GOL TRAS GOL.- El portero del cuadro CCP San Felipe recibi\u00f3 varios goles, las c\u00e1maras de Diario El Trabajo registran uno de los varios goles que este deportista recibi\u00f3.\" style=\"width: 260px; height: 298px;\" \/> <\/a> <div class=\"tiled-gallery-caption\" itemprop=\"caption description\"> GOL TRAS GOL.- El portero del cuadro CCP San Felipe recibi\u00f3 varios goles, las c\u00e1maras de Diario El Trabajo registran uno de los varios goles que este deportista recibi\u00f3. <\/div> <\/div> <\/div> <!-- close group --> <\/div> <!-- close row --> <\/div>\n","protected":false},"excerpt":{"rendered":"<p>Ayer mi\u00e9rcoles y en el marco de las actividades programadas por el Centro de Cumplimiento San Felipe, que van en directo beneficio de la reinserci\u00f3n de la poblaci\u00f3n penal a la sociedad&#8230;<\/p>\n","protected":false},"author":482,"featured_media":44712,"comment_status":"open","ping_status":"closed","sticky":false,"template":"","format":"standard","meta":{"advanced_seo_description":"","jetpack_seo_html_title":"","jetpack_seo_noindex":false,"_jetpack_memberships_contains_paid_content":false,"footnotes":""},"categories":[15],"tags":[],"class_list":["post-44711","post","type-post","status-publish","format-standard","has-post-thumbnail","hentry","category-comunidad"],"jetpack_featured_media_url":"https:\/\/i0.wp.com\/eltrabajo.cl\/portal\/wp-content\/uploads\/2014\/03\/Panoramica1.jpg?fit=529%2C220&ssl=1","jetpack_sharing_enabled":true,"jetpack_likes_enabled":true,"jetpack-related-posts":[],"_links":{"self":[{"href":"https:\/\/eltrabajo.cl\/portal\/wp-json\/wp\/v2\/posts\/44711","targetHints":{"allow":["GET"]}}],"collection":[{"href":"https:\/\/eltrabajo.cl\/portal\/wp-json\/wp\/v2\/posts"}],"about":[{"href":"https:\/\/eltrabajo.cl\/portal\/wp-json\/wp\/v2\/types\/post"}],"author":[{"embeddable":true,"href":"https:\/\/eltrabajo.cl\/portal\/wp-json\/wp\/v2\/users\/482"}],"replies":[{"embeddable":true,"href":"https:\/\/eltrabajo.cl\/portal\/wp-json\/wp\/v2\/comments?post=44711"}],"version-history":[{"count":0,"href":"https:\/\/eltrabajo.cl\/portal\/wp-json\/wp\/v2\/posts\/44711\/revisions"}],"wp:featuredmedia":[{"embeddable":true,"href":"https:\/\/eltrabajo.cl\/portal\/wp-json\/wp\/v2\/media\/44712"}],"wp:attachment":[{"href":"https:\/\/eltrabajo.cl\/portal\/wp-json\/wp\/v2\/media?parent=44711"}],"wp:term":[{"taxonomy":"category","embeddable":true,"href":"https:\/\/eltrabajo.cl\/portal\/wp-json\/wp\/v2\/categories?post=44711"},{"taxonomy":"post_tag","embeddable":true,"href":"https:\/\/eltrabajo.cl\/portal\/wp-json\/wp\/v2\/tags?post=44711"}],"curies":[{"name":"wp","href":"https:\/\/api.w.org\/{rel}","templated":true}]}}