{"id":44717,"date":"2014-03-26T09:28:37","date_gmt":"2014-03-26T12:28:37","guid":{"rendered":"http:\/\/www.eltrabajo.cl\/portal\/?p=44717"},"modified":"2014-03-26T09:28:37","modified_gmt":"2014-03-26T12:28:37","slug":"cateminos-inauguran-ano-escolar-en-el-liceo-polivalente-chagres","status":"publish","type":"post","link":"https:\/\/eltrabajo.cl\/portal\/cateminos-inauguran-ano-escolar-en-el-liceo-polivalente-chagres\/","title":{"rendered":"Cateminos inauguran A\u00f1o escolar en el Liceo Polivalente Chagres"},"content":{"rendered":"<figure id=\"attachment_44718\" aria-describedby=\"caption-attachment-44718\" style=\"width: 528px\" class=\"wp-caption alignnone\"><a href=\"https:\/\/i0.wp.com\/www.eltrabajo.cl\/portal\/wp-content\/uploads\/2014\/03\/EscolarCatemu.jpg\"><img data-recalc-dims=\"1\" loading=\"lazy\" decoding=\"async\" class=\"size-full wp-image-44718\" alt=\"Durante la ceremonia se destacaron los diversos avances que ha tenido la comuna en materia educativa, como la creaci\u00f3n de carreras t\u00e9cnicas en el Liceo Polivalente Chagres.\" src=\"https:\/\/i0.wp.com\/www.eltrabajo.cl\/portal\/wp-content\/uploads\/2014\/03\/EscolarCatemu.jpg?resize=528%2C280\" width=\"528\" height=\"280\" srcset=\"https:\/\/i0.wp.com\/eltrabajo.cl\/portal\/wp-content\/uploads\/2014\/03\/EscolarCatemu.jpg?w=528&amp;ssl=1 528w, https:\/\/i0.wp.com\/eltrabajo.cl\/portal\/wp-content\/uploads\/2014\/03\/EscolarCatemu.jpg?resize=200%2C106&amp;ssl=1 200w, https:\/\/i0.wp.com\/eltrabajo.cl\/portal\/wp-content\/uploads\/2014\/03\/EscolarCatemu.jpg?resize=300%2C159&amp;ssl=1 300w, https:\/\/i0.wp.com\/eltrabajo.cl\/portal\/wp-content\/uploads\/2014\/03\/EscolarCatemu.jpg?resize=150%2C79&amp;ssl=1 150w, https:\/\/i0.wp.com\/eltrabajo.cl\/portal\/wp-content\/uploads\/2014\/03\/EscolarCatemu.jpg?resize=400%2C212&amp;ssl=1 400w\" sizes=\"auto, (max-width: 528px) 100vw, 528px\" \/><\/a><figcaption id=\"caption-attachment-44718\" class=\"wp-caption-text\">Durante la ceremonia se destacaron los diversos avances que ha tenido la comuna en materia educativa, como la creaci\u00f3n de carreras t\u00e9cnicas en el Liceo Polivalente Chagres.<\/figcaption><\/figure>\n<p><strong>CATEMU<\/strong>.- La ma\u00f1ana del pasado viernes 21 de marzo se inaugur\u00f3 oficialmente el A\u00f1o escolar en Catemu, en presencia del Director Provincial (S) de Educaci\u00f3n Hugo Urrutia; el alcalde de la comuna, Boris Luksic; los concejales Aurora Medina, Claudio N\u00fa\u00f1ez, Carlos Meneses, Pablo Pacheco y Jos\u00e9 Vergara y el Jefe Daem, F\u00e9lix Ar\u00e9valo, entre otros invitados. En dependencias del Liceo Polivalente Chagres se desarroll\u00f3 el acto por el comienzo del a\u00f1o acad\u00e9mico, donde participaron los directores de todos los establecimientos de la comuna-municipalizados y particulares-, con sus respectivos estandartes.<\/p>\n<p>Durante la ceremonia se destacaron los diversos avances que ha tenido la comuna en materia educativa, como la creaci\u00f3n de carreras t\u00e9cnicas en el Liceo Polivalente Chagres, del cual este a\u00f1o egresar\u00e1 la primera generaci\u00f3n para hacer su pr\u00e1ctica y posteriormente obtener sus t\u00edtulos t\u00e9cnicos. Adem\u00e1s el alcalde realiz\u00f3 un reconocimiento especial a la escuelas El \u00d1ilhue y la Santa Margarita, por lograr la Excelencia acad\u00e9mica y ubicarse en importantes lugares a nivel nacional.<\/p>\n<p>\u201cHemos trabajado por la educaci\u00f3n de la comuna, teniendo excelentes resultados gracias al trabajo del Departamento de Educaci\u00f3n, los directores, docentes y las comunidades escolares de toda la comuna. Seguiremos avanzando en esta materia por el futuro de los ni\u00f1os y ni\u00f1as de la comuna\u201d, se\u00f1al\u00f3 el Alcalde Luksic.<\/p>\n<p>Para finalizar, el Cura P\u00e1rroco de Catemu, Manuel Fajardo, realiz\u00f3 la tradicional bendici\u00f3n a los estandartes de todos los establecimientos de la comuna. Donde participaron alumnos representando a sus establecimientos y compa\u00f1eros. Una vez concluido el acto, todos los presentes compartieron de un c\u00f3ctel en el sal\u00f3n del establecimiento.<\/p>\n<p>&nbsp;<\/p>\n","protected":false},"excerpt":{"rendered":"<p>CATEMU.- La ma\u00f1ana del pasado viernes 21 de marzo se inaugur\u00f3 oficialmente el A\u00f1o escolar en Catemu, en presencia del Director Provincial (S) de Educaci\u00f3n Hugo Urrutia; el alcalde de la comuna,&#8230;<\/p>\n","protected":false},"author":482,"featured_media":44718,"comment_status":"open","ping_status":"closed","sticky":false,"template":"","format":"standard","meta":{"advanced_seo_description":"","jetpack_seo_html_title":"","jetpack_seo_noindex":false,"_jetpack_memberships_contains_paid_content":false,"footnotes":""},"categories":[1],"tags":[],"class_list":["post-44717","post","type-post","status-publish","format-standard","has-post-thumbnail","hentry","category-cronica"],"jetpack_featured_media_url":"https:\/\/i0.wp.com\/eltrabajo.cl\/portal\/wp-content\/uploads\/2014\/03\/EscolarCatemu.jpg?fit=528%2C280&ssl=1","jetpack_sharing_enabled":true,"jetpack_likes_enabled":true,"jetpack-related-posts":[],"_links":{"self":[{"href":"https:\/\/eltrabajo.cl\/portal\/wp-json\/wp\/v2\/posts\/44717","targetHints":{"allow":["GET"]}}],"collection":[{"href":"https:\/\/eltrabajo.cl\/portal\/wp-json\/wp\/v2\/posts"}],"about":[{"href":"https:\/\/eltrabajo.cl\/portal\/wp-json\/wp\/v2\/types\/post"}],"author":[{"embeddable":true,"href":"https:\/\/eltrabajo.cl\/portal\/wp-json\/wp\/v2\/users\/482"}],"replies":[{"embeddable":true,"href":"https:\/\/eltrabajo.cl\/portal\/wp-json\/wp\/v2\/comments?post=44717"}],"version-history":[{"count":0,"href":"https:\/\/eltrabajo.cl\/portal\/wp-json\/wp\/v2\/posts\/44717\/revisions"}],"wp:featuredmedia":[{"embeddable":true,"href":"https:\/\/eltrabajo.cl\/portal\/wp-json\/wp\/v2\/media\/44718"}],"wp:attachment":[{"href":"https:\/\/eltrabajo.cl\/portal\/wp-json\/wp\/v2\/media?parent=44717"}],"wp:term":[{"taxonomy":"category","embeddable":true,"href":"https:\/\/eltrabajo.cl\/portal\/wp-json\/wp\/v2\/categories?post=44717"},{"taxonomy":"post_tag","embeddable":true,"href":"https:\/\/eltrabajo.cl\/portal\/wp-json\/wp\/v2\/tags?post=44717"}],"curies":[{"name":"wp","href":"https:\/\/api.w.org\/{rel}","templated":true}]}}