{"id":44720,"date":"2014-03-26T09:35:52","date_gmt":"2014-03-26T12:35:52","guid":{"rendered":"http:\/\/www.eltrabajo.cl\/portal\/?p=44720"},"modified":"2014-03-26T09:35:52","modified_gmt":"2014-03-26T12:35:52","slug":"postales-de-mi-pueblo-actual-tendran-lugar-con-interesante-exposicion-fotografica","status":"publish","type":"post","link":"https:\/\/eltrabajo.cl\/portal\/postales-de-mi-pueblo-actual-tendran-lugar-con-interesante-exposicion-fotografica\/","title":{"rendered":"Postales de Mi Pueblo Actual tendr\u00e1n lugar con interesante exposici\u00f3n fotogr\u00e1fica"},"content":{"rendered":"<figure id=\"attachment_44721\" aria-describedby=\"caption-attachment-44721\" style=\"width: 317px\" class=\"wp-caption alignleft\"><a href=\"https:\/\/i0.wp.com\/www.eltrabajo.cl\/portal\/wp-content\/uploads\/2014\/03\/Oliver-Gallardo.jpg\"><img data-recalc-dims=\"1\" loading=\"lazy\" decoding=\"async\" class=\" wp-image-44721 \" alt=\"Fot\u00f3grafo local, Oliver Gallardo Belmar.\" src=\"https:\/\/i0.wp.com\/www.eltrabajo.cl\/portal\/wp-content\/uploads\/2014\/03\/Oliver-Gallardo.jpg?resize=317%2C215\" width=\"317\" height=\"215\" srcset=\"https:\/\/i0.wp.com\/eltrabajo.cl\/portal\/wp-content\/uploads\/2014\/03\/Oliver-Gallardo.jpg?w=529&amp;ssl=1 529w, https:\/\/i0.wp.com\/eltrabajo.cl\/portal\/wp-content\/uploads\/2014\/03\/Oliver-Gallardo.jpg?resize=200%2C135&amp;ssl=1 200w, https:\/\/i0.wp.com\/eltrabajo.cl\/portal\/wp-content\/uploads\/2014\/03\/Oliver-Gallardo.jpg?resize=300%2C203&amp;ssl=1 300w, https:\/\/i0.wp.com\/eltrabajo.cl\/portal\/wp-content\/uploads\/2014\/03\/Oliver-Gallardo.jpg?resize=150%2C101&amp;ssl=1 150w, https:\/\/i0.wp.com\/eltrabajo.cl\/portal\/wp-content\/uploads\/2014\/03\/Oliver-Gallardo.jpg?resize=400%2C270&amp;ssl=1 400w\" sizes=\"auto, (max-width: 317px) 100vw, 317px\" \/><\/a><figcaption id=\"caption-attachment-44721\" class=\"wp-caption-text\">Fot\u00f3grafo local, Oliver Gallardo Belmar.<\/figcaption><\/figure>\n<p><strong>PUTAENDO.<\/strong>&#8211; El destacado y joven fot\u00f3grafo local, Oliver Gallardo Belmar, mostrar\u00e1 su interesante trabajo con hermosas postales de Putaendo en la pr\u00f3xima exposici\u00f3n denominada \u201cEl Maravilloso entorno en el que me toc\u00f3 vivir\u201d, que se realizar\u00e1 desde el jueves 27 al s\u00e1bado 29 de marzo.<\/p>\n<p>Public\u00f3 su primera fotograf\u00eda el 5 de febrero del a\u00f1o 2013 y hasta la fecha han sido innumerables las locaciones, eventos, rostros y escenas que el lente fotogr\u00e1fico de Mi Pueblo Actual le ha mostrado a la comuna de Putaendo, a la regi\u00f3n, al pa\u00eds y al mundo a trav\u00e9s de red social Facebook en la cuenta \u201cMi Pueblo Actual\u201d que ya llega a tener m\u00e1s de 2.500 amigos.<\/p>\n<p>Este consolidado fot\u00f3grafo putaendino se encuentra preparando la primera exposici\u00f3n de fotograf\u00edas de Mi Pueblo Actual y nos cuenta que el camino ha sido arduo y que hay mucho esfuerzo detr\u00e1s de lo que ser\u00e1 esta exposici\u00f3n, pero que afortunadamente ha contado con el incondicional apoyo de familiares y amigos que han estado junto con el preparando lo que ser\u00e1 la primera exposici\u00f3n fotogr\u00e1fica de Mi Pueblo Actual.<\/p>\n<p>Oliver Gallardo nos indic\u00f3 que incluso han trabajado hasta altas horas de la madrugada junto a Sebasti\u00e1n Gallardo Fabres y los muchachos del connotado grupo local De Ron a Ritmo en la musicalizaci\u00f3n de los DVD que estar\u00e1n disponibles desde el d\u00eda de la exposici\u00f3n. La actividad tendr\u00e1 lugar en la plaza de armas de Putaendo desde el jueves 27 de marzo hasta el s\u00e1bado 29 donde al mediod\u00eda se contempla un genial concierto con bandas locales como los consagrados De Ron a Ritmo, grupos miscel\u00e1neos y los emergentes Perrock.<\/p>\n<p>Para Oliver Gallardo la fotograf\u00eda es una pasi\u00f3n, m\u00e1s a\u00fan cuando se trata de retratar cada rinc\u00f3n de la comuna de Putaendo y sus personajes y esta tarea la ha realizado a diferentes horas del d\u00eda, incluso en la madrugada, para retratar los hermosos amaneceres que ofrece Putaendo y en invierno para mostrar lo que califica como una exquisita niebla que inunda las calles de esta comuna patrimonial.<\/p>\n<p>El evento cuenta con el patrocinio de la Municipalidad de Putaendo y de Putaendo Informa, a quienes el joven artista agradeci\u00f3 por haber brindado el apoyo desde el comienzo.<\/p>\n<p>Tambi\u00e9n como una forma de innovar, ha creado su propia p\u00e1gina web www.olivergallardo.wix.com\/oliver donde adem\u00e1s de las redes sociales Usted podr\u00e1 disfrutar del trabajo de este joven fot\u00f3grafo. \u00a1Ya lo sabe! Desde este jueves 27 hasta el s\u00e1bado 29 de marzo al mediod\u00eda est\u00e1 cordialmente invitado a apoyar el talento joven reflejado en las hermosas fotograf\u00edas de Mi Pueblo Actual.<\/p>\n<p>Patricio Gallardo M.<\/p>\n<p>&nbsp;<\/p>\n","protected":false},"excerpt":{"rendered":"<p>PUTAENDO.&#8211; El destacado y joven fot\u00f3grafo local, Oliver Gallardo Belmar, mostrar\u00e1 su interesante trabajo con hermosas postales de Putaendo en la pr\u00f3xima exposici\u00f3n denominada \u201cEl Maravilloso entorno en el que me toc\u00f3&#8230;<\/p>\n","protected":false},"author":482,"featured_media":44721,"comment_status":"open","ping_status":"closed","sticky":false,"template":"","format":"standard","meta":{"advanced_seo_description":"","jetpack_seo_html_title":"","jetpack_seo_noindex":false,"_jetpack_memberships_contains_paid_content":false,"footnotes":""},"categories":[1],"tags":[],"class_list":["post-44720","post","type-post","status-publish","format-standard","has-post-thumbnail","hentry","category-cronica"],"jetpack_featured_media_url":"https:\/\/i0.wp.com\/eltrabajo.cl\/portal\/wp-content\/uploads\/2014\/03\/Oliver-Gallardo.jpg?fit=529%2C358&ssl=1","jetpack_sharing_enabled":true,"jetpack_likes_enabled":true,"jetpack-related-posts":[],"_links":{"self":[{"href":"https:\/\/eltrabajo.cl\/portal\/wp-json\/wp\/v2\/posts\/44720","targetHints":{"allow":["GET"]}}],"collection":[{"href":"https:\/\/eltrabajo.cl\/portal\/wp-json\/wp\/v2\/posts"}],"about":[{"href":"https:\/\/eltrabajo.cl\/portal\/wp-json\/wp\/v2\/types\/post"}],"author":[{"embeddable":true,"href":"https:\/\/eltrabajo.cl\/portal\/wp-json\/wp\/v2\/users\/482"}],"replies":[{"embeddable":true,"href":"https:\/\/eltrabajo.cl\/portal\/wp-json\/wp\/v2\/comments?post=44720"}],"version-history":[{"count":0,"href":"https:\/\/eltrabajo.cl\/portal\/wp-json\/wp\/v2\/posts\/44720\/revisions"}],"wp:featuredmedia":[{"embeddable":true,"href":"https:\/\/eltrabajo.cl\/portal\/wp-json\/wp\/v2\/media\/44721"}],"wp:attachment":[{"href":"https:\/\/eltrabajo.cl\/portal\/wp-json\/wp\/v2\/media?parent=44720"}],"wp:term":[{"taxonomy":"category","embeddable":true,"href":"https:\/\/eltrabajo.cl\/portal\/wp-json\/wp\/v2\/categories?post=44720"},{"taxonomy":"post_tag","embeddable":true,"href":"https:\/\/eltrabajo.cl\/portal\/wp-json\/wp\/v2\/tags?post=44720"}],"curies":[{"name":"wp","href":"https:\/\/api.w.org\/{rel}","templated":true}]}}