{"id":44723,"date":"2014-03-26T09:36:54","date_gmt":"2014-03-26T12:36:54","guid":{"rendered":"http:\/\/www.eltrabajo.cl\/portal\/?p=44723"},"modified":"2014-03-26T09:36:54","modified_gmt":"2014-03-26T12:36:54","slug":"empresa-inverpro-se-refiere-a-acusaciones-de-contaminacion","status":"publish","type":"post","link":"https:\/\/eltrabajo.cl\/portal\/empresa-inverpro-se-refiere-a-acusaciones-de-contaminacion\/","title":{"rendered":"Empresa InverPro se refiere a acusaciones de contaminaci\u00f3n"},"content":{"rendered":"<figure id=\"attachment_44724\" aria-describedby=\"caption-attachment-44724\" style=\"width: 528px\" class=\"wp-caption alignnone\"><a href=\"https:\/\/i0.wp.com\/www.eltrabajo.cl\/portal\/wp-content\/uploads\/2014\/03\/INVER-PRO-2.jpg\"><img data-recalc-dims=\"1\" loading=\"lazy\" decoding=\"async\" class=\"size-full wp-image-44724\" alt=\"Representantes de la empresa InverPro Ltda., ubicada en Las Coimas y que fue denunciada la semana pasada por una vecina del sector, se refirieron a los hechos denunciados.\" src=\"https:\/\/i0.wp.com\/www.eltrabajo.cl\/portal\/wp-content\/uploads\/2014\/03\/INVER-PRO-2.jpg?resize=528%2C321\" width=\"528\" height=\"321\" srcset=\"https:\/\/i0.wp.com\/eltrabajo.cl\/portal\/wp-content\/uploads\/2014\/03\/INVER-PRO-2.jpg?w=528&amp;ssl=1 528w, https:\/\/i0.wp.com\/eltrabajo.cl\/portal\/wp-content\/uploads\/2014\/03\/INVER-PRO-2.jpg?resize=200%2C121&amp;ssl=1 200w, https:\/\/i0.wp.com\/eltrabajo.cl\/portal\/wp-content\/uploads\/2014\/03\/INVER-PRO-2.jpg?resize=300%2C182&amp;ssl=1 300w, https:\/\/i0.wp.com\/eltrabajo.cl\/portal\/wp-content\/uploads\/2014\/03\/INVER-PRO-2.jpg?resize=150%2C91&amp;ssl=1 150w, https:\/\/i0.wp.com\/eltrabajo.cl\/portal\/wp-content\/uploads\/2014\/03\/INVER-PRO-2.jpg?resize=400%2C243&amp;ssl=1 400w\" sizes=\"auto, (max-width: 528px) 100vw, 528px\" \/><\/a><figcaption id=\"caption-attachment-44724\" class=\"wp-caption-text\">Representantes de la empresa InverPro Ltda., ubicada en Las Coimas y que fue denunciada la semana pasada por una vecina del sector, se refirieron a los hechos denunciados.<\/figcaption><\/figure>\n<p><strong>PUTAENDO<\/strong>.- Representantes de la empresa InverPro Ltda., ubicada en Las Coimas y que fue denunciada la semana pasada por una vecina del sector, se refirieron a los hechos denunciados. Recordemos que en parte de la denuncia la se\u00f1ora Nancy Ibaceta se\u00f1al\u00f3 que la empresa est\u00e1 adosada a su casa en m\u00e1s de los l\u00edmites permitidos, adem\u00e1s de otras denuncias como malos olores y ruidos molestos y que la empresa no cumple con autorizaciones de la Seremi de Salud para el funcionamiento de algunas dependencias.<\/p>\n<p>Mauricio Salvo Silva, en representaci\u00f3n de la empresa, se\u00f1al\u00f3 que se sienten extra\u00f1ados por las declaraciones de la vecina, pues como pol\u00edtica de la empresa siempre ha mantenido una muy buena relaci\u00f3n con el entorno y con la comunidad de Las Coimas y que siempre han estado dispuestos a escuchar inquietudes, sugerencias y tambi\u00e9n los reclamos cuando esos se hacen con respeto y con la intenci\u00f3n de mejorar cualquier hecho, adem\u00e1s indic\u00f3 que hoy han respondido a la Municipalidad de Putaendo en lo relacionado a las estructuras adosadas a la vivienda de la se\u00f1ora Nancy y que acatar\u00e1n cualquier indicaci\u00f3n para solucionar ese inconveniente.<\/p>\n<p>El empresario se\u00f1al\u00f3 que cuentan con todas las autorizaciones de la Seremi de Salud para el funcionamiento de todas sus dependencias y con documentos en mano indic\u00f3 que el 13 de febrero de este a\u00f1o esa repartici\u00f3n autoriz\u00f3 el funcionamiento de una envasadora y el 21 del mismo mes tambi\u00e9n autorizaron un local de distribuci\u00f3n de alimentos ubicado al interior de la empresa y que como norma InverPro debe cumplir con todos los altos est\u00e1ndares de certificaci\u00f3n, pues esta empresa con 28 a\u00f1os de experiencia dedicada a la agricultura y agroindustria en frutas frescas y secas, est\u00e1 asociada desde el a\u00f1o 2010 a ProChile y hoy sus productos son vendidos en pa\u00edses como Estados Unidos, M\u00e9xico, Inglaterra, Holanda, Rusia y China entre otros.<\/p>\n<p>Mauricio Salvo dijo que todas las instalaciones, equipos y la tecnolog\u00eda en la que han invertido, incluidas las c\u00e1maras refrigeradoras, cuentan con las autorizaciones reglamentarias y que su empresa da trabajo a m\u00e1s de 190 personas, muchas de las cuales viven en Las Coimas y en Putaendo, adem\u00e1s se\u00f1al\u00f3 que mantienen una pol\u00edtica social con la comunidad apoyando y aportando a jardines infantiles, juntas de vecinos y a la comunidad cada vez que es requerida, por lo que hoy esta denuncia, m\u00e1s all\u00e1 de perjudicarle, es una situaci\u00f3n que calific\u00f3 como injusta.<\/p>\n<p>El representante de InverPro asegur\u00f3 que tienen la mejor disposici\u00f3n para conversar con la se\u00f1ora Nancy Ibaceta y con cualquier otro vecino que de alguna forma se sienta afectado por las labores de la empresa y tambi\u00e9n se\u00f1al\u00f3 que las puertas de la empresa est\u00e1n abiertas a cualquier autoridad que desee fiscalizar en terreno como se trabaja cumpliendo no tan solo las normas vigentes, sino que respetando las leyes laborales de los trabajadores que ah\u00ed se desempe\u00f1an.<\/p>\n<p>Patricio Gallardo M.<\/p>\n<p>&nbsp;<\/p>\n","protected":false},"excerpt":{"rendered":"<p>PUTAENDO.- Representantes de la empresa InverPro Ltda., ubicada en Las Coimas y que fue denunciada la semana pasada por una vecina del sector, se refirieron a los hechos denunciados. Recordemos que en&#8230;<\/p>\n","protected":false},"author":482,"featured_media":44724,"comment_status":"open","ping_status":"closed","sticky":false,"template":"","format":"standard","meta":{"advanced_seo_description":"","jetpack_seo_html_title":"","jetpack_seo_noindex":false,"_jetpack_memberships_contains_paid_content":false,"footnotes":""},"categories":[1],"tags":[],"class_list":["post-44723","post","type-post","status-publish","format-standard","has-post-thumbnail","hentry","category-cronica"],"jetpack_featured_media_url":"https:\/\/i0.wp.com\/eltrabajo.cl\/portal\/wp-content\/uploads\/2014\/03\/INVER-PRO-2.jpg?fit=528%2C321&ssl=1","jetpack_sharing_enabled":true,"jetpack_likes_enabled":true,"jetpack-related-posts":[],"_links":{"self":[{"href":"https:\/\/eltrabajo.cl\/portal\/wp-json\/wp\/v2\/posts\/44723","targetHints":{"allow":["GET"]}}],"collection":[{"href":"https:\/\/eltrabajo.cl\/portal\/wp-json\/wp\/v2\/posts"}],"about":[{"href":"https:\/\/eltrabajo.cl\/portal\/wp-json\/wp\/v2\/types\/post"}],"author":[{"embeddable":true,"href":"https:\/\/eltrabajo.cl\/portal\/wp-json\/wp\/v2\/users\/482"}],"replies":[{"embeddable":true,"href":"https:\/\/eltrabajo.cl\/portal\/wp-json\/wp\/v2\/comments?post=44723"}],"version-history":[{"count":0,"href":"https:\/\/eltrabajo.cl\/portal\/wp-json\/wp\/v2\/posts\/44723\/revisions"}],"wp:featuredmedia":[{"embeddable":true,"href":"https:\/\/eltrabajo.cl\/portal\/wp-json\/wp\/v2\/media\/44724"}],"wp:attachment":[{"href":"https:\/\/eltrabajo.cl\/portal\/wp-json\/wp\/v2\/media?parent=44723"}],"wp:term":[{"taxonomy":"category","embeddable":true,"href":"https:\/\/eltrabajo.cl\/portal\/wp-json\/wp\/v2\/categories?post=44723"},{"taxonomy":"post_tag","embeddable":true,"href":"https:\/\/eltrabajo.cl\/portal\/wp-json\/wp\/v2\/tags?post=44723"}],"curies":[{"name":"wp","href":"https:\/\/api.w.org\/{rel}","templated":true}]}}