{"id":44729,"date":"2014-03-26T09:39:28","date_gmt":"2014-03-26T12:39:28","guid":{"rendered":"http:\/\/www.eltrabajo.cl\/portal\/?p=44729"},"modified":"2014-03-26T09:39:28","modified_gmt":"2014-03-26T12:39:28","slug":"en-villa-250-anos-sesiono-este-martes-el-concejo-municipal-de-san-felipe","status":"publish","type":"post","link":"https:\/\/eltrabajo.cl\/portal\/en-villa-250-anos-sesiono-este-martes-el-concejo-municipal-de-san-felipe\/","title":{"rendered":"En Villa 250 A\u00f1os sesion\u00f3 este martes el Concejo Municipal de San Felipe"},"content":{"rendered":"<figure id=\"attachment_44730\" aria-describedby=\"caption-attachment-44730\" style=\"width: 529px\" class=\"wp-caption alignnone\"><a href=\"https:\/\/i0.wp.com\/www.eltrabajo.cl\/portal\/wp-content\/uploads\/2014\/03\/Concejo1-porta.jpg\"><img data-recalc-dims=\"1\" loading=\"lazy\" decoding=\"async\" class=\"size-full wp-image-44730\" alt=\"EN TERRENO.- En terreno y en Villa 250 A\u00f1os se realiz\u00f3 la sesi\u00f3n de Concejo Municipal de este martes 25 de marzo, iniciativa que tuvo una importante participaci\u00f3n de los vecinos del sector.\" src=\"https:\/\/i0.wp.com\/www.eltrabajo.cl\/portal\/wp-content\/uploads\/2014\/03\/Concejo1-porta.jpg?resize=529%2C351\" width=\"529\" height=\"351\" srcset=\"https:\/\/i0.wp.com\/eltrabajo.cl\/portal\/wp-content\/uploads\/2014\/03\/Concejo1-porta.jpg?w=529&amp;ssl=1 529w, https:\/\/i0.wp.com\/eltrabajo.cl\/portal\/wp-content\/uploads\/2014\/03\/Concejo1-porta.jpg?resize=200%2C132&amp;ssl=1 200w, https:\/\/i0.wp.com\/eltrabajo.cl\/portal\/wp-content\/uploads\/2014\/03\/Concejo1-porta.jpg?resize=300%2C199&amp;ssl=1 300w, https:\/\/i0.wp.com\/eltrabajo.cl\/portal\/wp-content\/uploads\/2014\/03\/Concejo1-porta.jpg?resize=150%2C99&amp;ssl=1 150w, https:\/\/i0.wp.com\/eltrabajo.cl\/portal\/wp-content\/uploads\/2014\/03\/Concejo1-porta.jpg?resize=400%2C265&amp;ssl=1 400w\" sizes=\"auto, (max-width: 529px) 100vw, 529px\" \/><\/a><figcaption id=\"caption-attachment-44730\" class=\"wp-caption-text\">EN TERRENO.- En terreno y en Villa 250 A\u00f1os se realiz\u00f3 la sesi\u00f3n de Concejo Municipal de este martes 25 de marzo, iniciativa que tuvo una importante participaci\u00f3n de los vecinos del sector.<\/figcaption><\/figure>\n<p>En terreno y en Villa 250 A\u00f1os se realiz\u00f3 la sesi\u00f3n de Concejo Municipal de este martes 25 de marzo, iniciativa que tuvo una importante participaci\u00f3n de los vecinos del sector. En la oportunidad los vecinos pudieron plantear algunos de los problemas y las necesidades de las familias que viven en el sector, las que fueron escuchadas por los concejales y por el equipo social de la Direcci\u00f3n de Desarrollo Comunitario, que se encontraban presentes en el lugar.<\/p>\n<p>\u00abHoy vino un equipo bastante importante de la Dideco, con profesionales que desarrollar\u00e1n distintos talleres en este sector, que signifique tener a los ni\u00f1os ocupados practicando deportes. Estamos contentos de estar haciendo este Municipio en terreno\u00bb, dijo el Alcalde Patricio Freire.<\/p>\n<p>El trabajo en terreno continuar\u00e1 el pr\u00f3ximo lunes 31 de marzo, cuando los distintos departamentos de la municipalidad se trasladen hasta este sector de la comuna y habiliten el \u2018Municipio a tu servicio\u2019, una iniciativa que busca acercar a la corporaci\u00f3n edilicia a los vecinos y ellos tengan la posibilidad de realizar tr\u00e1mites y consultas a los profesionales.<\/p>\n<p>\u00abVamos a seguir presentes en este sector con el \u00e1rea de salud, social, ese d\u00eda vienen abogados, psic\u00f3logos, pod\u00f3logos y en general una importante cantidad de profesionales que estar\u00e1n al lado de los vecinos viendo sus problemas e inquietudes\u00bb, sostuvo el jefe comunal.<\/p>\n<p>&nbsp;<\/p>\n","protected":false},"excerpt":{"rendered":"<p>En terreno y en Villa 250 A\u00f1os se realiz\u00f3 la sesi\u00f3n de Concejo Municipal de este martes 25 de marzo, iniciativa que tuvo una importante participaci\u00f3n de los vecinos del sector. En&#8230;<\/p>\n","protected":false},"author":482,"featured_media":44730,"comment_status":"open","ping_status":"closed","sticky":false,"template":"","format":"standard","meta":{"advanced_seo_description":"","jetpack_seo_html_title":"","jetpack_seo_noindex":false,"_jetpack_memberships_contains_paid_content":false,"footnotes":""},"categories":[1],"tags":[],"class_list":["post-44729","post","type-post","status-publish","format-standard","has-post-thumbnail","hentry","category-cronica"],"jetpack_featured_media_url":"https:\/\/i0.wp.com\/eltrabajo.cl\/portal\/wp-content\/uploads\/2014\/03\/Concejo1-porta.jpg?fit=529%2C351&ssl=1","jetpack_sharing_enabled":true,"jetpack_likes_enabled":true,"jetpack-related-posts":[],"_links":{"self":[{"href":"https:\/\/eltrabajo.cl\/portal\/wp-json\/wp\/v2\/posts\/44729","targetHints":{"allow":["GET"]}}],"collection":[{"href":"https:\/\/eltrabajo.cl\/portal\/wp-json\/wp\/v2\/posts"}],"about":[{"href":"https:\/\/eltrabajo.cl\/portal\/wp-json\/wp\/v2\/types\/post"}],"author":[{"embeddable":true,"href":"https:\/\/eltrabajo.cl\/portal\/wp-json\/wp\/v2\/users\/482"}],"replies":[{"embeddable":true,"href":"https:\/\/eltrabajo.cl\/portal\/wp-json\/wp\/v2\/comments?post=44729"}],"version-history":[{"count":0,"href":"https:\/\/eltrabajo.cl\/portal\/wp-json\/wp\/v2\/posts\/44729\/revisions"}],"wp:featuredmedia":[{"embeddable":true,"href":"https:\/\/eltrabajo.cl\/portal\/wp-json\/wp\/v2\/media\/44730"}],"wp:attachment":[{"href":"https:\/\/eltrabajo.cl\/portal\/wp-json\/wp\/v2\/media?parent=44729"}],"wp:term":[{"taxonomy":"category","embeddable":true,"href":"https:\/\/eltrabajo.cl\/portal\/wp-json\/wp\/v2\/categories?post=44729"},{"taxonomy":"post_tag","embeddable":true,"href":"https:\/\/eltrabajo.cl\/portal\/wp-json\/wp\/v2\/tags?post=44729"}],"curies":[{"name":"wp","href":"https:\/\/api.w.org\/{rel}","templated":true}]}}