{"id":44732,"date":"2014-03-26T09:44:44","date_gmt":"2014-03-26T12:44:44","guid":{"rendered":"http:\/\/www.eltrabajo.cl\/portal\/?p=44732"},"modified":"2014-03-26T09:44:44","modified_gmt":"2014-03-26T12:44:44","slug":"inicia-plan-de-vacunacion-2014-contra-la-influenza-en-san-felipe","status":"publish","type":"post","link":"https:\/\/eltrabajo.cl\/portal\/inicia-plan-de-vacunacion-2014-contra-la-influenza-en-san-felipe\/","title":{"rendered":"Inicia Plan de vacunaci\u00f3n 2014 contra la Influenza en San Felipe"},"content":{"rendered":"<figure id=\"attachment_44733\" aria-describedby=\"caption-attachment-44733\" style=\"width: 528px\" class=\"wp-caption alignnone\"><a href=\"https:\/\/i0.wp.com\/www.eltrabajo.cl\/portal\/wp-content\/uploads\/2014\/03\/vacunacion1.jpg\"><img data-recalc-dims=\"1\" loading=\"lazy\" decoding=\"async\" class=\"size-full wp-image-44733\" alt=\"Los usuarios del Cesfam San Felipe El Real aceptaron gustosos vacunarse para estar protegidos esta temporada.\" src=\"https:\/\/i0.wp.com\/www.eltrabajo.cl\/portal\/wp-content\/uploads\/2014\/03\/vacunacion1.jpg?resize=528%2C323\" width=\"528\" height=\"323\" srcset=\"https:\/\/i0.wp.com\/eltrabajo.cl\/portal\/wp-content\/uploads\/2014\/03\/vacunacion1.jpg?w=528&amp;ssl=1 528w, https:\/\/i0.wp.com\/eltrabajo.cl\/portal\/wp-content\/uploads\/2014\/03\/vacunacion1.jpg?resize=200%2C122&amp;ssl=1 200w, https:\/\/i0.wp.com\/eltrabajo.cl\/portal\/wp-content\/uploads\/2014\/03\/vacunacion1.jpg?resize=300%2C183&amp;ssl=1 300w, https:\/\/i0.wp.com\/eltrabajo.cl\/portal\/wp-content\/uploads\/2014\/03\/vacunacion1.jpg?resize=150%2C91&amp;ssl=1 150w, https:\/\/i0.wp.com\/eltrabajo.cl\/portal\/wp-content\/uploads\/2014\/03\/vacunacion1.jpg?resize=400%2C244&amp;ssl=1 400w\" sizes=\"auto, (max-width: 528px) 100vw, 528px\" \/><\/a><figcaption id=\"caption-attachment-44733\" class=\"wp-caption-text\">Los usuarios del Cesfam San Felipe El Real aceptaron gustosos vacunarse para estar protegidos esta temporada.<\/figcaption><\/figure>\n<p>La Seremi de Salud de la Regi\u00f3n de Valpara\u00edso, Graciela Astudillo; el Gobernador de la Provincia de San Felipe, Eduardo Le\u00f3n y el Director del Servicio de Salud Aconcagua, Alejandro C\u00e1rdenas, lanzaron este martes la Campa\u00f1a de Vacunaci\u00f3n contra la Influenza 2014. El lugar elegido para la actividad fue el Cesfam San Felipe El Real, donde la autoridad de Salud reparti\u00f3 d\u00edpticos y orient\u00f3 a los usuarios del centro asistencial para que se vacunen.<\/p>\n<p>La Seremi de Salud, Graciela Astudillo, hizo un llamado a los grupos de riesgo para que se acerquen a sus consultorios m\u00e1s cercanos para hacer uso de este beneficio. \u201cLa vacuna es inocua y es gratuita, por lo que tenemos que llegar a m\u00e1s del 90% de estos grupos de riesgo. Tenemos 42.000 vacunas para la zona de Aconcagua, y 375.000 dosis destinadas a nuestra regi\u00f3n para la protecci\u00f3n y evitar las complicaciones de la influenza, para que este invierno sea mucho m\u00e1s amigable\u201d.<\/p>\n<p>En la actividad, la Seremi de Salud subray\u00f3 la seguridad que otorga al pa\u00eds el Programa de Inmunizaci\u00f3n. \u201cNinguna vacuna que se coloca en el Programa de Inmunizaci\u00f3n tiene riesgos para la salud\u201d, afirm\u00f3, agregando que \u201cson todas altamente seguras, con las que se previenen las complicaciones m\u00e1s severas de las enfermedades respiratorias\u201d.<\/p>\n<p>El recientemente nombrado Director del Servicio de Salud Aconcagua, Alejandro C\u00e1rdenas, se\u00f1al\u00f3 que \u201cest\u00e1n disponibles todos los consultorios para la vacunaci\u00f3n de la ciudadan\u00eda\u201d, y destac\u00f3 la necesidad de que la gente acuda a vacunarse. \u201cLa vacuna no tiene Timerosal\u201d, asegur\u00f3 C\u00e1rdenas para dar tranquilidad a las personas que en el \u00faltimo tiempo se alarmaron con las denuncias de presencia de Mercurio en las inoculaciones. Para la Campa\u00f1a de Vacunaci\u00f3n 2014 el Ministerio de Salud adquiri\u00f3 cerca de cuatro millones de dosis, con las que se espera cubrir los grupos de riesgo en los pr\u00f3ximos 60 d\u00edas.<\/p>\n<p>Las personas que pueden acceder gratuitamente a la vacuna pertenecen a estos cuatro grupos-objetivo:<\/p>\n<p>\u2022 Ni\u00f1os de 6 meses a 2 a\u00f1os.<\/p>\n<p>\u2022 Adultos mayores de 65 a\u00f1os.<\/p>\n<p>\u2022 Enfermos cr\u00f3nicos de 2 a 64 a\u00f1os.<\/p>\n<p>\u2022 Embarazadas a partir de la 13\u00aa semana de gestaci\u00f3n.<\/p>\n<p>\u2022 Adem\u00e1s se vacunar\u00e1 a todos los funcionarios de la salud, indistintamente de su edad.<\/p>\n<p>La vacuna de esta temporada es la que recomend\u00f3 la Organizaci\u00f3n Mundial de la Salud para el hemisferio sur, que asegura a la poblaci\u00f3n su calidad y eficiencia.<\/p>\n<div class=\"tiled-gallery type-rectangular tiled-gallery-unresized\" data-original-width=\"640\" data-carousel-extra='null' itemscope itemtype=\"http:\/\/schema.org\/ImageGallery\" > <div class=\"gallery-row\" style=\"width: 640px; height: 226px;\" data-original-width=\"640\" data-original-height=\"226\" > <div class=\"gallery-group images-1\" style=\"width: 307px; height: 226px;\" data-original-width=\"307\" data-original-height=\"226\" > <div class=\"tiled-gallery-item tiled-gallery-item-large\" itemprop=\"associatedMedia\" itemscope itemtype=\"http:\/\/schema.org\/ImageObject\"> <a href=\"https:\/\/eltrabajo.cl\/portal\/inicia-plan-de-vacunacion-2014-contra-la-influenza-en-san-felipe\/autoridades-vacunacion-contra-la-influenza\/\" border=\"0\" itemprop=\"url\"> <meta itemprop=\"width\" content=\"303\"> <meta itemprop=\"height\" content=\"222\"> <img decoding=\"async\" class=\"\" data-attachment-id=\"44734\" data-orig-file=\"https:\/\/eltrabajo.cl\/portal\/wp-content\/uploads\/2014\/03\/autoridades-vacunacion-contra-la-influenza.jpg\" data-orig-size=\"529,388\" data-comments-opened=\"1\" data-image-meta=\"{&quot;aperture&quot;:&quot;5&quot;,&quot;credit&quot;:&quot;Pedro Munoz H&quot;,&quot;camera&quot;:&quot;Canon EOS 7D&quot;,&quot;caption&quot;:&quot;&quot;,&quot;created_timestamp&quot;:&quot;1395745059&quot;,&quot;copyright&quot;:&quot;&quot;,&quot;focal_length&quot;:&quot;18&quot;,&quot;iso&quot;:&quot;400&quot;,&quot;shutter_speed&quot;:&quot;0.016666666666667&quot;,&quot;title&quot;:&quot;&quot;}\" data-image-title=\"autoridades vacunacion contra la influenza\" data-image-description=\"&lt;p&gt;El Gobernador Eduardo Le\u00f3n, la Seremi de Salud Graciela Astudillo, el Diputado Marco Antonio N\u00fa\u00f1ez y el Director del Servicio de Salud Aconcagua, Alejandro C\u00e1rdenas, lanzaron el plan de vacunaci\u00f3n en el Cesfam San Felipe El Real.&lt;\/p&gt; \" data-medium-file=\"https:\/\/i0.wp.com\/eltrabajo.cl\/portal\/wp-content\/uploads\/2014\/03\/autoridades-vacunacion-contra-la-influenza.jpg?fit=300%2C220&#038;ssl=1\" data-large-file=\"https:\/\/i0.wp.com\/eltrabajo.cl\/portal\/wp-content\/uploads\/2014\/03\/autoridades-vacunacion-contra-la-influenza.jpg?fit=529%2C388&#038;ssl=1\" src=\"https:\/\/i0.wp.com\/eltrabajo.cl\/portal\/wp-content\/uploads\/2014\/03\/autoridades-vacunacion-contra-la-influenza.jpg?w=303&#038;h=222&#038;ssl=1\" srcset=\"https:\/\/i0.wp.com\/eltrabajo.cl\/portal\/wp-content\/uploads\/2014\/03\/autoridades-vacunacion-contra-la-influenza.jpg?w=529&amp;ssl=1 529w, https:\/\/i0.wp.com\/eltrabajo.cl\/portal\/wp-content\/uploads\/2014\/03\/autoridades-vacunacion-contra-la-influenza.jpg?resize=200%2C146&amp;ssl=1 200w, https:\/\/i0.wp.com\/eltrabajo.cl\/portal\/wp-content\/uploads\/2014\/03\/autoridades-vacunacion-contra-la-influenza.jpg?resize=300%2C220&amp;ssl=1 300w, https:\/\/i0.wp.com\/eltrabajo.cl\/portal\/wp-content\/uploads\/2014\/03\/autoridades-vacunacion-contra-la-influenza.jpg?resize=150%2C110&amp;ssl=1 150w, https:\/\/i0.wp.com\/eltrabajo.cl\/portal\/wp-content\/uploads\/2014\/03\/autoridades-vacunacion-contra-la-influenza.jpg?resize=400%2C293&amp;ssl=1 400w\" width=\"303\" height=\"222\" loading=\"lazy\" data-original-width=\"303\" data-original-height=\"222\" itemprop=\"http:\/\/schema.org\/image\" title=\"autoridades vacunacion contra la influenza\" alt=\"El Gobernador Eduardo Le\u00f3n, la Seremi de Salud Graciela Astudillo, el Diputado Marco Antonio N\u00fa\u00f1ez y el Director del Servicio de Salud Aconcagua, Alejandro C\u00e1rdenas, lanzaron el plan de vacunaci\u00f3n en el Cesfam San Felipe El Real.\" style=\"width: 303px; height: 222px;\" \/> <\/a> <div class=\"tiled-gallery-caption\" itemprop=\"caption description\"> El Gobernador Eduardo Le\u00f3n, la Seremi de Salud Graciela Astudillo, el Diputado Marco Antonio N\u00fa\u00f1ez y el Director del Servicio de Salud Aconcagua, Alejandro C\u00e1rdenas, lanzaron el plan de vacunaci\u00f3n en el Cesfam San Felipe El Real. <\/div> <\/div> <\/div> <!-- close group --> <div class=\"gallery-group images-1\" style=\"width: 333px; height: 226px;\" data-original-width=\"333\" data-original-height=\"226\" > <div class=\"tiled-gallery-item tiled-gallery-item-large\" itemprop=\"associatedMedia\" itemscope itemtype=\"http:\/\/schema.org\/ImageObject\"> <a href=\"https:\/\/eltrabajo.cl\/portal\/inicia-plan-de-vacunacion-2014-contra-la-influenza-en-san-felipe\/seremi-de-salud\/\" border=\"0\" itemprop=\"url\"> <meta itemprop=\"width\" content=\"329\"> <meta itemprop=\"height\" content=\"222\"> <img decoding=\"async\" class=\"\" data-attachment-id=\"44735\" data-orig-file=\"https:\/\/eltrabajo.cl\/portal\/wp-content\/uploads\/2014\/03\/seremi-de-salud.jpg\" data-orig-size=\"529,358\" data-comments-opened=\"1\" data-image-meta=\"{&quot;aperture&quot;:&quot;4.5&quot;,&quot;credit&quot;:&quot;Pedro Munoz H&quot;,&quot;camera&quot;:&quot;Canon EOS 7D&quot;,&quot;caption&quot;:&quot;&quot;,&quot;created_timestamp&quot;:&quot;1395745257&quot;,&quot;copyright&quot;:&quot;&quot;,&quot;focal_length&quot;:&quot;35&quot;,&quot;iso&quot;:&quot;400&quot;,&quot;shutter_speed&quot;:&quot;0.016666666666667&quot;,&quot;title&quot;:&quot;&quot;}\" data-image-title=\"seremi de salud\" data-image-description=\"&lt;p&gt;La Seremi de Salud de la Regi\u00f3n de Valpara\u00edso, Graciela Astudillo, quien es Kinesi\u00f3loga de profesi\u00f3n, realiz\u00f3 su primera visita con esta investidura a la zona.&lt;\/p&gt; \" data-medium-file=\"https:\/\/i0.wp.com\/eltrabajo.cl\/portal\/wp-content\/uploads\/2014\/03\/seremi-de-salud.jpg?fit=300%2C203&#038;ssl=1\" data-large-file=\"https:\/\/i0.wp.com\/eltrabajo.cl\/portal\/wp-content\/uploads\/2014\/03\/seremi-de-salud.jpg?fit=529%2C358&#038;ssl=1\" src=\"https:\/\/i0.wp.com\/eltrabajo.cl\/portal\/wp-content\/uploads\/2014\/03\/seremi-de-salud.jpg?w=329&#038;h=222&#038;ssl=1\" srcset=\"https:\/\/i0.wp.com\/eltrabajo.cl\/portal\/wp-content\/uploads\/2014\/03\/seremi-de-salud.jpg?w=529&amp;ssl=1 529w, https:\/\/i0.wp.com\/eltrabajo.cl\/portal\/wp-content\/uploads\/2014\/03\/seremi-de-salud.jpg?resize=200%2C135&amp;ssl=1 200w, https:\/\/i0.wp.com\/eltrabajo.cl\/portal\/wp-content\/uploads\/2014\/03\/seremi-de-salud.jpg?resize=300%2C203&amp;ssl=1 300w, https:\/\/i0.wp.com\/eltrabajo.cl\/portal\/wp-content\/uploads\/2014\/03\/seremi-de-salud.jpg?resize=150%2C101&amp;ssl=1 150w, https:\/\/i0.wp.com\/eltrabajo.cl\/portal\/wp-content\/uploads\/2014\/03\/seremi-de-salud.jpg?resize=400%2C270&amp;ssl=1 400w\" width=\"329\" height=\"222\" loading=\"lazy\" data-original-width=\"329\" data-original-height=\"222\" itemprop=\"http:\/\/schema.org\/image\" title=\"seremi de salud\" alt=\"La Seremi de Salud de la Regi\u00f3n de Valpara\u00edso, Graciela Astudillo, quien es Kinesi\u00f3loga de profesi\u00f3n, realiz\u00f3 su primera visita con esta investidura a la zona.\" style=\"width: 329px; height: 222px;\" \/> <\/a> <div class=\"tiled-gallery-caption\" itemprop=\"caption description\"> La Seremi de Salud de la Regi\u00f3n de Valpara\u00edso, Graciela Astudillo, quien es Kinesi\u00f3loga de profesi\u00f3n, realiz\u00f3 su primera visita con esta investidura a la zona. <\/div> <\/div> <\/div> <!-- close group --> <\/div> <!-- close row --> <\/div>\n<p>&nbsp;<\/p>\n","protected":false},"excerpt":{"rendered":"<p>La Seremi de Salud de la Regi\u00f3n de Valpara\u00edso, Graciela Astudillo; el Gobernador de la Provincia de San Felipe, Eduardo Le\u00f3n y el Director del Servicio de Salud Aconcagua, Alejandro C\u00e1rdenas, lanzaron&#8230;<\/p>\n","protected":false},"author":482,"featured_media":44733,"comment_status":"open","ping_status":"closed","sticky":false,"template":"","format":"standard","meta":{"advanced_seo_description":"","jetpack_seo_html_title":"","jetpack_seo_noindex":false,"_jetpack_memberships_contains_paid_content":false,"footnotes":""},"categories":[1],"tags":[],"class_list":["post-44732","post","type-post","status-publish","format-standard","has-post-thumbnail","hentry","category-cronica"],"jetpack_featured_media_url":"https:\/\/i0.wp.com\/eltrabajo.cl\/portal\/wp-content\/uploads\/2014\/03\/vacunacion1.jpg?fit=528%2C323&ssl=1","jetpack_sharing_enabled":true,"jetpack_likes_enabled":true,"jetpack-related-posts":[],"_links":{"self":[{"href":"https:\/\/eltrabajo.cl\/portal\/wp-json\/wp\/v2\/posts\/44732","targetHints":{"allow":["GET"]}}],"collection":[{"href":"https:\/\/eltrabajo.cl\/portal\/wp-json\/wp\/v2\/posts"}],"about":[{"href":"https:\/\/eltrabajo.cl\/portal\/wp-json\/wp\/v2\/types\/post"}],"author":[{"embeddable":true,"href":"https:\/\/eltrabajo.cl\/portal\/wp-json\/wp\/v2\/users\/482"}],"replies":[{"embeddable":true,"href":"https:\/\/eltrabajo.cl\/portal\/wp-json\/wp\/v2\/comments?post=44732"}],"version-history":[{"count":0,"href":"https:\/\/eltrabajo.cl\/portal\/wp-json\/wp\/v2\/posts\/44732\/revisions"}],"wp:featuredmedia":[{"embeddable":true,"href":"https:\/\/eltrabajo.cl\/portal\/wp-json\/wp\/v2\/media\/44733"}],"wp:attachment":[{"href":"https:\/\/eltrabajo.cl\/portal\/wp-json\/wp\/v2\/media?parent=44732"}],"wp:term":[{"taxonomy":"category","embeddable":true,"href":"https:\/\/eltrabajo.cl\/portal\/wp-json\/wp\/v2\/categories?post=44732"},{"taxonomy":"post_tag","embeddable":true,"href":"https:\/\/eltrabajo.cl\/portal\/wp-json\/wp\/v2\/tags?post=44732"}],"curies":[{"name":"wp","href":"https:\/\/api.w.org\/{rel}","templated":true}]}}