{"id":44738,"date":"2014-03-26T09:48:17","date_gmt":"2014-03-26T12:48:17","guid":{"rendered":"http:\/\/www.eltrabajo.cl\/portal\/?p=44738"},"modified":"2014-03-26T09:48:17","modified_gmt":"2014-03-26T12:48:17","slug":"escuela-la-pampilla-con-excelencia-academica-tras-evaluacion-del-sned","status":"publish","type":"post","link":"https:\/\/eltrabajo.cl\/portal\/escuela-la-pampilla-con-excelencia-academica-tras-evaluacion-del-sned\/","title":{"rendered":"Escuela La Pampilla con Excelencia Acad\u00e9mica tras evaluaci\u00f3n del SNED"},"content":{"rendered":"<figure id=\"attachment_44739\" aria-describedby=\"caption-attachment-44739\" style=\"width: 529px\" class=\"wp-caption alignnone\"><a href=\"https:\/\/i0.wp.com\/www.eltrabajo.cl\/portal\/wp-content\/uploads\/2014\/03\/escuela-La-Pampilla.jpg\"><img data-recalc-dims=\"1\" loading=\"lazy\" decoding=\"async\" class=\"size-full wp-image-44739\" alt=\"En la Escuela B\u00e1sica La Pampilla, esta calificaci\u00f3n de establecimiento educacional de Excelencia, es reflejo del trabajo en conjunto realizado por todos en este proceso educativo.\" src=\"https:\/\/i0.wp.com\/www.eltrabajo.cl\/portal\/wp-content\/uploads\/2014\/03\/escuela-La-Pampilla.jpg?resize=529%2C358\" width=\"529\" height=\"358\" srcset=\"https:\/\/i0.wp.com\/eltrabajo.cl\/portal\/wp-content\/uploads\/2014\/03\/escuela-La-Pampilla.jpg?w=529&amp;ssl=1 529w, https:\/\/i0.wp.com\/eltrabajo.cl\/portal\/wp-content\/uploads\/2014\/03\/escuela-La-Pampilla.jpg?resize=200%2C135&amp;ssl=1 200w, https:\/\/i0.wp.com\/eltrabajo.cl\/portal\/wp-content\/uploads\/2014\/03\/escuela-La-Pampilla.jpg?resize=300%2C203&amp;ssl=1 300w, https:\/\/i0.wp.com\/eltrabajo.cl\/portal\/wp-content\/uploads\/2014\/03\/escuela-La-Pampilla.jpg?resize=150%2C101&amp;ssl=1 150w, https:\/\/i0.wp.com\/eltrabajo.cl\/portal\/wp-content\/uploads\/2014\/03\/escuela-La-Pampilla.jpg?resize=400%2C270&amp;ssl=1 400w\" sizes=\"auto, (max-width: 529px) 100vw, 529px\" \/><\/a><figcaption id=\"caption-attachment-44739\" class=\"wp-caption-text\">En la Escuela B\u00e1sica La Pampilla, esta calificaci\u00f3n de establecimiento educacional de Excelencia, es reflejo del trabajo en conjunto realizado por todos en este proceso educativo.<\/figcaption><\/figure>\n<p><strong>CALLE LARGA<\/strong>.- En la comuna, la Escuela Cristo Redentor de San Vicente tambi\u00e9n obtuvo destacados resultados en la evaluaci\u00f3n. Sumamente contentos se encuentran por estos d\u00edas el personal docente, asistentes de la educaci\u00f3n, alumnos y apoderados de la Escuela La Pampilla de Calle Larga, tras haber sido calificada por el Sistema Nacional de Evaluaci\u00f3n del Desempe\u00f1o SNED, como un establecimiento educacional de Excelencia Acad\u00e9mica.<\/p>\n<figure id=\"attachment_44740\" aria-describedby=\"caption-attachment-44740\" style=\"width: 222px\" class=\"wp-caption alignright\"><a href=\"https:\/\/i0.wp.com\/www.eltrabajo.cl\/portal\/wp-content\/uploads\/2014\/03\/Lidia-Mena.jpg\"><img data-recalc-dims=\"1\" loading=\"lazy\" decoding=\"async\" class=\"wp-image-44740 \" alt=\"Lidia Mena, Directora de la Escuela B\u00e1sica La Pampilla.\" src=\"https:\/\/i0.wp.com\/www.eltrabajo.cl\/portal\/wp-content\/uploads\/2014\/03\/Lidia-Mena.jpg?resize=222%2C205\" width=\"222\" height=\"205\" srcset=\"https:\/\/i0.wp.com\/eltrabajo.cl\/portal\/wp-content\/uploads\/2014\/03\/Lidia-Mena.jpg?w=529&amp;ssl=1 529w, https:\/\/i0.wp.com\/eltrabajo.cl\/portal\/wp-content\/uploads\/2014\/03\/Lidia-Mena.jpg?resize=162%2C150&amp;ssl=1 162w, https:\/\/i0.wp.com\/eltrabajo.cl\/portal\/wp-content\/uploads\/2014\/03\/Lidia-Mena.jpg?resize=300%2C276&amp;ssl=1 300w, https:\/\/i0.wp.com\/eltrabajo.cl\/portal\/wp-content\/uploads\/2014\/03\/Lidia-Mena.jpg?resize=150%2C138&amp;ssl=1 150w, https:\/\/i0.wp.com\/eltrabajo.cl\/portal\/wp-content\/uploads\/2014\/03\/Lidia-Mena.jpg?resize=400%2C368&amp;ssl=1 400w\" sizes=\"auto, (max-width: 222px) 100vw, 222px\" \/><\/a><figcaption id=\"caption-attachment-44740\" class=\"wp-caption-text\">Lidia Mena, Directora de la Escuela B\u00e1sica La Pampilla.<\/figcaption><\/figure>\n<p>Esta calificaci\u00f3n fue entregada al establecimiento educacional luego de que el SNED evaluara el cumplimiento de diferentes indicadores de desempe\u00f1o, entre los que se encuentran los resultados del Simce, la positiva evaluaci\u00f3n realizada por alumnos y apoderados a los procesos educativos del establecimiento, infraestructura, entre otros factores ligados a la gesti\u00f3n educativa del establecimiento.<\/p>\n<p>\u00abEstamos sumamente contentos, ya que este resultado refleja el trabajo y el \u00e9nfasis puesto por la actual administraci\u00f3n municipal, que en los \u00faltimos a\u00f1os ha puesto como prioridad en su gesti\u00f3n la mejora en la calidad de educaci\u00f3n entregada a los ni\u00f1os y ni\u00f1as de la comuna. Eso para nosotros es un logro important\u00edsimo\u00bb, sostuvo la Directora del Departamento de Educaci\u00f3n Municipal, Mar\u00eda Teresa Silva, quien adem\u00e1s destac\u00f3 que la Escuela Cristo Redentor de la comuna, obtuvo el 60% del cumplimiento de los factores evaluados por el SNED.<\/p>\n<p>Para Lidia Mena, Directora de la Escuela B\u00e1sica La Pampilla, esta calificaci\u00f3n de establecimiento educacional de Excelencia, es reflejo del trabajo en conjunto realizado por todos quienes participan en el proceso educativo del establecimiento.<\/p>\n<p>\u00abPara nosotros es sumamente importante haber recibido este reconocimiento. Tenemos que agradecer al alcalde que ha confiado en nuestro trabajo, a la directora de educaci\u00f3n, a los profesores, asistentes de la educaci\u00f3n, apoderados y a los alumnos. El trabajo realizado por el establecimiento no s\u00f3lo nos permite obtener esta buena calificaci\u00f3n, sino que principalmente entregarle a los alumnos las herramientas necesarias para enfrentar el futuro de mejor manera\u00bb, agreg\u00f3 la directora.<\/p>\n<p>Con la obtenci\u00f3n de esta importante calificaci\u00f3n, los docentes y los asistentes de la educaci\u00f3n del establecimiento obtendr\u00e1n incentivos en sus remuneraciones.<\/p>\n<p>&nbsp;<\/p>\n","protected":false},"excerpt":{"rendered":"<p>CALLE LARGA.- En la comuna, la Escuela Cristo Redentor de San Vicente tambi\u00e9n obtuvo destacados resultados en la evaluaci\u00f3n. Sumamente contentos se encuentran por estos d\u00edas el personal docente, asistentes de la&#8230;<\/p>\n","protected":false},"author":482,"featured_media":44739,"comment_status":"open","ping_status":"closed","sticky":false,"template":"","format":"standard","meta":{"advanced_seo_description":"","jetpack_seo_html_title":"","jetpack_seo_noindex":false,"_jetpack_memberships_contains_paid_content":false,"footnotes":""},"categories":[15],"tags":[],"class_list":["post-44738","post","type-post","status-publish","format-standard","has-post-thumbnail","hentry","category-comunidad"],"jetpack_featured_media_url":"https:\/\/i0.wp.com\/eltrabajo.cl\/portal\/wp-content\/uploads\/2014\/03\/escuela-La-Pampilla.jpg?fit=529%2C358&ssl=1","jetpack_sharing_enabled":true,"jetpack_likes_enabled":true,"jetpack-related-posts":[],"_links":{"self":[{"href":"https:\/\/eltrabajo.cl\/portal\/wp-json\/wp\/v2\/posts\/44738","targetHints":{"allow":["GET"]}}],"collection":[{"href":"https:\/\/eltrabajo.cl\/portal\/wp-json\/wp\/v2\/posts"}],"about":[{"href":"https:\/\/eltrabajo.cl\/portal\/wp-json\/wp\/v2\/types\/post"}],"author":[{"embeddable":true,"href":"https:\/\/eltrabajo.cl\/portal\/wp-json\/wp\/v2\/users\/482"}],"replies":[{"embeddable":true,"href":"https:\/\/eltrabajo.cl\/portal\/wp-json\/wp\/v2\/comments?post=44738"}],"version-history":[{"count":0,"href":"https:\/\/eltrabajo.cl\/portal\/wp-json\/wp\/v2\/posts\/44738\/revisions"}],"wp:featuredmedia":[{"embeddable":true,"href":"https:\/\/eltrabajo.cl\/portal\/wp-json\/wp\/v2\/media\/44739"}],"wp:attachment":[{"href":"https:\/\/eltrabajo.cl\/portal\/wp-json\/wp\/v2\/media?parent=44738"}],"wp:term":[{"taxonomy":"category","embeddable":true,"href":"https:\/\/eltrabajo.cl\/portal\/wp-json\/wp\/v2\/categories?post=44738"},{"taxonomy":"post_tag","embeddable":true,"href":"https:\/\/eltrabajo.cl\/portal\/wp-json\/wp\/v2\/tags?post=44738"}],"curies":[{"name":"wp","href":"https:\/\/api.w.org\/{rel}","templated":true}]}}