{"id":44744,"date":"2014-03-26T10:00:21","date_gmt":"2014-03-26T13:00:21","guid":{"rendered":"http:\/\/www.eltrabajo.cl\/portal\/?p=44744"},"modified":"2014-03-26T10:00:55","modified_gmt":"2014-03-26T13:00:55","slug":"rescatan-a-camionero-de-una-muerte-segura","status":"publish","type":"post","link":"https:\/\/eltrabajo.cl\/portal\/rescatan-a-camionero-de-una-muerte-segura\/","title":{"rendered":"Rescatan a camionero de una muerte segura"},"content":{"rendered":"<figure id=\"attachment_44749\" aria-describedby=\"caption-attachment-44749\" style=\"width: 529px\" class=\"wp-caption alignnone\"><a href=\"https:\/\/i0.wp.com\/www.eltrabajo.cl\/portal\/wp-content\/uploads\/2014\/03\/INFARTOO1.jpg\"><img data-recalc-dims=\"1\" loading=\"lazy\" decoding=\"async\" class=\"size-full wp-image-44749\" alt=\"AGON\u00cdA.- As\u00ed fue encontrado \u2018Jorge\u2019 por Roberto Mercado en la Ruta CH 60 nueva, cerca de 700 metros, pasado el empalme San Esteban hacia la cordillera.\" src=\"https:\/\/i0.wp.com\/www.eltrabajo.cl\/portal\/wp-content\/uploads\/2014\/03\/INFARTOO1.jpg?resize=529%2C331\" width=\"529\" height=\"331\" srcset=\"https:\/\/i0.wp.com\/eltrabajo.cl\/portal\/wp-content\/uploads\/2014\/03\/INFARTOO1.jpg?w=529&amp;ssl=1 529w, https:\/\/i0.wp.com\/eltrabajo.cl\/portal\/wp-content\/uploads\/2014\/03\/INFARTOO1.jpg?resize=200%2C125&amp;ssl=1 200w, https:\/\/i0.wp.com\/eltrabajo.cl\/portal\/wp-content\/uploads\/2014\/03\/INFARTOO1.jpg?resize=300%2C187&amp;ssl=1 300w, https:\/\/i0.wp.com\/eltrabajo.cl\/portal\/wp-content\/uploads\/2014\/03\/INFARTOO1.jpg?resize=150%2C93&amp;ssl=1 150w, https:\/\/i0.wp.com\/eltrabajo.cl\/portal\/wp-content\/uploads\/2014\/03\/INFARTOO1.jpg?resize=400%2C250&amp;ssl=1 400w\" sizes=\"auto, (max-width: 529px) 100vw, 529px\" \/><\/a><figcaption id=\"caption-attachment-44749\" class=\"wp-caption-text\">AGON\u00cdA.- As\u00ed fue encontrado \u2018Jorge\u2019 por Roberto Mercado en la Ruta CH 60 nueva, cerca de 700 metros, pasado el empalme San Esteban hacia la cordillera.<\/figcaption><\/figure>\n<p>El domingo reci\u00e9n pasado alrededor de las 10:00 horas en la Ruta CH 60 nueva, cerca de 700 metros, pasado el empalme San Esteban hacia la cordillera, un cami\u00f3n de carga peligrosa categor\u00eda 2, inflamable, estaba estacionado en la berma, y en una curva con su chofer colgando de la puerta, haciendo gestos y en evidente estado de precariedad de salud. Roberto Mercado, colaborador de Diario El Trabajo, se detuvo al pasar y al llegar a ayudarlo se dio cuenta de su cr\u00edtico estado de salud. Le prest\u00f3 los Primeros Auxilios ante lo que se evidenciaba como un ataque card\u00edaco, lo traslad\u00f3 hacia la sombra que proyectaba el cami\u00f3n y lo apoy\u00f3 en el muro de la berma. Mercado llam\u00f3 a la ambulancia y a Carabineros y en diez minutos ya era atendido por param\u00e9dicos y trasladado hacia Los Andes.<\/p>\n<figure id=\"attachment_44746\" aria-describedby=\"caption-attachment-44746\" style=\"width: 370px\" class=\"wp-caption alignright\"><a href=\"https:\/\/i0.wp.com\/www.eltrabajo.cl\/portal\/wp-content\/uploads\/2014\/03\/Infarto2.jpg\"><img data-recalc-dims=\"1\" loading=\"lazy\" decoding=\"async\" class=\" wp-image-44746 \" alt=\"EL RESCATE.- Gracias a la intervenci\u00f3n oportuna de Mercado, finalmente este camionero pudo ser rescatado por profesionales.\" src=\"https:\/\/i0.wp.com\/www.eltrabajo.cl\/portal\/wp-content\/uploads\/2014\/03\/Infarto2.jpg?resize=370%2C309\" width=\"370\" height=\"309\" srcset=\"https:\/\/i0.wp.com\/eltrabajo.cl\/portal\/wp-content\/uploads\/2014\/03\/Infarto2.jpg?w=528&amp;ssl=1 528w, https:\/\/i0.wp.com\/eltrabajo.cl\/portal\/wp-content\/uploads\/2014\/03\/Infarto2.jpg?resize=179%2C150&amp;ssl=1 179w, https:\/\/i0.wp.com\/eltrabajo.cl\/portal\/wp-content\/uploads\/2014\/03\/Infarto2.jpg?resize=300%2C250&amp;ssl=1 300w, https:\/\/i0.wp.com\/eltrabajo.cl\/portal\/wp-content\/uploads\/2014\/03\/Infarto2.jpg?resize=150%2C125&amp;ssl=1 150w, https:\/\/i0.wp.com\/eltrabajo.cl\/portal\/wp-content\/uploads\/2014\/03\/Infarto2.jpg?resize=400%2C334&amp;ssl=1 400w\" sizes=\"auto, (max-width: 370px) 100vw, 370px\" \/><\/a><figcaption id=\"caption-attachment-44746\" class=\"wp-caption-text\">EL RESCATE.- Gracias a la intervenci\u00f3n oportuna de Mercado, finalmente este camionero pudo ser rescatado por profesionales.<\/figcaption><\/figure>\n<p>&nbsp;<\/p>\n<p>Cabe destacar la peligrosidad de la carga y de las consecuencias que podr\u00eda haber tenido si el camionero no detiene el pesado cami\u00f3n. Por lo que se sabe, \u2018Jorge\u2019 se llama el camionero, est\u00e1 estabilizado internado en Los Andes. Gracias al accionar de nuestro colaborador, esta persona ahora est\u00e1 en buenas manos y la tragedia pudo ser evitada.<\/p>\n<p>&nbsp;<\/p>\n","protected":false},"excerpt":{"rendered":"<p>El domingo reci\u00e9n pasado alrededor de las 10:00 horas en la Ruta CH 60 nueva, cerca de 700 metros, pasado el empalme San Esteban hacia la cordillera, un cami\u00f3n de carga peligrosa&#8230;<\/p>\n","protected":false},"author":482,"featured_media":44749,"comment_status":"open","ping_status":"closed","sticky":false,"template":"","format":"standard","meta":{"advanced_seo_description":"","jetpack_seo_html_title":"","jetpack_seo_noindex":false,"_jetpack_memberships_contains_paid_content":false,"footnotes":""},"categories":[21],"tags":[],"class_list":["post-44744","post","type-post","status-publish","format-standard","has-post-thumbnail","hentry","category-policial"],"jetpack_featured_media_url":"https:\/\/i0.wp.com\/eltrabajo.cl\/portal\/wp-content\/uploads\/2014\/03\/INFARTOO1.jpg?fit=529%2C331&ssl=1","jetpack_sharing_enabled":true,"jetpack_likes_enabled":true,"jetpack-related-posts":[],"_links":{"self":[{"href":"https:\/\/eltrabajo.cl\/portal\/wp-json\/wp\/v2\/posts\/44744","targetHints":{"allow":["GET"]}}],"collection":[{"href":"https:\/\/eltrabajo.cl\/portal\/wp-json\/wp\/v2\/posts"}],"about":[{"href":"https:\/\/eltrabajo.cl\/portal\/wp-json\/wp\/v2\/types\/post"}],"author":[{"embeddable":true,"href":"https:\/\/eltrabajo.cl\/portal\/wp-json\/wp\/v2\/users\/482"}],"replies":[{"embeddable":true,"href":"https:\/\/eltrabajo.cl\/portal\/wp-json\/wp\/v2\/comments?post=44744"}],"version-history":[{"count":0,"href":"https:\/\/eltrabajo.cl\/portal\/wp-json\/wp\/v2\/posts\/44744\/revisions"}],"wp:featuredmedia":[{"embeddable":true,"href":"https:\/\/eltrabajo.cl\/portal\/wp-json\/wp\/v2\/media\/44749"}],"wp:attachment":[{"href":"https:\/\/eltrabajo.cl\/portal\/wp-json\/wp\/v2\/media?parent=44744"}],"wp:term":[{"taxonomy":"category","embeddable":true,"href":"https:\/\/eltrabajo.cl\/portal\/wp-json\/wp\/v2\/categories?post=44744"},{"taxonomy":"post_tag","embeddable":true,"href":"https:\/\/eltrabajo.cl\/portal\/wp-json\/wp\/v2\/tags?post=44744"}],"curies":[{"name":"wp","href":"https:\/\/api.w.org\/{rel}","templated":true}]}}