{"id":44755,"date":"2014-03-26T10:01:43","date_gmt":"2014-03-26T13:01:43","guid":{"rendered":"http:\/\/www.eltrabajo.cl\/portal\/?p=44755"},"modified":"2014-03-26T10:01:43","modified_gmt":"2014-03-26T13:01:43","slug":"delincuentes-roban-vivienda-y-disparan-al-hermano-del-dueno-de-casa","status":"publish","type":"post","link":"https:\/\/eltrabajo.cl\/portal\/delincuentes-roban-vivienda-y-disparan-al-hermano-del-dueno-de-casa\/","title":{"rendered":"Delincuentes roban vivienda y disparan al hermano del due\u00f1o de casa"},"content":{"rendered":"<figure id=\"attachment_44756\" aria-describedby=\"caption-attachment-44756\" style=\"width: 528px\" class=\"wp-caption alignnone\"><a href=\"https:\/\/i0.wp.com\/www.eltrabajo.cl\/portal\/wp-content\/uploads\/2014\/03\/auto-lcd-recuperado.jpg\"><img data-recalc-dims=\"1\" loading=\"lazy\" decoding=\"async\" class=\"size-full wp-image-44756\" alt=\"Personal de Carabineros logr\u00f3 recuperar tanto el LCD como el autom\u00f3vil que ten\u00eda encargo por robo.\" src=\"https:\/\/i0.wp.com\/www.eltrabajo.cl\/portal\/wp-content\/uploads\/2014\/03\/auto-lcd-recuperado.jpg?resize=528%2C334\" width=\"528\" height=\"334\" srcset=\"https:\/\/i0.wp.com\/eltrabajo.cl\/portal\/wp-content\/uploads\/2014\/03\/auto-lcd-recuperado.jpg?w=528&amp;ssl=1 528w, https:\/\/i0.wp.com\/eltrabajo.cl\/portal\/wp-content\/uploads\/2014\/03\/auto-lcd-recuperado.jpg?resize=200%2C126&amp;ssl=1 200w, https:\/\/i0.wp.com\/eltrabajo.cl\/portal\/wp-content\/uploads\/2014\/03\/auto-lcd-recuperado.jpg?resize=300%2C189&amp;ssl=1 300w, https:\/\/i0.wp.com\/eltrabajo.cl\/portal\/wp-content\/uploads\/2014\/03\/auto-lcd-recuperado.jpg?resize=150%2C94&amp;ssl=1 150w, https:\/\/i0.wp.com\/eltrabajo.cl\/portal\/wp-content\/uploads\/2014\/03\/auto-lcd-recuperado.jpg?resize=400%2C253&amp;ssl=1 400w\" sizes=\"auto, (max-width: 528px) 100vw, 528px\" \/><\/a><figcaption id=\"caption-attachment-44756\" class=\"wp-caption-text\">Personal de Carabineros logr\u00f3 recuperar tanto el LCD como el autom\u00f3vil que ten\u00eda encargo por robo.<\/figcaption><\/figure>\n<p><strong>PUTAENDO<\/strong>.- Un violento asalto perpetr\u00f3 un grupo de delincuentes que fuertemente armados dispararon a lo menos en dos ocasiones contra un joven vecino de Sahond\u00e9.<\/p>\n<p>Hasta el momento la informaci\u00f3n indica que pasadas las 17:20 horas de este martes, un veh\u00edculo color blanco sin patente, lleg\u00f3 hasta la calle Jos\u00e9 Antonio Salinas en las inmediaciones de la Poblaci\u00f3n Graciela Letelier, donde a lo menos tres sujetos ingresaron hasta una vivienda que a esa hora estaba sin moradores, desde la cual sustrajeron diversas especies como dos tel\u00e9fonos celulares smartphone, espec\u00edficamente Samsung Galaxy, adem\u00e1s de una pantalla LCD, dos computadores port\u00e1tiles o notebooks marca Packard Bell, dinero efectivo y una escopeta rusa calibre 12.<\/p>\n<p>Cuando los delincuentes sal\u00edan desde la vivienda con las especies robadas, el hermano del propietario, que estaba en otra vivienda cercana, se percat\u00f3 del hecho e increp\u00f3 a los sujetos y uno de ellos extrajo un arma de fuego, aparentemente una pistola, y dispar\u00f3 en dos ocasiones contra el joven, quien se arroj\u00f3 al suelo para evitar ser alcanzado por las balas mientras los delincuentes hu\u00edan del sector.<\/p>\n<p>La informaci\u00f3n entregada a Carabineros por la v\u00edctima origin\u00f3 que Carabineros iniciara una persecuci\u00f3n por la ruta E-71 en direcci\u00f3n a San Felipe, ya que el autom\u00f3vil fue divisado en esa direcci\u00f3n y en esa ciudad personal policial tambi\u00e9n fue alertado y verificaron que el veh\u00edculo se trasladaba hacia la Villa 250 A\u00f1os, donde finalmente fueron interceptados, pero algunas personas del sector atacaron a los funcionarios con palos y piedras, hiriendo a una mujer carabinero y consiguiendo que los delincuentes escaparan del lugar.<\/p>\n<p>Finalmente en este procedimiento fue recuperado el televisor plasma y el autom\u00f3vil que registra encargo por robo.<\/p>\n<p>Nuestro medio asociado, Putaendo Informa, esper\u00f3 durante varios minutos la versi\u00f3n del Jefe de Tenencia de Carabineros de Putaendo, la que no fue posible obtener, sin embargo, el Capit\u00e1n Alfredo Castillo de la Segunda Comisar\u00eda de San Felipe confirm\u00f3 gran parte de los hechos, aunque no se refiri\u00f3 en forma oficial a los disparos que se habr\u00edan registrado.<\/p>\n<p>La v\u00edctima sin embargo habr\u00eda confirmado que efectivamente le dispararon en dos ocasiones.<\/p>\n<p>Patricio Gallardo M.<\/p>\n","protected":false},"excerpt":{"rendered":"<p>PUTAENDO.- Un violento asalto perpetr\u00f3 un grupo de delincuentes que fuertemente armados dispararon a lo menos en dos ocasiones contra un joven vecino de Sahond\u00e9. Hasta el momento la informaci\u00f3n indica que&#8230;<\/p>\n","protected":false},"author":482,"featured_media":44756,"comment_status":"open","ping_status":"closed","sticky":false,"template":"","format":"standard","meta":{"advanced_seo_description":"","jetpack_seo_html_title":"","jetpack_seo_noindex":false,"_jetpack_memberships_contains_paid_content":false,"footnotes":""},"categories":[21],"tags":[],"class_list":["post-44755","post","type-post","status-publish","format-standard","has-post-thumbnail","hentry","category-policial"],"jetpack_featured_media_url":"https:\/\/i0.wp.com\/eltrabajo.cl\/portal\/wp-content\/uploads\/2014\/03\/auto-lcd-recuperado.jpg?fit=528%2C334&ssl=1","jetpack_sharing_enabled":true,"jetpack_likes_enabled":true,"jetpack-related-posts":[],"_links":{"self":[{"href":"https:\/\/eltrabajo.cl\/portal\/wp-json\/wp\/v2\/posts\/44755","targetHints":{"allow":["GET"]}}],"collection":[{"href":"https:\/\/eltrabajo.cl\/portal\/wp-json\/wp\/v2\/posts"}],"about":[{"href":"https:\/\/eltrabajo.cl\/portal\/wp-json\/wp\/v2\/types\/post"}],"author":[{"embeddable":true,"href":"https:\/\/eltrabajo.cl\/portal\/wp-json\/wp\/v2\/users\/482"}],"replies":[{"embeddable":true,"href":"https:\/\/eltrabajo.cl\/portal\/wp-json\/wp\/v2\/comments?post=44755"}],"version-history":[{"count":0,"href":"https:\/\/eltrabajo.cl\/portal\/wp-json\/wp\/v2\/posts\/44755\/revisions"}],"wp:featuredmedia":[{"embeddable":true,"href":"https:\/\/eltrabajo.cl\/portal\/wp-json\/wp\/v2\/media\/44756"}],"wp:attachment":[{"href":"https:\/\/eltrabajo.cl\/portal\/wp-json\/wp\/v2\/media?parent=44755"}],"wp:term":[{"taxonomy":"category","embeddable":true,"href":"https:\/\/eltrabajo.cl\/portal\/wp-json\/wp\/v2\/categories?post=44755"},{"taxonomy":"post_tag","embeddable":true,"href":"https:\/\/eltrabajo.cl\/portal\/wp-json\/wp\/v2\/tags?post=44755"}],"curies":[{"name":"wp","href":"https:\/\/api.w.org\/{rel}","templated":true}]}}