{"id":44758,"date":"2014-03-26T10:03:06","date_gmt":"2014-03-26T13:03:06","guid":{"rendered":"http:\/\/www.eltrabajo.cl\/portal\/?p=44758"},"modified":"2014-03-26T11:04:33","modified_gmt":"2014-03-26T14:04:33","slug":"detenido-carabinero-tras-su-formalizacion-por-robo-en-lugar-habitado","status":"publish","type":"post","link":"https:\/\/eltrabajo.cl\/portal\/detenido-carabinero-tras-su-formalizacion-por-robo-en-lugar-habitado\/","title":{"rendered":"Detenido carabinero tras su formalizaci\u00f3n por Robo en lugar habitado"},"content":{"rendered":"<figure id=\"attachment_44759\" aria-describedby=\"caption-attachment-44759\" style=\"width: 370px\" class=\"wp-caption alignleft\"><a href=\"https:\/\/i0.wp.com\/www.eltrabajo.cl\/portal\/wp-content\/uploads\/2014\/03\/Detenido12.jpg\"><img data-recalc-dims=\"1\" loading=\"lazy\" decoding=\"async\" class=\" wp-image-44759 \" alt=\"QUED\u00d3 DETENIDO.- Tras ser formalizado por Robo, el funcionario de Carabineros qued\u00f3 en Prisi\u00f3n Preventiva a solicitud del Ministerio P\u00fablico de San Felipe. (Foto referencial)\" src=\"https:\/\/i0.wp.com\/www.eltrabajo.cl\/portal\/wp-content\/uploads\/2014\/03\/Detenido12.jpg?resize=370%2C253\" width=\"370\" height=\"253\" srcset=\"https:\/\/i0.wp.com\/eltrabajo.cl\/portal\/wp-content\/uploads\/2014\/03\/Detenido12.jpg?w=528&amp;ssl=1 528w, https:\/\/i0.wp.com\/eltrabajo.cl\/portal\/wp-content\/uploads\/2014\/03\/Detenido12.jpg?resize=200%2C136&amp;ssl=1 200w, https:\/\/i0.wp.com\/eltrabajo.cl\/portal\/wp-content\/uploads\/2014\/03\/Detenido12.jpg?resize=300%2C205&amp;ssl=1 300w, https:\/\/i0.wp.com\/eltrabajo.cl\/portal\/wp-content\/uploads\/2014\/03\/Detenido12.jpg?resize=150%2C102&amp;ssl=1 150w, https:\/\/i0.wp.com\/eltrabajo.cl\/portal\/wp-content\/uploads\/2014\/03\/Detenido12.jpg?resize=400%2C273&amp;ssl=1 400w\" sizes=\"auto, (max-width: 370px) 100vw, 370px\" \/><\/a><figcaption id=\"caption-attachment-44759\" class=\"wp-caption-text\">QUED\u00d3 DETENIDO.- Tras ser formalizado por Robo, el funcionario de Carabineros qued\u00f3 en Prisi\u00f3n Preventiva a solicitud del Ministerio P\u00fablico de San Felipe. (Foto referencial)<\/figcaption><\/figure>\n<p>Tras ser formalizado por Robo, un funcionario de Carabineros qued\u00f3 en Prisi\u00f3n Preventiva a solicitud del Ministerio P\u00fablico de San Felipe.<\/p>\n<p>El hecho policial y que afecta a uno de los miembros de la polic\u00eda uniformada, qued\u00f3 al descubierto este lunes cuando pas\u00f3 a control de detenci\u00f3n el funcionario identificado con las iniciales F.A.C.R. de dotaci\u00f3n de la Escuela de Fronteras.<\/p>\n<p>El carabinero es acusado de entrar a robar al domicilio de una conocida familia en la localidad de Tierras Blancas, la madrugada de este domingo.<\/p>\n<p>En la Audiencia de Control de detenci\u00f3n participaron como parte acusatoria, el Ministerio P\u00fablico, qui\u00e9n a trav\u00e9s del Fiscal Osvaldo Basso Cerda formaliz\u00f3 al uniformado por Robo en lugar habitado, por lo que pidi\u00f3 la Prisi\u00f3n Preventiva y un plazo de 60 d\u00edas para investigar el hecho. El Fiscal Basso indic\u00f3 que la solicitud se basa en la hip\u00f3tesis de flagrancia, ya que el funcionario policial salt\u00f3 un muro, quebr\u00f3 la ventana e ingres\u00f3 al inmueble donde sustrajo un pantal\u00f3n de Sky de la due\u00f1a de casa avaluado en la suma de 90.000 pesos, con el cual fue sorprendido al momento de su detenci\u00f3n.<\/p>\n<p>Por otra parte, el abogado que defiende al imputado, Jos\u00e9 Luis Correa, se\u00f1al\u00f3 que su defendido fue encontrado al interior del inmueble desorientado, no aceptando la teor\u00eda de la fiscal\u00eda que consiste en que el funcionario entr\u00f3 a robar.<\/p>\n<p>El abogado defensor se\u00f1al\u00f3 adem\u00e1s que el carabinero fue encontrado por el jardinero de la propiedad, quien dio aviso a otras personas y posteriormente a personal policial, quienes adoptaron el procedimiento de rigor.<\/p>\n<p>El funcionario F.A.C.R. comenz\u00f3 a cumplir su Prisi\u00f3n Preventiva en el m\u00f3dulo especial 118 del Centro de Cumplimiento Penitenciario de Valpara\u00edso.<\/p>\n","protected":false},"excerpt":{"rendered":"<p>Tras ser formalizado por Robo, un funcionario de Carabineros qued\u00f3 en Prisi\u00f3n Preventiva a solicitud del Ministerio P\u00fablico de San Felipe. El hecho policial y que afecta a uno de los miembros&#8230;<\/p>\n","protected":false},"author":482,"featured_media":44759,"comment_status":"open","ping_status":"closed","sticky":false,"template":"","format":"standard","meta":{"advanced_seo_description":"","jetpack_seo_html_title":"","jetpack_seo_noindex":false,"_jetpack_memberships_contains_paid_content":false,"footnotes":""},"categories":[21],"tags":[],"class_list":["post-44758","post","type-post","status-publish","format-standard","has-post-thumbnail","hentry","category-policial"],"jetpack_featured_media_url":"https:\/\/i0.wp.com\/eltrabajo.cl\/portal\/wp-content\/uploads\/2014\/03\/Detenido12.jpg?fit=528%2C361&ssl=1","jetpack_sharing_enabled":true,"jetpack_likes_enabled":true,"jetpack-related-posts":[],"_links":{"self":[{"href":"https:\/\/eltrabajo.cl\/portal\/wp-json\/wp\/v2\/posts\/44758","targetHints":{"allow":["GET"]}}],"collection":[{"href":"https:\/\/eltrabajo.cl\/portal\/wp-json\/wp\/v2\/posts"}],"about":[{"href":"https:\/\/eltrabajo.cl\/portal\/wp-json\/wp\/v2\/types\/post"}],"author":[{"embeddable":true,"href":"https:\/\/eltrabajo.cl\/portal\/wp-json\/wp\/v2\/users\/482"}],"replies":[{"embeddable":true,"href":"https:\/\/eltrabajo.cl\/portal\/wp-json\/wp\/v2\/comments?post=44758"}],"version-history":[{"count":0,"href":"https:\/\/eltrabajo.cl\/portal\/wp-json\/wp\/v2\/posts\/44758\/revisions"}],"wp:featuredmedia":[{"embeddable":true,"href":"https:\/\/eltrabajo.cl\/portal\/wp-json\/wp\/v2\/media\/44759"}],"wp:attachment":[{"href":"https:\/\/eltrabajo.cl\/portal\/wp-json\/wp\/v2\/media?parent=44758"}],"wp:term":[{"taxonomy":"category","embeddable":true,"href":"https:\/\/eltrabajo.cl\/portal\/wp-json\/wp\/v2\/categories?post=44758"},{"taxonomy":"post_tag","embeddable":true,"href":"https:\/\/eltrabajo.cl\/portal\/wp-json\/wp\/v2\/tags?post=44758"}],"curies":[{"name":"wp","href":"https:\/\/api.w.org\/{rel}","templated":true}]}}