{"id":44767,"date":"2014-03-27T09:29:54","date_gmt":"2014-03-27T12:29:54","guid":{"rendered":"http:\/\/www.eltrabajo.cl\/portal\/?p=44767"},"modified":"2014-03-27T09:29:54","modified_gmt":"2014-03-27T12:29:54","slug":"carabineros-detiene-a-tres-sujetos-en-distintos-robos-y-recupera-especies","status":"publish","type":"post","link":"https:\/\/eltrabajo.cl\/portal\/carabineros-detiene-a-tres-sujetos-en-distintos-robos-y-recupera-especies\/","title":{"rendered":"Carabineros detiene a tres sujetos en distintos robos y recupera especies"},"content":{"rendered":"<figure id=\"attachment_44768\" aria-describedby=\"caption-attachment-44768\" style=\"width: 370px\" class=\"wp-caption alignleft\"><a href=\"https:\/\/i0.wp.com\/www.eltrabajo.cl\/portal\/wp-content\/uploads\/2014\/03\/Capturado1.jpg\"><img data-recalc-dims=\"1\" loading=\"lazy\" decoding=\"async\" class=\" wp-image-44768 \" alt=\"J.C.B.M. posee un amplio prontuario policial y fue pasado a disposici\u00f3n del tribunal la tarde de este mi\u00e9rcoles.\" src=\"https:\/\/i0.wp.com\/www.eltrabajo.cl\/portal\/wp-content\/uploads\/2014\/03\/Capturado1.jpg?resize=370%2C466\" width=\"370\" height=\"466\" srcset=\"https:\/\/i0.wp.com\/eltrabajo.cl\/portal\/wp-content\/uploads\/2014\/03\/Capturado1.jpg?w=529&amp;ssl=1 529w, https:\/\/i0.wp.com\/eltrabajo.cl\/portal\/wp-content\/uploads\/2014\/03\/Capturado1.jpg?resize=119%2C150&amp;ssl=1 119w, https:\/\/i0.wp.com\/eltrabajo.cl\/portal\/wp-content\/uploads\/2014\/03\/Capturado1.jpg?resize=238%2C300&amp;ssl=1 238w, https:\/\/i0.wp.com\/eltrabajo.cl\/portal\/wp-content\/uploads\/2014\/03\/Capturado1.jpg?resize=400%2C503&amp;ssl=1 400w\" sizes=\"auto, (max-width: 370px) 100vw, 370px\" \/><\/a><figcaption id=\"caption-attachment-44768\" class=\"wp-caption-text\">J.C.B.M. posee un amplio prontuario policial y fue pasado a disposici\u00f3n del tribunal la tarde de este mi\u00e9rcoles.<\/figcaption><\/figure>\n<p><strong>PUTAENDO<\/strong>.- Carabineros de Putaendo logr\u00f3 recuperar especies robadas y detuvo a tres sujetos que cometieron los il\u00edcitos en la comuna. La informaci\u00f3n policial indica que a eso de las 12:45 horas del martes, una patrulla de Carabineros de infanter\u00eda que se encontraba en la plaza de Putaendo, fue alertada en forma personal por un vecino de Calle Cura Montes, quien indic\u00f3 que momentos antes un sujeto entr\u00f3 hasta su casa aprovechando que la puerta estaba semi-abierta y rob\u00f3 un par de zapatillas pr\u00e1cticamente nuevas, adem\u00e1s le se\u00f1al\u00f3 a los efectivos policiales que el individuo caminaba hacia Calle Chacabuco.<\/p>\n<p>Los dos carabineros iniciaron una persecuci\u00f3n y lograron dar alcance al sujeto, quien huy\u00f3 al ver que era perseguido por los efectivos policiales. El individuo fue identificado como F.F.O., quien cuenta con antecedentes policiales y por instrucci\u00f3n del Fiscal de Turno pas\u00f3 a control de detenci\u00f3n en el Tribunal de Putaendo que lo dej\u00f3 en Prisi\u00f3n Preventiva durante 45 d\u00edas mientras dura la investigaci\u00f3n.<\/p>\n<p><strong>ROBAN CILINDRO<\/strong><\/p>\n<p>El segundo procedimiento policial tuvo lugar en Villa El Sendero de Putaendo, pasadas las 01:30 horas de la madrugada de este mi\u00e9rcoles, cuando una vecina dio cuenta a Carabineros que un hombre y una mujer ingresaron a su vivienda desde la cual robaron un cilindro de gas de 15 kilos.<\/p>\n<p>El personal policial r\u00e1pidamente se traslad\u00f3 al lugar y en un patrullaje por el sector divisaron a dos sujetos que se encontraban ocultos cerca de un canal de regad\u00edo y verificaron que en ese lugar manten\u00edan oculto el cilindro de gas robado, adem\u00e1s al ser reconocidos por la v\u00edctima fueron detenidos e identificados como P.M.T., que no tiene antecedentes policiales, y J.C.B.M.\u00b8 sujeto que posee un amplio prontuario policial.<\/p>\n<figure id=\"attachment_44769\" aria-describedby=\"caption-attachment-44769\" style=\"width: 370px\" class=\"wp-caption alignright\"><a href=\"https:\/\/i0.wp.com\/www.eltrabajo.cl\/portal\/wp-content\/uploads\/2014\/03\/Detenida1.jpg\"><img data-recalc-dims=\"1\" loading=\"lazy\" decoding=\"async\" class=\" wp-image-44769 \" alt=\"La joven identificada como P.M.T. no tiene antecedentes policiales, aunque s\u00ed fue reconocida por la persona afectada por este robo.\" src=\"https:\/\/i0.wp.com\/www.eltrabajo.cl\/portal\/wp-content\/uploads\/2014\/03\/Detenida1.jpg?resize=370%2C382\" width=\"370\" height=\"382\" srcset=\"https:\/\/i0.wp.com\/eltrabajo.cl\/portal\/wp-content\/uploads\/2014\/03\/Detenida1.jpg?w=529&amp;ssl=1 529w, https:\/\/i0.wp.com\/eltrabajo.cl\/portal\/wp-content\/uploads\/2014\/03\/Detenida1.jpg?resize=145%2C150&amp;ssl=1 145w, https:\/\/i0.wp.com\/eltrabajo.cl\/portal\/wp-content\/uploads\/2014\/03\/Detenida1.jpg?resize=291%2C300&amp;ssl=1 291w, https:\/\/i0.wp.com\/eltrabajo.cl\/portal\/wp-content\/uploads\/2014\/03\/Detenida1.jpg?resize=400%2C412&amp;ssl=1 400w\" sizes=\"auto, (max-width: 370px) 100vw, 370px\" \/><\/a><figcaption id=\"caption-attachment-44769\" class=\"wp-caption-text\">La joven identificada como P.M.T. no tiene antecedentes policiales, aunque s\u00ed fue reconocida por la persona afectada por este robo.<\/figcaption><\/figure>\n<p>Ambos detenidos pasaron a disposici\u00f3n del tribunal la tarde de este mi\u00e9rcoles y la mujer qued\u00f3 en libertad con medidas cautelares, mientras que B.M. deber\u00e1 permanecer en Prisi\u00f3n Preventiva durante los 45 d\u00edas que se fijaron para investigar los hechos.<\/p>\n<p>El Teniente de Carabineros, \u00c1ngelo Acevedo, se\u00f1al\u00f3 que han redoblado los patrullajes nocturnos con dos unidades policiales que recorren toda la comuna, adem\u00e1s asegur\u00f3 que de ser necesario contar\u00e1n con el apoyo de unidades de San Felipe, junto con ello indic\u00f3 que ha implementado el servicio de patrullajes de infanter\u00eda con Carabineros que recorrer\u00e1n a diario distintos sectores de la comuna para mantener contacto directo con los vecinos e interiorizarse de las inquietudes y preocupaciones, con la finalidad de recabar la informaci\u00f3n necesaria para combatir la delincuencia.<\/p>\n<p>El oficial de Carabineros dijo que en sus primeros d\u00edas al mando de los destacamentos de Putaendo, ha mantenido importantes reuniones con todos los Carabineros y se encuentra coordinando los primeros cursos de acci\u00f3n, adem\u00e1s adelant\u00f3 que implementar\u00e1 mano dura y tolerancia cero a la delincuencia, pues asegur\u00f3 que su estilo es trabajar a la par con los carabineros que est\u00e1n bajo su mando y que incluso el hecho de ser un motorista de Carabineros tambi\u00e9n le permitir\u00e1 patrullar junto a otro efectivo policial los lugares de dif\u00edcil acceso que son frecuentados por delincuentes.<\/p>\n<p>Patricio Gallardo M.<\/p>\n<p>&nbsp;<\/p>\n","protected":false},"excerpt":{"rendered":"<p>PUTAENDO.- Carabineros de Putaendo logr\u00f3 recuperar especies robadas y detuvo a tres sujetos que cometieron los il\u00edcitos en la comuna. La informaci\u00f3n policial indica que a eso de las 12:45 horas del&#8230;<\/p>\n","protected":false},"author":482,"featured_media":44768,"comment_status":"open","ping_status":"closed","sticky":false,"template":"","format":"standard","meta":{"advanced_seo_description":"","jetpack_seo_html_title":"","jetpack_seo_noindex":false,"_jetpack_memberships_contains_paid_content":false,"footnotes":""},"categories":[21],"tags":[],"class_list":["post-44767","post","type-post","status-publish","format-standard","has-post-thumbnail","hentry","category-policial"],"jetpack_featured_media_url":"https:\/\/i0.wp.com\/eltrabajo.cl\/portal\/wp-content\/uploads\/2014\/03\/Capturado1.jpg?fit=529%2C666&ssl=1","jetpack_sharing_enabled":true,"jetpack_likes_enabled":true,"jetpack-related-posts":[],"_links":{"self":[{"href":"https:\/\/eltrabajo.cl\/portal\/wp-json\/wp\/v2\/posts\/44767","targetHints":{"allow":["GET"]}}],"collection":[{"href":"https:\/\/eltrabajo.cl\/portal\/wp-json\/wp\/v2\/posts"}],"about":[{"href":"https:\/\/eltrabajo.cl\/portal\/wp-json\/wp\/v2\/types\/post"}],"author":[{"embeddable":true,"href":"https:\/\/eltrabajo.cl\/portal\/wp-json\/wp\/v2\/users\/482"}],"replies":[{"embeddable":true,"href":"https:\/\/eltrabajo.cl\/portal\/wp-json\/wp\/v2\/comments?post=44767"}],"version-history":[{"count":0,"href":"https:\/\/eltrabajo.cl\/portal\/wp-json\/wp\/v2\/posts\/44767\/revisions"}],"wp:featuredmedia":[{"embeddable":true,"href":"https:\/\/eltrabajo.cl\/portal\/wp-json\/wp\/v2\/media\/44768"}],"wp:attachment":[{"href":"https:\/\/eltrabajo.cl\/portal\/wp-json\/wp\/v2\/media?parent=44767"}],"wp:term":[{"taxonomy":"category","embeddable":true,"href":"https:\/\/eltrabajo.cl\/portal\/wp-json\/wp\/v2\/categories?post=44767"},{"taxonomy":"post_tag","embeddable":true,"href":"https:\/\/eltrabajo.cl\/portal\/wp-json\/wp\/v2\/tags?post=44767"}],"curies":[{"name":"wp","href":"https:\/\/api.w.org\/{rel}","templated":true}]}}