{"id":44775,"date":"2014-03-27T09:33:32","date_gmt":"2014-03-27T12:33:32","guid":{"rendered":"http:\/\/www.eltrabajo.cl\/portal\/?p=44775"},"modified":"2014-03-27T09:33:32","modified_gmt":"2014-03-27T12:33:32","slug":"pdi-de-los-andes-inicio-campana-para-prevenir-el-bullying-en-colegios","status":"publish","type":"post","link":"https:\/\/eltrabajo.cl\/portal\/pdi-de-los-andes-inicio-campana-para-prevenir-el-bullying-en-colegios\/","title":{"rendered":"PDI de Los Andes inici\u00f3 campa\u00f1a para prevenir el bullying en colegios"},"content":{"rendered":"<figure id=\"attachment_44776\" aria-describedby=\"caption-attachment-44776\" style=\"width: 528px\" class=\"wp-caption alignnone\"><a href=\"https:\/\/i0.wp.com\/www.eltrabajo.cl\/portal\/wp-content\/uploads\/2014\/03\/bullyng-campana2.jpg\"><img data-recalc-dims=\"1\" loading=\"lazy\" decoding=\"async\" class=\"size-full wp-image-44776\" alt=\"Esta iniciativa denominada \u2018No + Bullying\u2019 y que tiene un car\u00e1cter regional, busca entregar las herramientas para poder abordar este tema y enfrentarlo antes que pueda pasar a mayores.\" src=\"https:\/\/i0.wp.com\/www.eltrabajo.cl\/portal\/wp-content\/uploads\/2014\/03\/bullyng-campana2.jpg?resize=528%2C315\" width=\"528\" height=\"315\" srcset=\"https:\/\/i0.wp.com\/eltrabajo.cl\/portal\/wp-content\/uploads\/2014\/03\/bullyng-campana2.jpg?w=528&amp;ssl=1 528w, https:\/\/i0.wp.com\/eltrabajo.cl\/portal\/wp-content\/uploads\/2014\/03\/bullyng-campana2.jpg?resize=200%2C119&amp;ssl=1 200w, https:\/\/i0.wp.com\/eltrabajo.cl\/portal\/wp-content\/uploads\/2014\/03\/bullyng-campana2.jpg?resize=300%2C178&amp;ssl=1 300w, https:\/\/i0.wp.com\/eltrabajo.cl\/portal\/wp-content\/uploads\/2014\/03\/bullyng-campana2.jpg?resize=150%2C89&amp;ssl=1 150w, https:\/\/i0.wp.com\/eltrabajo.cl\/portal\/wp-content\/uploads\/2014\/03\/bullyng-campana2.jpg?resize=400%2C238&amp;ssl=1 400w\" sizes=\"auto, (max-width: 528px) 100vw, 528px\" \/><\/a><figcaption id=\"caption-attachment-44776\" class=\"wp-caption-text\">Esta iniciativa denominada \u2018No + Bullying\u2019 y que tiene un car\u00e1cter regional, busca entregar las herramientas para poder abordar este tema y enfrentarlo antes que pueda pasar a mayores.<\/figcaption><\/figure>\n<p><strong>LOS ANDES<\/strong>.- En dependencias del Liceo Mixto B\u00e1sica N\u00ba1, la PDI de Los Andes dio inicio a la campa\u00f1a para prevenir el bullying en los colegios. Esta iniciativa denominada \u2018No + Bullying\u2019 y que tiene un car\u00e1cter regional, busca entregar las herramientas tanto a docentes como alumnos para poder abordar este tema y enfrentarlo antes que pueda pasar a mayores.<\/p>\n<p>El Jefe de la Brigada de Delitos Sexuales y Menores, Comisario Ernesto Le\u00f3n, se\u00f1al\u00f3 que visitar\u00e1n todos los establecimientos educacionales de la provincia realizando charlas informativas a los alumnos, pero adem\u00e1s instalar\u00e1n stand en los principales centros comerciales de la ciudad a fin de que toda la comunidad tome conocimiento de la gravedad de este tipo de hechos.<\/p>\n<figure id=\"attachment_44777\" aria-describedby=\"caption-attachment-44777\" style=\"width: 317px\" class=\"wp-caption alignright\"><a href=\"https:\/\/i0.wp.com\/www.eltrabajo.cl\/portal\/wp-content\/uploads\/2014\/03\/comisleon-bullyng.jpg\"><img data-recalc-dims=\"1\" loading=\"lazy\" decoding=\"async\" class=\" wp-image-44777 \" alt=\"Jefe de la Brigada de Delitos Sexuales y Menores, Comisario Ernesto Le\u00f3n.\" src=\"https:\/\/i0.wp.com\/www.eltrabajo.cl\/portal\/wp-content\/uploads\/2014\/03\/comisleon-bullyng.jpg?resize=317%2C215\" width=\"317\" height=\"215\" srcset=\"https:\/\/i0.wp.com\/eltrabajo.cl\/portal\/wp-content\/uploads\/2014\/03\/comisleon-bullyng.jpg?w=528&amp;ssl=1 528w, https:\/\/i0.wp.com\/eltrabajo.cl\/portal\/wp-content\/uploads\/2014\/03\/comisleon-bullyng.jpg?resize=200%2C135&amp;ssl=1 200w, https:\/\/i0.wp.com\/eltrabajo.cl\/portal\/wp-content\/uploads\/2014\/03\/comisleon-bullyng.jpg?resize=300%2C203&amp;ssl=1 300w, https:\/\/i0.wp.com\/eltrabajo.cl\/portal\/wp-content\/uploads\/2014\/03\/comisleon-bullyng.jpg?resize=150%2C101&amp;ssl=1 150w, https:\/\/i0.wp.com\/eltrabajo.cl\/portal\/wp-content\/uploads\/2014\/03\/comisleon-bullyng.jpg?resize=400%2C271&amp;ssl=1 400w\" sizes=\"auto, (max-width: 317px) 100vw, 317px\" \/><\/a><figcaption id=\"caption-attachment-44777\" class=\"wp-caption-text\">Jefe de la Brigada de Delitos Sexuales y Menores, Comisario Ernesto Le\u00f3n.<\/figcaption><\/figure>\n<p>\u201cEl Bullying no est\u00e1 tipificado como un delito, la violencia escolar s\u00ed y nosotros lo que tenemos que hacer en esto principalmente, es encontrar primero la solidaridad de nuestros alumnos con los ni\u00f1os que a veces se ven opacados, sacarlos adelante, llamarlos a la comprensi\u00f3n de esta situaci\u00f3n\u201d, expuso el comisario.<\/p>\n<p>Agreg\u00f3 que el Bullying puede llevar a otro tipo de aristas como el inicio de un proceso penal por el delito de Lesiones y las Amenazas, \u201cy en casos extremos llegar incluso al suicidio\u201d.<\/p>\n<p>Por ello insisti\u00f3 en que es importante motivar a la comunidad respecto a que todos somos iguales y no discriminar aprovech\u00e1ndose de personas que no tiene una personalidad tan avasalladora, \u201cpues el Bullying es un enemigo silencioso, porque quienes son v\u00edctimas no denuncian y para eso los padres y los educadores tienen que estar atentos a los cambios de conductas, sobre todo si no quieren ir al colegio o dejan de comer\u201d.<\/p>\n<p>Por su parte, el Director del Liceo Mixto B\u00e1sica N\u00ba1, Pedro Naveas, consider\u00f3 altamente positivo la realizaci\u00f3n de estas charlas, \u201cpues hoy d\u00eda es una gran preocupaci\u00f3n en nuestro quehacer educativo el tema del Bullying, ya que es un flagelo que est\u00e1n viviendo todos los establecimientos educacionales puesto que la violencia que se est\u00e1 viviendo no tan s\u00f3lo en los colegios, sino en la v\u00eda p\u00fablica y en las familias y eso entorpece la labor formativa\u201d.<\/p>\n<p>El director plante\u00f3 que como colegio han enfrentado de manera muy eficiente este problema y tiene controlado el tema del Bullying, sin embargo siempre se debe estar atento y no bajar la guardia. Por ello resalt\u00f3 el trabajo que est\u00e1 llevando adelante la PDI a trav\u00e9s de estas campa\u00f1a y particularmente que haya elegido el Liceo Mixto para iniciar esta campa\u00f1a, \u201cpor lo que esperamos sacar el mejor provecho de esto\u201d.<\/p>\n<p>&nbsp;<\/p>\n","protected":false},"excerpt":{"rendered":"<p>LOS ANDES.- En dependencias del Liceo Mixto B\u00e1sica N\u00ba1, la PDI de Los Andes dio inicio a la campa\u00f1a para prevenir el bullying en los colegios. Esta iniciativa denominada \u2018No + Bullying\u2019&#8230;<\/p>\n","protected":false},"author":482,"featured_media":44776,"comment_status":"open","ping_status":"closed","sticky":false,"template":"","format":"standard","meta":{"advanced_seo_description":"","jetpack_seo_html_title":"","jetpack_seo_noindex":false,"_jetpack_memberships_contains_paid_content":false,"footnotes":""},"categories":[1],"tags":[],"class_list":["post-44775","post","type-post","status-publish","format-standard","has-post-thumbnail","hentry","category-cronica"],"jetpack_featured_media_url":"https:\/\/i0.wp.com\/eltrabajo.cl\/portal\/wp-content\/uploads\/2014\/03\/bullyng-campana2.jpg?fit=528%2C315&ssl=1","jetpack_sharing_enabled":true,"jetpack_likes_enabled":true,"jetpack-related-posts":[],"_links":{"self":[{"href":"https:\/\/eltrabajo.cl\/portal\/wp-json\/wp\/v2\/posts\/44775","targetHints":{"allow":["GET"]}}],"collection":[{"href":"https:\/\/eltrabajo.cl\/portal\/wp-json\/wp\/v2\/posts"}],"about":[{"href":"https:\/\/eltrabajo.cl\/portal\/wp-json\/wp\/v2\/types\/post"}],"author":[{"embeddable":true,"href":"https:\/\/eltrabajo.cl\/portal\/wp-json\/wp\/v2\/users\/482"}],"replies":[{"embeddable":true,"href":"https:\/\/eltrabajo.cl\/portal\/wp-json\/wp\/v2\/comments?post=44775"}],"version-history":[{"count":0,"href":"https:\/\/eltrabajo.cl\/portal\/wp-json\/wp\/v2\/posts\/44775\/revisions"}],"wp:featuredmedia":[{"embeddable":true,"href":"https:\/\/eltrabajo.cl\/portal\/wp-json\/wp\/v2\/media\/44776"}],"wp:attachment":[{"href":"https:\/\/eltrabajo.cl\/portal\/wp-json\/wp\/v2\/media?parent=44775"}],"wp:term":[{"taxonomy":"category","embeddable":true,"href":"https:\/\/eltrabajo.cl\/portal\/wp-json\/wp\/v2\/categories?post=44775"},{"taxonomy":"post_tag","embeddable":true,"href":"https:\/\/eltrabajo.cl\/portal\/wp-json\/wp\/v2\/tags?post=44775"}],"curies":[{"name":"wp","href":"https:\/\/api.w.org\/{rel}","templated":true}]}}