{"id":44784,"date":"2014-03-27T09:36:08","date_gmt":"2014-03-27T12:36:08","guid":{"rendered":"http:\/\/www.eltrabajo.cl\/portal\/?p=44784"},"modified":"2014-03-27T09:36:08","modified_gmt":"2014-03-27T12:36:08","slug":"jovenes-piden-gestion-de-autoridades-para-crear-pista-de-carreras","status":"publish","type":"post","link":"https:\/\/eltrabajo.cl\/portal\/jovenes-piden-gestion-de-autoridades-para-crear-pista-de-carreras\/","title":{"rendered":"J\u00f3venes piden gesti\u00f3n de autoridades para crear pista de carreras"},"content":{"rendered":"<figure id=\"attachment_44785\" aria-describedby=\"caption-attachment-44785\" style=\"width: 317px\" class=\"wp-caption alignleft\"><a href=\"https:\/\/i0.wp.com\/www.eltrabajo.cl\/portal\/wp-content\/uploads\/2014\/03\/Arturo-Vega.jpg\"><img data-recalc-dims=\"1\" loading=\"lazy\" decoding=\"async\" class=\" wp-image-44785 \" alt=\"Arturo Vega, est\u00e1 solicitando la intervenci\u00f3n y gesti\u00f3n de las autoridades comunales para que se pueda autorizar y construir una pista de carreras \u2018Tunnig\u2019\" src=\"https:\/\/i0.wp.com\/www.eltrabajo.cl\/portal\/wp-content\/uploads\/2014\/03\/Arturo-Vega.jpg?resize=317%2C215\" width=\"317\" height=\"215\" srcset=\"https:\/\/i0.wp.com\/eltrabajo.cl\/portal\/wp-content\/uploads\/2014\/03\/Arturo-Vega.jpg?w=528&amp;ssl=1 528w, https:\/\/i0.wp.com\/eltrabajo.cl\/portal\/wp-content\/uploads\/2014\/03\/Arturo-Vega.jpg?resize=200%2C135&amp;ssl=1 200w, https:\/\/i0.wp.com\/eltrabajo.cl\/portal\/wp-content\/uploads\/2014\/03\/Arturo-Vega.jpg?resize=300%2C203&amp;ssl=1 300w, https:\/\/i0.wp.com\/eltrabajo.cl\/portal\/wp-content\/uploads\/2014\/03\/Arturo-Vega.jpg?resize=150%2C101&amp;ssl=1 150w, https:\/\/i0.wp.com\/eltrabajo.cl\/portal\/wp-content\/uploads\/2014\/03\/Arturo-Vega.jpg?resize=400%2C271&amp;ssl=1 400w\" sizes=\"auto, (max-width: 317px) 100vw, 317px\" \/><\/a><figcaption id=\"caption-attachment-44785\" class=\"wp-caption-text\">Arturo Vega, est\u00e1 solicitando la intervenci\u00f3n y gesti\u00f3n de las autoridades comunales para que se pueda autorizar y construir una pista de carreras \u2018Tunnig\u2019<\/figcaption><\/figure>\n<p><strong>PUTAENDO<\/strong>.- Algunos j\u00f3venes de la comuna, que se dedican a las carreras de autos modificados o \u00abtunning\u00bb, est\u00e1n solicitando la intervenci\u00f3n y gesti\u00f3n de las autoridades comunales para que se pueda autorizar y construir una pista de carreras para as\u00ed evitar que usen las carreteras y caminos interiores de la comuna. Arturo Vega Silva dijo que hab\u00eda decidido hacer p\u00fablica esta situaci\u00f3n en nombre de varios j\u00f3venes de la comuna, para que las autoridades comunales puedan escucharles y atender sus requerimientos, ya que asegur\u00f3 que son muchos los j\u00f3venes que practican este deporte y que compiten en otras comunas como La Ligua, La Calera, Papudo y otras m\u00e1s.<\/p>\n<p>Vega se\u00f1al\u00f3 que efectivamente estos veh\u00edculos son modificados y que por ejemplo en la comuna de La Ligua se construy\u00f3 una pista privada para realizar carreras en ese lugar, lo que a su juicio ha dado muy buenos resultados, adem\u00e1s indic\u00f3 que construir una pista en Putaendo permitir\u00eda regular este deporte y que no por la culpa de algunos que est\u00e1n realizando carreras en zonas pobladas se perjudique a quienes practican este deporte, toman los resguardos necesarios, no consumen alcohol y no contaminan con basura.<\/p>\n<p>Arturo Vega indic\u00f3 que en Putaendo la primera agrupaci\u00f3n que se form\u00f3 tuvo el nombre de Team Evolution Power y que hoy, si bien es cierto no existe una agrupaci\u00f3n oficial, cada d\u00eda son m\u00e1s quienes practican esta actividad, junto con ello se\u00f1al\u00f3 que lamentan los hechos ocurridos en Lo Vicu\u00f1a, Pillo-Pillo y Las Minillas y dijo que lamentablemente no pueden prohibir que a esos lugares vengan j\u00f3venes y personas de otras comunas a realizar carreras, por eso asegur\u00f3 que es importante contar con un lugar autorizado espec\u00edficamente para esa actividad, aunque reconoci\u00f3 que cuando trataron de organizarse la Municipalidad de Putaendo no les autoriz\u00f3 la personalidad jur\u00eddica.<\/p>\n<p>En este sentido, el joven pidi\u00f3 a las autoridades comunales considerar este tipo de deporte, que si bien es cierto, es cuestionado por muchos, tambi\u00e9n son varios los que lo practican con responsabilidad y con la idea de fomentar un deporte m\u00e1s.<\/p>\n<p>Patricio Gallardo M.<\/p>\n<p>&nbsp;<\/p>\n","protected":false},"excerpt":{"rendered":"<p>PUTAENDO.- Algunos j\u00f3venes de la comuna, que se dedican a las carreras de autos modificados o \u00abtunning\u00bb, est\u00e1n solicitando la intervenci\u00f3n y gesti\u00f3n de las autoridades comunales para que se pueda autorizar&#8230;<\/p>\n","protected":false},"author":482,"featured_media":44785,"comment_status":"open","ping_status":"closed","sticky":false,"template":"","format":"standard","meta":{"advanced_seo_description":"","jetpack_seo_html_title":"","jetpack_seo_noindex":false,"_jetpack_memberships_contains_paid_content":false,"footnotes":""},"categories":[15],"tags":[],"class_list":["post-44784","post","type-post","status-publish","format-standard","has-post-thumbnail","hentry","category-comunidad"],"jetpack_featured_media_url":"https:\/\/i0.wp.com\/eltrabajo.cl\/portal\/wp-content\/uploads\/2014\/03\/Arturo-Vega.jpg?fit=528%2C358&ssl=1","jetpack_sharing_enabled":true,"jetpack_likes_enabled":true,"jetpack-related-posts":[],"_links":{"self":[{"href":"https:\/\/eltrabajo.cl\/portal\/wp-json\/wp\/v2\/posts\/44784","targetHints":{"allow":["GET"]}}],"collection":[{"href":"https:\/\/eltrabajo.cl\/portal\/wp-json\/wp\/v2\/posts"}],"about":[{"href":"https:\/\/eltrabajo.cl\/portal\/wp-json\/wp\/v2\/types\/post"}],"author":[{"embeddable":true,"href":"https:\/\/eltrabajo.cl\/portal\/wp-json\/wp\/v2\/users\/482"}],"replies":[{"embeddable":true,"href":"https:\/\/eltrabajo.cl\/portal\/wp-json\/wp\/v2\/comments?post=44784"}],"version-history":[{"count":0,"href":"https:\/\/eltrabajo.cl\/portal\/wp-json\/wp\/v2\/posts\/44784\/revisions"}],"wp:featuredmedia":[{"embeddable":true,"href":"https:\/\/eltrabajo.cl\/portal\/wp-json\/wp\/v2\/media\/44785"}],"wp:attachment":[{"href":"https:\/\/eltrabajo.cl\/portal\/wp-json\/wp\/v2\/media?parent=44784"}],"wp:term":[{"taxonomy":"category","embeddable":true,"href":"https:\/\/eltrabajo.cl\/portal\/wp-json\/wp\/v2\/categories?post=44784"},{"taxonomy":"post_tag","embeddable":true,"href":"https:\/\/eltrabajo.cl\/portal\/wp-json\/wp\/v2\/tags?post=44784"}],"curies":[{"name":"wp","href":"https:\/\/api.w.org\/{rel}","templated":true}]}}