{"id":44788,"date":"2014-03-27T09:37:59","date_gmt":"2014-03-27T12:37:59","guid":{"rendered":"http:\/\/www.eltrabajo.cl\/portal\/?p=44788"},"modified":"2014-03-27T09:37:59","modified_gmt":"2014-03-27T12:37:59","slug":"camara-de-comercio-y-carabineros-en-campana-para-promover-telefonos-de-emergencia","status":"publish","type":"post","link":"https:\/\/eltrabajo.cl\/portal\/camara-de-comercio-y-carabineros-en-campana-para-promover-telefonos-de-emergencia\/","title":{"rendered":"C\u00e1mara de Comercio y Carabineros en campa\u00f1a para promover tel\u00e9fonos de emergencia"},"content":{"rendered":"<figure id=\"attachment_44789\" aria-describedby=\"caption-attachment-44789\" style=\"width: 528px\" class=\"wp-caption alignnone\"><a href=\"https:\/\/i0.wp.com\/www.eltrabajo.cl\/portal\/wp-content\/uploads\/2014\/03\/carabineras.jpg\"><img data-recalc-dims=\"1\" loading=\"lazy\" decoding=\"async\" class=\"size-full wp-image-44789\" alt=\"Efectivos de Carabineros entregaron d\u00edpticos informativos a comerciantes y transe\u00fantes del centro de San Felipe.\" src=\"https:\/\/i0.wp.com\/www.eltrabajo.cl\/portal\/wp-content\/uploads\/2014\/03\/carabineras.jpg?resize=528%2C417\" width=\"528\" height=\"417\" srcset=\"https:\/\/i0.wp.com\/eltrabajo.cl\/portal\/wp-content\/uploads\/2014\/03\/carabineras.jpg?w=528&amp;ssl=1 528w, https:\/\/i0.wp.com\/eltrabajo.cl\/portal\/wp-content\/uploads\/2014\/03\/carabineras.jpg?resize=189%2C150&amp;ssl=1 189w, https:\/\/i0.wp.com\/eltrabajo.cl\/portal\/wp-content\/uploads\/2014\/03\/carabineras.jpg?resize=300%2C236&amp;ssl=1 300w, https:\/\/i0.wp.com\/eltrabajo.cl\/portal\/wp-content\/uploads\/2014\/03\/carabineras.jpg?resize=150%2C118&amp;ssl=1 150w, https:\/\/i0.wp.com\/eltrabajo.cl\/portal\/wp-content\/uploads\/2014\/03\/carabineras.jpg?resize=400%2C315&amp;ssl=1 400w\" sizes=\"auto, (max-width: 528px) 100vw, 528px\" \/><\/a><figcaption id=\"caption-attachment-44789\" class=\"wp-caption-text\">Efectivos de Carabineros entregaron d\u00edpticos informativos a comerciantes y transe\u00fantes del centro de San Felipe.<\/figcaption><\/figure>\n<p>El Presidente de la C\u00e1mara de Comercio de San Felipe, Omar Juri Cerda y el Comisario de Carabineros, Mayor V\u00edctor Manuel Del Valle Urrutia, encabezaron la ma\u00f1ana de este martes una campa\u00f1a en el local c\u00e9ntrico de la ciudad, con la finalidad de difundir los tel\u00e9fonos de emergencia correspondientes a Carabineros y su respectivo \u2018Plan Cuadrante\u2019. Seg\u00fan el presidente del gremio mercantil, \u201ces fundamental el trabajo de comunicaci\u00f3n entre Carabineros y los comerciantes, que es lo que a nosotros nos compete. Obviamente existe preocupaci\u00f3n entre nuestros socios por este tema, porque a pesar de sus propias medidas de seguridad la delincuencia sigue afectando, y es por ello que este tipo de apoyos con las polic\u00edas resulta fundamental\u201d, explic\u00f3 Omar Juri.<\/p>\n<figure id=\"attachment_44790\" aria-describedby=\"caption-attachment-44790\" style=\"width: 317px\" class=\"wp-caption alignright\"><a href=\"https:\/\/i0.wp.com\/www.eltrabajo.cl\/portal\/wp-content\/uploads\/2014\/03\/omar-juri.jpg\"><img data-recalc-dims=\"1\" loading=\"lazy\" decoding=\"async\" class=\" wp-image-44790 \" alt=\"Omar Juri, Presidente de la C\u00e1mara de Comercio de San Felipe.\" src=\"https:\/\/i0.wp.com\/www.eltrabajo.cl\/portal\/wp-content\/uploads\/2014\/03\/omar-juri.jpg?resize=317%2C284\" width=\"317\" height=\"284\" srcset=\"https:\/\/i0.wp.com\/eltrabajo.cl\/portal\/wp-content\/uploads\/2014\/03\/omar-juri.jpg?w=529&amp;ssl=1 529w, https:\/\/i0.wp.com\/eltrabajo.cl\/portal\/wp-content\/uploads\/2014\/03\/omar-juri.jpg?resize=167%2C150&amp;ssl=1 167w, https:\/\/i0.wp.com\/eltrabajo.cl\/portal\/wp-content\/uploads\/2014\/03\/omar-juri.jpg?resize=300%2C268&amp;ssl=1 300w, https:\/\/i0.wp.com\/eltrabajo.cl\/portal\/wp-content\/uploads\/2014\/03\/omar-juri.jpg?resize=150%2C134&amp;ssl=1 150w, https:\/\/i0.wp.com\/eltrabajo.cl\/portal\/wp-content\/uploads\/2014\/03\/omar-juri.jpg?resize=400%2C358&amp;ssl=1 400w\" sizes=\"auto, (max-width: 317px) 100vw, 317px\" \/><\/a><figcaption id=\"caption-attachment-44790\" class=\"wp-caption-text\">Omar Juri, Presidente de la C\u00e1mara de Comercio de San Felipe.<\/figcaption><\/figure>\n<p>En tanto para el Mayor Del Valle, el aporte que hace la comunidad y los medios de comunicaci\u00f3n resultan fundamentales a la hora de combatir la delincuencia, ya que, \u201cnosotros constantemente estamos reuni\u00e9ndonos con diferentes actores de la comunidad. En este caso La C\u00e1mara de Comercio nos ayuda con este d\u00edptico adhesivo que contiene los tel\u00e9fonos de emergencia de Carabineros, y que sirve para descongestionar el Nivel 133 de la instituci\u00f3n\u201d. Ambos organismos visitaron algunos locales comerciales del centro de la ciudad y pegaron los adhesivos en las vitrinas de dichos locales.<\/p>\n<p>Carabineros reiter\u00f3 que el objetivo principal de esta campa\u00f1a es fortalecer las v\u00edas de comunicaci\u00f3n con la ciudadan\u00eda y por ello trabajar\u00e1n cada d\u00eda, con mucha presencia en las calles y acudiendo a cualquier llamado que la comunidad requiera.<\/p>\n<p>&nbsp;<\/p>\n","protected":false},"excerpt":{"rendered":"<p>El Presidente de la C\u00e1mara de Comercio de San Felipe, Omar Juri Cerda y el Comisario de Carabineros, Mayor V\u00edctor Manuel Del Valle Urrutia, encabezaron la ma\u00f1ana de este martes una campa\u00f1a&#8230;<\/p>\n","protected":false},"author":482,"featured_media":44789,"comment_status":"open","ping_status":"closed","sticky":false,"template":"","format":"standard","meta":{"advanced_seo_description":"","jetpack_seo_html_title":"","jetpack_seo_noindex":false,"_jetpack_memberships_contains_paid_content":false,"footnotes":""},"categories":[1],"tags":[],"class_list":["post-44788","post","type-post","status-publish","format-standard","has-post-thumbnail","hentry","category-cronica"],"jetpack_featured_media_url":"https:\/\/i0.wp.com\/eltrabajo.cl\/portal\/wp-content\/uploads\/2014\/03\/carabineras.jpg?fit=528%2C417&ssl=1","jetpack_sharing_enabled":true,"jetpack_likes_enabled":true,"jetpack-related-posts":[],"_links":{"self":[{"href":"https:\/\/eltrabajo.cl\/portal\/wp-json\/wp\/v2\/posts\/44788","targetHints":{"allow":["GET"]}}],"collection":[{"href":"https:\/\/eltrabajo.cl\/portal\/wp-json\/wp\/v2\/posts"}],"about":[{"href":"https:\/\/eltrabajo.cl\/portal\/wp-json\/wp\/v2\/types\/post"}],"author":[{"embeddable":true,"href":"https:\/\/eltrabajo.cl\/portal\/wp-json\/wp\/v2\/users\/482"}],"replies":[{"embeddable":true,"href":"https:\/\/eltrabajo.cl\/portal\/wp-json\/wp\/v2\/comments?post=44788"}],"version-history":[{"count":0,"href":"https:\/\/eltrabajo.cl\/portal\/wp-json\/wp\/v2\/posts\/44788\/revisions"}],"wp:featuredmedia":[{"embeddable":true,"href":"https:\/\/eltrabajo.cl\/portal\/wp-json\/wp\/v2\/media\/44789"}],"wp:attachment":[{"href":"https:\/\/eltrabajo.cl\/portal\/wp-json\/wp\/v2\/media?parent=44788"}],"wp:term":[{"taxonomy":"category","embeddable":true,"href":"https:\/\/eltrabajo.cl\/portal\/wp-json\/wp\/v2\/categories?post=44788"},{"taxonomy":"post_tag","embeddable":true,"href":"https:\/\/eltrabajo.cl\/portal\/wp-json\/wp\/v2\/tags?post=44788"}],"curies":[{"name":"wp","href":"https:\/\/api.w.org\/{rel}","templated":true}]}}