{"id":44793,"date":"2014-03-27T09:38:59","date_gmt":"2014-03-27T12:38:59","guid":{"rendered":"http:\/\/www.eltrabajo.cl\/portal\/?p=44793"},"modified":"2014-03-27T09:38:59","modified_gmt":"2014-03-27T12:38:59","slug":"dirigentes-del-partido-socialista-hace-visita-protocolar-al-nuevo-gobernador","status":"publish","type":"post","link":"https:\/\/eltrabajo.cl\/portal\/dirigentes-del-partido-socialista-hace-visita-protocolar-al-nuevo-gobernador\/","title":{"rendered":"Dirigentes del Partido Socialista hace visita protocolar al nuevo gobernador"},"content":{"rendered":"<figure id=\"attachment_44794\" aria-describedby=\"caption-attachment-44794\" style=\"width: 529px\" class=\"wp-caption alignnone\"><a href=\"https:\/\/i0.wp.com\/www.eltrabajo.cl\/portal\/wp-content\/uploads\/2014\/03\/Visita11.jpg\"><img data-recalc-dims=\"1\" loading=\"lazy\" decoding=\"async\" class=\"size-full wp-image-44794\" alt=\"Un saludo protocolar efectu\u00f3 la ma\u00f1ana de este martes 25 de marzo, la directiva provincial; directivas comunales y concejales del Partido Socialista al Gobernador Provincial Eduardo Le\u00f3n.\" src=\"https:\/\/i0.wp.com\/www.eltrabajo.cl\/portal\/wp-content\/uploads\/2014\/03\/Visita11.jpg?resize=529%2C320\" width=\"529\" height=\"320\" srcset=\"https:\/\/i0.wp.com\/eltrabajo.cl\/portal\/wp-content\/uploads\/2014\/03\/Visita11.jpg?w=529&amp;ssl=1 529w, https:\/\/i0.wp.com\/eltrabajo.cl\/portal\/wp-content\/uploads\/2014\/03\/Visita11.jpg?resize=200%2C120&amp;ssl=1 200w, https:\/\/i0.wp.com\/eltrabajo.cl\/portal\/wp-content\/uploads\/2014\/03\/Visita11.jpg?resize=300%2C181&amp;ssl=1 300w, https:\/\/i0.wp.com\/eltrabajo.cl\/portal\/wp-content\/uploads\/2014\/03\/Visita11.jpg?resize=150%2C90&amp;ssl=1 150w, https:\/\/i0.wp.com\/eltrabajo.cl\/portal\/wp-content\/uploads\/2014\/03\/Visita11.jpg?resize=400%2C241&amp;ssl=1 400w\" sizes=\"auto, (max-width: 529px) 100vw, 529px\" \/><\/a><figcaption id=\"caption-attachment-44794\" class=\"wp-caption-text\">Un saludo protocolar efectu\u00f3 la ma\u00f1ana de este martes 25 de marzo, la directiva provincial; directivas comunales y concejales del Partido Socialista al Gobernador Provincial Eduardo Le\u00f3n.<\/figcaption><\/figure>\n<p>Un saludo protocolar efectu\u00f3 la ma\u00f1ana de este martes 25 de marzo, la directiva provincial; directivas comunales y concejales del Partido Socialista al Gobernador Provincial Eduardo Le\u00f3n.<\/p>\n<p>La actividad, seg\u00fan inform\u00f3 el presidente provincial de la colectividad y Concejal de Catemu, Jos\u00e9 Vergara, quien coment\u00f3 que \u201ctuvo como prop\u00f3sito entregar un saludo a la autoridad del gobierno provincial, en la cual como autoridades y dirigentes del Partido Socialista, le expresamos nuestro compromiso con el gobierno de la Presidenta Bachellet, as\u00ed como tambi\u00e9n manifestar nuestra colaboraci\u00f3n en la gesti\u00f3n del gobernador a fin que el programa comprometido por la Nueva Mayor\u00eda con la ciudadan\u00eda se cumpla en la provincia\u201d.<\/p>\n<p>En la ocasi\u00f3n, los participantes de la reuni\u00f3n hicieron uso de la palabra para felicitar, pero tambi\u00e9n para expresar al Gobernador Le\u00f3n, diversas problem\u00e1ticas y situaciones que ocurren en cada una de las comunas. En el caso de San Felipe por ejemplo, algunos proyectos que quedaron pendientes en la administraci\u00f3n anterior, la situaci\u00f3n de los pozos en la comuna de Panquehue y un fortalecimiento de la seguridad ciudadana en la comuna de Santa Mar\u00eda.<\/p>\n<p>Asimismo, el Partido a trav\u00e9s de la ex-candidata a Core, Mar\u00eda Ang\u00e9lica Gonz\u00e1lez, solicito al gobernador una mayor paridad de g\u00e9nero en los cargos de gobierno que a\u00fan quedan por nombrar en la Provincia de San Felipe. Por su parte el Gobernador Eduardo Le\u00f3n, conjuntamente con agradecer la visita de los dirigentes del Partido Socialista, expres\u00f3 que desde el primer d\u00eda que asumi\u00f3 su cargo, se encuentra realizando un trabajo en terreno con los vecinos, pero tambi\u00e9n con las autoridades locales para interiorizarse y buscar soluciones a las problem\u00e1ticas en cada una de las comunidades.<\/p>\n<p>&nbsp;<\/p>\n","protected":false},"excerpt":{"rendered":"<p>Un saludo protocolar efectu\u00f3 la ma\u00f1ana de este martes 25 de marzo, la directiva provincial; directivas comunales y concejales del Partido Socialista al Gobernador Provincial Eduardo Le\u00f3n. La actividad, seg\u00fan inform\u00f3 el&#8230;<\/p>\n","protected":false},"author":482,"featured_media":44794,"comment_status":"open","ping_status":"closed","sticky":false,"template":"","format":"standard","meta":{"advanced_seo_description":"","jetpack_seo_html_title":"","jetpack_seo_noindex":false,"_jetpack_memberships_contains_paid_content":false,"footnotes":""},"categories":[1],"tags":[],"class_list":["post-44793","post","type-post","status-publish","format-standard","has-post-thumbnail","hentry","category-cronica"],"jetpack_featured_media_url":"https:\/\/i0.wp.com\/eltrabajo.cl\/portal\/wp-content\/uploads\/2014\/03\/Visita11.jpg?fit=529%2C320&ssl=1","jetpack_sharing_enabled":true,"jetpack_likes_enabled":true,"jetpack-related-posts":[],"_links":{"self":[{"href":"https:\/\/eltrabajo.cl\/portal\/wp-json\/wp\/v2\/posts\/44793","targetHints":{"allow":["GET"]}}],"collection":[{"href":"https:\/\/eltrabajo.cl\/portal\/wp-json\/wp\/v2\/posts"}],"about":[{"href":"https:\/\/eltrabajo.cl\/portal\/wp-json\/wp\/v2\/types\/post"}],"author":[{"embeddable":true,"href":"https:\/\/eltrabajo.cl\/portal\/wp-json\/wp\/v2\/users\/482"}],"replies":[{"embeddable":true,"href":"https:\/\/eltrabajo.cl\/portal\/wp-json\/wp\/v2\/comments?post=44793"}],"version-history":[{"count":0,"href":"https:\/\/eltrabajo.cl\/portal\/wp-json\/wp\/v2\/posts\/44793\/revisions"}],"wp:featuredmedia":[{"embeddable":true,"href":"https:\/\/eltrabajo.cl\/portal\/wp-json\/wp\/v2\/media\/44794"}],"wp:attachment":[{"href":"https:\/\/eltrabajo.cl\/portal\/wp-json\/wp\/v2\/media?parent=44793"}],"wp:term":[{"taxonomy":"category","embeddable":true,"href":"https:\/\/eltrabajo.cl\/portal\/wp-json\/wp\/v2\/categories?post=44793"},{"taxonomy":"post_tag","embeddable":true,"href":"https:\/\/eltrabajo.cl\/portal\/wp-json\/wp\/v2\/tags?post=44793"}],"curies":[{"name":"wp","href":"https:\/\/api.w.org\/{rel}","templated":true}]}}