{"id":44796,"date":"2014-03-27T09:40:39","date_gmt":"2014-03-27T12:40:39","guid":{"rendered":"http:\/\/www.eltrabajo.cl\/portal\/?p=44796"},"modified":"2014-03-27T09:40:39","modified_gmt":"2014-03-27T12:40:39","slug":"direccion-de-salud-municipal-de-san-felipe-llama-a-realizarse-examenes-preventivos","status":"publish","type":"post","link":"https:\/\/eltrabajo.cl\/portal\/direccion-de-salud-municipal-de-san-felipe-llama-a-realizarse-examenes-preventivos\/","title":{"rendered":"Direcci\u00f3n de Salud Municipal de San Felipe llama a realizarse ex\u00e1menes preventivos"},"content":{"rendered":"<figure id=\"attachment_44797\" aria-describedby=\"caption-attachment-44797\" style=\"width: 422px\" class=\"wp-caption alignleft\"><a href=\"https:\/\/i0.wp.com\/www.eltrabajo.cl\/portal\/wp-content\/uploads\/2014\/03\/Salud1.jpg\"><img data-recalc-dims=\"1\" loading=\"lazy\" decoding=\"async\" class=\" wp-image-44797 \" alt=\"Un llamado a realizarse los ex\u00e1menes de medicina preventiva, est\u00e1 realizando la Direcci\u00f3n de Salud Municipal de nuestra comuna.\" src=\"https:\/\/i0.wp.com\/www.eltrabajo.cl\/portal\/wp-content\/uploads\/2014\/03\/Salud1.jpg?resize=422%2C306\" width=\"422\" height=\"306\" srcset=\"https:\/\/i0.wp.com\/eltrabajo.cl\/portal\/wp-content\/uploads\/2014\/03\/Salud1.jpg?w=528&amp;ssl=1 528w, https:\/\/i0.wp.com\/eltrabajo.cl\/portal\/wp-content\/uploads\/2014\/03\/Salud1.jpg?resize=200%2C144&amp;ssl=1 200w, https:\/\/i0.wp.com\/eltrabajo.cl\/portal\/wp-content\/uploads\/2014\/03\/Salud1.jpg?resize=300%2C217&amp;ssl=1 300w, https:\/\/i0.wp.com\/eltrabajo.cl\/portal\/wp-content\/uploads\/2014\/03\/Salud1.jpg?resize=150%2C108&amp;ssl=1 150w, https:\/\/i0.wp.com\/eltrabajo.cl\/portal\/wp-content\/uploads\/2014\/03\/Salud1.jpg?resize=400%2C289&amp;ssl=1 400w\" sizes=\"auto, (max-width: 422px) 100vw, 422px\" \/><\/a><figcaption id=\"caption-attachment-44797\" class=\"wp-caption-text\">Un llamado a realizarse los ex\u00e1menes de medicina preventiva, est\u00e1 realizando la Direcci\u00f3n de Salud Municipal de nuestra comuna.<\/figcaption><\/figure>\n<p>Un llamado a los vecinos de San Felipe a acercarse a los centros de salud primaria existentes en la comuna; para realizarse los ex\u00e1menes de medicina preventiva, est\u00e1 realizando la Direcci\u00f3n de Salud Municipal de nuestra comuna. Que los vecinos tengan una mejor calidad de vida es una de las preocupaciones del Alcalde Patricio Freire, por ello el Departamento de Salud est\u00e1 realizando este llamado a efectuarse los ex\u00e1menes, a mantenerlos al d\u00eda y as\u00ed poder tener una vida sana, explic\u00f3 la Directora de Salud, Jenny Henr\u00edquez.<\/p>\n<p>Y en ese sentido, se\u00f1al\u00f3 que uno de los objetivos de la Red de Salud Municipal es la prevenci\u00f3n, por ello los Cesfam Curim\u00f3n, Segismundo Iturra y el Cecosf, est\u00e1n trabajando en ese sentido. Considerando que Chile tiene alta tasa de obesidad, enfermedades cardiovasculares y una poblaci\u00f3n que envejece casi al ritmo de los pa\u00edses desarrollados, la Red de Salud Municipal ha desplegado estrategias para prevenir la ocurrencia de estos problemas de salud en la poblaci\u00f3n y es por ello que en los centros de salud se desarrollan distintos tipos de ex\u00e1menes preventivos.<\/p>\n<p>Un primer grupo est\u00e1 enfocado en las personas entre los 20 y 64 a\u00f1os de edad y para quienes existe el Empa, un examen que contempla varios aspectos, entre los que se miden el peso de las personas, la presi\u00f3n arterial, la glicemia, el colesterol, y la evaluaci\u00f3n del PAP y mamograf\u00eda.<\/p>\n<p>\u201cEn este sentido la prevenci\u00f3n en forma temprana va a evitar que tengamos usuarios que en los a\u00f1os venideros desarrollen una enfermedad cr\u00f3nica cardiovascular, cosa que encarece el costo de la vida y empeora la calidad de vida de las personas\u201d, se\u00f1al\u00f3 Juan Pablo Jord\u00e1n, encargado del Programa de Adulto y Adulto mayor del Cesfam Curim\u00f3n.<\/p>\n<p>El examen preventivo del adulto es bastante amplio y ello permite la detecci\u00f3n a tiempo de alguna enfermedad, lo que redunda en una muy buena calidad de vida y para ello el \u00e1rea de salud municipal pone a disposici\u00f3n de los vecinos la infraestructura y profesionales para acceder a este tipo de examen. Los adultos mayores es otro grupo etario que est\u00e1 llamado a realizarse un examen preventivo, y que apunta a que ellos sean lo m\u00e1s independiente posible, contando con una buena salud.<\/p>\n<p>\u201cQueremos adultos mayores sanos, personas que puedan desarrollarse por largos a\u00f1os dentro de su medio sin ning\u00fan problema. F\u00e1cilmente encontramos personas sobre los 80 a\u00f1os en nuestra comuna, por eso queremos que esas personas que llegan a los 80 a\u00f1os, lleguen en las mejores condiciones\u201d, dijo Jord\u00e1n.<\/p>\n<p>&nbsp;<\/p>\n","protected":false},"excerpt":{"rendered":"<p>Un llamado a los vecinos de San Felipe a acercarse a los centros de salud primaria existentes en la comuna; para realizarse los ex\u00e1menes de medicina preventiva, est\u00e1 realizando la Direcci\u00f3n de&#8230;<\/p>\n","protected":false},"author":482,"featured_media":44797,"comment_status":"open","ping_status":"closed","sticky":false,"template":"","format":"standard","meta":{"advanced_seo_description":"","jetpack_seo_html_title":"","jetpack_seo_noindex":false,"_jetpack_memberships_contains_paid_content":false,"footnotes":""},"categories":[1],"tags":[],"class_list":["post-44796","post","type-post","status-publish","format-standard","has-post-thumbnail","hentry","category-cronica"],"jetpack_featured_media_url":"https:\/\/i0.wp.com\/eltrabajo.cl\/portal\/wp-content\/uploads\/2014\/03\/Salud1.jpg?fit=528%2C382&ssl=1","jetpack_sharing_enabled":true,"jetpack_likes_enabled":true,"jetpack-related-posts":[],"_links":{"self":[{"href":"https:\/\/eltrabajo.cl\/portal\/wp-json\/wp\/v2\/posts\/44796","targetHints":{"allow":["GET"]}}],"collection":[{"href":"https:\/\/eltrabajo.cl\/portal\/wp-json\/wp\/v2\/posts"}],"about":[{"href":"https:\/\/eltrabajo.cl\/portal\/wp-json\/wp\/v2\/types\/post"}],"author":[{"embeddable":true,"href":"https:\/\/eltrabajo.cl\/portal\/wp-json\/wp\/v2\/users\/482"}],"replies":[{"embeddable":true,"href":"https:\/\/eltrabajo.cl\/portal\/wp-json\/wp\/v2\/comments?post=44796"}],"version-history":[{"count":0,"href":"https:\/\/eltrabajo.cl\/portal\/wp-json\/wp\/v2\/posts\/44796\/revisions"}],"wp:featuredmedia":[{"embeddable":true,"href":"https:\/\/eltrabajo.cl\/portal\/wp-json\/wp\/v2\/media\/44797"}],"wp:attachment":[{"href":"https:\/\/eltrabajo.cl\/portal\/wp-json\/wp\/v2\/media?parent=44796"}],"wp:term":[{"taxonomy":"category","embeddable":true,"href":"https:\/\/eltrabajo.cl\/portal\/wp-json\/wp\/v2\/categories?post=44796"},{"taxonomy":"post_tag","embeddable":true,"href":"https:\/\/eltrabajo.cl\/portal\/wp-json\/wp\/v2\/tags?post=44796"}],"curies":[{"name":"wp","href":"https:\/\/api.w.org\/{rel}","templated":true}]}}