{"id":44804,"date":"2014-03-27T09:43:47","date_gmt":"2014-03-27T12:43:47","guid":{"rendered":"http:\/\/www.eltrabajo.cl\/portal\/?p=44804"},"modified":"2014-03-27T09:43:47","modified_gmt":"2014-03-27T12:43:47","slug":"presentarian-hoy-recurso-de-apelacion-ante-corte-suprema-por-caso-edwin-martinez","status":"publish","type":"post","link":"https:\/\/eltrabajo.cl\/portal\/presentarian-hoy-recurso-de-apelacion-ante-corte-suprema-por-caso-edwin-martinez\/","title":{"rendered":"Presentar\u00edan hoy Recurso de Apelaci\u00f3n ante Corte Suprema por caso Edwin Mart\u00ednez"},"content":{"rendered":"<figure id=\"attachment_44805\" aria-describedby=\"caption-attachment-44805\" style=\"width: 317px\" class=\"wp-caption alignleft\"><a href=\"https:\/\/i0.wp.com\/www.eltrabajo.cl\/portal\/wp-content\/uploads\/2014\/03\/Edwin-Martinez.jpg\"><img data-recalc-dims=\"1\" loading=\"lazy\" decoding=\"async\" class=\" wp-image-44805 \" alt=\"Edwin Luciano Mart\u00ednez Moreira, ex-jefe de la Dipma.\" src=\"https:\/\/i0.wp.com\/www.eltrabajo.cl\/portal\/wp-content\/uploads\/2014\/03\/Edwin-Martinez.jpg?resize=317%2C292\" width=\"317\" height=\"292\" srcset=\"https:\/\/i0.wp.com\/eltrabajo.cl\/portal\/wp-content\/uploads\/2014\/03\/Edwin-Martinez.jpg?w=529&amp;ssl=1 529w, https:\/\/i0.wp.com\/eltrabajo.cl\/portal\/wp-content\/uploads\/2014\/03\/Edwin-Martinez.jpg?resize=162%2C150&amp;ssl=1 162w, https:\/\/i0.wp.com\/eltrabajo.cl\/portal\/wp-content\/uploads\/2014\/03\/Edwin-Martinez.jpg?resize=300%2C276&amp;ssl=1 300w, https:\/\/i0.wp.com\/eltrabajo.cl\/portal\/wp-content\/uploads\/2014\/03\/Edwin-Martinez.jpg?resize=150%2C138&amp;ssl=1 150w, https:\/\/i0.wp.com\/eltrabajo.cl\/portal\/wp-content\/uploads\/2014\/03\/Edwin-Martinez.jpg?resize=400%2C368&amp;ssl=1 400w\" sizes=\"auto, (max-width: 317px) 100vw, 317px\" \/><\/a><figcaption id=\"caption-attachment-44805\" class=\"wp-caption-text\">Edwin Luciano Mart\u00ednez Moreira, ex-jefe de la Dipma.<\/figcaption><\/figure>\n<p>El Abogado de la Municipalidad de San Felipe, Jorge Jara Catal\u00e1n, se\u00f1al\u00f3 que hoy jueves presentar\u00edan un Recurso de Apelaci\u00f3n por el caso del ex-director de la Direcci\u00f3n de Protecci\u00f3n del Medio Ambiente (Dipma), que fue destituido de su cargo en enero de este a\u00f1o.<\/p>\n<p>\u201cEn todos los procesos jur\u00eddicos existe la posibilidad de que alguien presente esta \u2018Orden de no Innovar\u2019, que no es m\u00e1s que la solicitud de que se suspenda todo acto arbitrario o ilegal que se est\u00e1 invocando, mientras se desarrolla el fondo de un asunto en otro Recurso. Por esa raz\u00f3n la municipalidad est\u00e1 solicitando que se revierta dicha declaratoria, porque consideramos que existen elementos suficientes para legitimar la medida que el municipio adopt\u00f3\u201d, se\u00f1al\u00f3 el abogado. Mientras tanto, el profesional se\u00f1al\u00f3 que Mart\u00ednez \u201ccontin\u00faa destituido de su cargo, con el sumario finiquitado y con el decreto firmado e informado a la Contralor\u00eda de Valpara\u00edso\u201d.<\/p>\n<p><strong>LA DESTITUCI\u00d3N<\/strong><\/p>\n<p>Como se recordar\u00e1, en enero pasado Edwin Luciano Mart\u00ednez Moreira fue destituido de su cargo tras culminar un sumario administrativo instruido en el segundo semestre de 2013, el que tuvo por Fiscal al Administrador Municipal, Patricio Gonz\u00e1lez.<\/p>\n<p>El sumario estableci\u00f3 que Mart\u00ednez extendi\u00f3 a la empresa de \u00e1ridos Vargas, un certificado firmado por \u00e9l para que funcionara en sus terrenos una escombrera, la cual seg\u00fan el municipio, \u201cno ten\u00eda ning\u00fan tipo de permisos, ni patentes y lo que es m\u00e1s grave, nunca fue autorizada por el Concejo Municipal, ni por el ex Alcalde Jaime Amar y la actual autoridad municipal, Patricio Freire, en tanto que tampoco existe alg\u00fan documento formal que acreditara o que delegara la facultad al jefe de la Dipma para autorizar ese tipo de negocios\u201d.<\/p>\n<p>En definitiva, seg\u00fan el municipio local, el sumario administrativo concluy\u00f3 que Mart\u00ednez no ten\u00eda ninguna autoridad o facultad para extender ese tipo de autorizaciones. En la oportunidad y a trav\u00e9s de una conferencia de prensa, el funcionario municipal y Asesor Jur\u00eddico, Mauricio Mass, comunic\u00f3 p\u00fablicamente la medida municipal, se\u00f1alando que \u201cel sumario se inici\u00f3 en el mes de septiembre de 2013, existiendo algunos problemas de tramitaci\u00f3n, ya que Edwin Mart\u00ednez estuvo desde ese mismo d\u00eda con una licencia m\u00e9dica bastante prolongada, con posterioridad a eso se formularon dos cargos, d\u00e1ndole la oportunidad al funcionario para que hiciera su defensa, la que present\u00f3 en tiempo y forma, pero los cargos no pudieron ser desvirtuados, precisamente reafirmaron la visi\u00f3n que ten\u00eda el fiscal sumariante al formular los cargos\u201d.<\/p>\n<p>Mart\u00ednez era funcionario de planta; arquitecto de profesi\u00f3n; ten\u00eda m\u00e1s de 16 a\u00f1os en el municipio local y mientras estaba con licencia m\u00e9dica percib\u00eda una renta cercana a los 2.300.000 pesos mensuales. La administraci\u00f3n de Patricio Freire destituy\u00f3 adem\u00e1s a otros tres funcionarios del mismo departamento, destin\u00e1ndolos a otras \u00e1reas.<\/p>\n<p>&nbsp;<\/p>\n","protected":false},"excerpt":{"rendered":"<p>El Abogado de la Municipalidad de San Felipe, Jorge Jara Catal\u00e1n, se\u00f1al\u00f3 que hoy jueves presentar\u00edan un Recurso de Apelaci\u00f3n por el caso del ex-director de la Direcci\u00f3n de Protecci\u00f3n del Medio&#8230;<\/p>\n","protected":false},"author":482,"featured_media":44805,"comment_status":"open","ping_status":"closed","sticky":false,"template":"","format":"standard","meta":{"advanced_seo_description":"","jetpack_seo_html_title":"","jetpack_seo_noindex":false,"_jetpack_memberships_contains_paid_content":false,"footnotes":""},"categories":[1],"tags":[],"class_list":["post-44804","post","type-post","status-publish","format-standard","has-post-thumbnail","hentry","category-cronica"],"jetpack_featured_media_url":"https:\/\/i0.wp.com\/eltrabajo.cl\/portal\/wp-content\/uploads\/2014\/03\/Edwin-Martinez.jpg?fit=529%2C487&ssl=1","jetpack_sharing_enabled":true,"jetpack_likes_enabled":true,"jetpack-related-posts":[],"_links":{"self":[{"href":"https:\/\/eltrabajo.cl\/portal\/wp-json\/wp\/v2\/posts\/44804","targetHints":{"allow":["GET"]}}],"collection":[{"href":"https:\/\/eltrabajo.cl\/portal\/wp-json\/wp\/v2\/posts"}],"about":[{"href":"https:\/\/eltrabajo.cl\/portal\/wp-json\/wp\/v2\/types\/post"}],"author":[{"embeddable":true,"href":"https:\/\/eltrabajo.cl\/portal\/wp-json\/wp\/v2\/users\/482"}],"replies":[{"embeddable":true,"href":"https:\/\/eltrabajo.cl\/portal\/wp-json\/wp\/v2\/comments?post=44804"}],"version-history":[{"count":0,"href":"https:\/\/eltrabajo.cl\/portal\/wp-json\/wp\/v2\/posts\/44804\/revisions"}],"wp:featuredmedia":[{"embeddable":true,"href":"https:\/\/eltrabajo.cl\/portal\/wp-json\/wp\/v2\/media\/44805"}],"wp:attachment":[{"href":"https:\/\/eltrabajo.cl\/portal\/wp-json\/wp\/v2\/media?parent=44804"}],"wp:term":[{"taxonomy":"category","embeddable":true,"href":"https:\/\/eltrabajo.cl\/portal\/wp-json\/wp\/v2\/categories?post=44804"},{"taxonomy":"post_tag","embeddable":true,"href":"https:\/\/eltrabajo.cl\/portal\/wp-json\/wp\/v2\/tags?post=44804"}],"curies":[{"name":"wp","href":"https:\/\/api.w.org\/{rel}","templated":true}]}}