{"id":44808,"date":"2014-03-27T09:45:13","date_gmt":"2014-03-27T12:45:13","guid":{"rendered":"http:\/\/www.eltrabajo.cl\/portal\/?p=44808"},"modified":"2014-03-27T09:45:13","modified_gmt":"2014-03-27T12:45:13","slug":"trabajadores-denuncian-no-pago-de-servicios-en-obras-de-embalse-chacrillas","status":"publish","type":"post","link":"https:\/\/eltrabajo.cl\/portal\/trabajadores-denuncian-no-pago-de-servicios-en-obras-de-embalse-chacrillas\/","title":{"rendered":"Trabajadores denuncian no pago de servicios en obras de Embalse Chacrillas"},"content":{"rendered":"<figure id=\"attachment_44809\" aria-describedby=\"caption-attachment-44809\" style=\"width: 528px\" class=\"wp-caption alignnone\"><a href=\"https:\/\/i0.wp.com\/www.eltrabajo.cl\/portal\/wp-content\/uploads\/2014\/03\/Empleados1.jpg\"><img data-recalc-dims=\"1\" loading=\"lazy\" decoding=\"async\" class=\"size-full wp-image-44809\" alt=\"Apesadumbrados se encuentran estos trabajadores provenientes del sur y que vieron en el proyecto de Embalse Chacrillas una posibilidad de surgir. Hoy la realidad es calamitosa y no pueden siquiera pagar sus propias deudas.\" src=\"https:\/\/i0.wp.com\/www.eltrabajo.cl\/portal\/wp-content\/uploads\/2014\/03\/Empleados1.jpg?resize=528%2C414\" width=\"528\" height=\"414\" srcset=\"https:\/\/i0.wp.com\/eltrabajo.cl\/portal\/wp-content\/uploads\/2014\/03\/Empleados1.jpg?w=528&amp;ssl=1 528w, https:\/\/i0.wp.com\/eltrabajo.cl\/portal\/wp-content\/uploads\/2014\/03\/Empleados1.jpg?resize=191%2C150&amp;ssl=1 191w, https:\/\/i0.wp.com\/eltrabajo.cl\/portal\/wp-content\/uploads\/2014\/03\/Empleados1.jpg?resize=300%2C235&amp;ssl=1 300w, https:\/\/i0.wp.com\/eltrabajo.cl\/portal\/wp-content\/uploads\/2014\/03\/Empleados1.jpg?resize=150%2C117&amp;ssl=1 150w, https:\/\/i0.wp.com\/eltrabajo.cl\/portal\/wp-content\/uploads\/2014\/03\/Empleados1.jpg?resize=400%2C313&amp;ssl=1 400w\" sizes=\"auto, (max-width: 528px) 100vw, 528px\" \/><\/a><figcaption id=\"caption-attachment-44809\" class=\"wp-caption-text\">Apesadumbrados se encuentran estos trabajadores provenientes del sur y que vieron en el proyecto de Embalse Chacrillas una posibilidad de surgir. Hoy la realidad es calamitosa y no pueden siquiera pagar sus propias deudas.<\/figcaption><\/figure>\n<p>Un grupo de trabajadores que presta servicios para la empresa Raut\u00e9n denuncian estar impagos por m\u00e1s de siete meses en las obras del embalse Chacrillas que se levanta como megaproyecto en el caj\u00f3n de Los Patos, en la comuna de Putaendo. Seg\u00fan relatan Francisco Alfaro y Carlos Torres, ellos son prestadores de servicios para la empresa Raut\u00e9n, la que a su vez es encomendada por la empresa OHL. La labor que desempe\u00f1an estos trabajadores provenientes del sur del pa\u00eds, es el movimiento de tierra.<\/p>\n<p>\u00abEstos se\u00f1ores nos adeudan siete meses de trabajo, el que consiste en \u2018parrillarles\u2019 el material que OHL utiliza para levantar el embalse. Y desde el mes de septiembre s\u00f3lo nos han dado algunas \u2018luquitas huachas\u2019 nom\u00e1s. Esto es dram\u00e1tico para nosotros, porque no tenemos c\u00f3mo pagar los cr\u00e9ditos que nosotros pedimos para comprar nuestras maquinarias. No tenemos c\u00f3mo pagarle al banco, ni siquiera hemos pagado nuestro IVA\u00bb.<\/p>\n<p>Los trabajadores se\u00f1alan que la situaci\u00f3n es todav\u00eda m\u00e1s grande si se considera la cantidad de gente a la que se le debe dinero, y que est\u00e1n en las mismas condiciones que ellos.<\/p>\n<p><strong>CADENA DE MALES<\/strong><\/p>\n<p>\u00abNosotros mismos le debemos dineros a las se\u00f1oras que nos das la pensi\u00f3n u otros servicios y no le hemos podido pagar. Ellas est\u00e1n sin ning\u00fan peso en el bolsillo, porque las se\u00f1oras han invertido para tener un ingreso, pero sin pagos no pudieron seguir con su negocio\u00bb, asegura Francisco Alfaro. Explican que hay otros proveedores que estar\u00edan haciendo una demanda contra Raut\u00e9n, pero esa misma empresa se har\u00e1 parte de una denuncia, porque a ellos OHL no les ha pagado tampoco.<\/p>\n<p>\u00abCuando nosotros quisimos hablar con la gente de OHL, nos atendieron de la administraci\u00f3n y sencillamente nos dijeron que ellos no se entend\u00edan con nosotros, porque nunca han hecho trato con nosotros\u00bb, comentaron los trabajadores, quienes confirmaron que las deudas acumuladas con su peque\u00f1a empresa asciende a los 80 millones de pesos.<\/p>\n<p>&nbsp;<\/p>\n","protected":false},"excerpt":{"rendered":"<p>Un grupo de trabajadores que presta servicios para la empresa Raut\u00e9n denuncian estar impagos por m\u00e1s de siete meses en las obras del embalse Chacrillas que se levanta como megaproyecto en el&#8230;<\/p>\n","protected":false},"author":482,"featured_media":44809,"comment_status":"open","ping_status":"closed","sticky":false,"template":"","format":"standard","meta":{"advanced_seo_description":"","jetpack_seo_html_title":"","jetpack_seo_noindex":false,"_jetpack_memberships_contains_paid_content":false,"footnotes":""},"categories":[15],"tags":[],"class_list":["post-44808","post","type-post","status-publish","format-standard","has-post-thumbnail","hentry","category-comunidad"],"jetpack_featured_media_url":"https:\/\/i0.wp.com\/eltrabajo.cl\/portal\/wp-content\/uploads\/2014\/03\/Empleados1.jpg?fit=528%2C414&ssl=1","jetpack_sharing_enabled":true,"jetpack_likes_enabled":true,"jetpack-related-posts":[],"_links":{"self":[{"href":"https:\/\/eltrabajo.cl\/portal\/wp-json\/wp\/v2\/posts\/44808","targetHints":{"allow":["GET"]}}],"collection":[{"href":"https:\/\/eltrabajo.cl\/portal\/wp-json\/wp\/v2\/posts"}],"about":[{"href":"https:\/\/eltrabajo.cl\/portal\/wp-json\/wp\/v2\/types\/post"}],"author":[{"embeddable":true,"href":"https:\/\/eltrabajo.cl\/portal\/wp-json\/wp\/v2\/users\/482"}],"replies":[{"embeddable":true,"href":"https:\/\/eltrabajo.cl\/portal\/wp-json\/wp\/v2\/comments?post=44808"}],"version-history":[{"count":0,"href":"https:\/\/eltrabajo.cl\/portal\/wp-json\/wp\/v2\/posts\/44808\/revisions"}],"wp:featuredmedia":[{"embeddable":true,"href":"https:\/\/eltrabajo.cl\/portal\/wp-json\/wp\/v2\/media\/44809"}],"wp:attachment":[{"href":"https:\/\/eltrabajo.cl\/portal\/wp-json\/wp\/v2\/media?parent=44808"}],"wp:term":[{"taxonomy":"category","embeddable":true,"href":"https:\/\/eltrabajo.cl\/portal\/wp-json\/wp\/v2\/categories?post=44808"},{"taxonomy":"post_tag","embeddable":true,"href":"https:\/\/eltrabajo.cl\/portal\/wp-json\/wp\/v2\/tags?post=44808"}],"curies":[{"name":"wp","href":"https:\/\/api.w.org\/{rel}","templated":true}]}}