{"id":44820,"date":"2014-03-28T09:25:15","date_gmt":"2014-03-28T12:25:15","guid":{"rendered":"http:\/\/www.eltrabajo.cl\/portal\/?p=44820"},"modified":"2014-03-28T09:25:15","modified_gmt":"2014-03-28T12:25:15","slug":"javier-crasemann-ante-fallo-de-la-corte-suprema-es-hora-de-trabajar-por-proyectos-eficientes-para-cada-una-de-las-secciones-del-rio-aconcagua","status":"publish","type":"post","link":"https:\/\/eltrabajo.cl\/portal\/javier-crasemann-ante-fallo-de-la-corte-suprema-es-hora-de-trabajar-por-proyectos-eficientes-para-cada-una-de-las-secciones-del-rio-aconcagua\/","title":{"rendered":"Javier Crasemann ante fallo de la Corte Suprema: \u00abEs hora de trabajar por proyectos eficientes para cada una de las secciones del R\u00edo Aconcagua\u00bb"},"content":{"rendered":"<figure id=\"attachment_44821\" aria-describedby=\"caption-attachment-44821\" style=\"width: 317px\" class=\"wp-caption alignleft\"><a href=\"https:\/\/i0.wp.com\/www.eltrabajo.cl\/portal\/wp-content\/uploads\/2014\/03\/Javier-Crasemann.jpg\"><img data-recalc-dims=\"1\" loading=\"lazy\" decoding=\"async\" class=\" wp-image-44821 \" alt=\"Javier Crasemann, Presidente Junta de Vigilancia- Primera Secci\u00f3n del R\u00edo Aconcagua.\" src=\"https:\/\/i0.wp.com\/www.eltrabajo.cl\/portal\/wp-content\/uploads\/2014\/03\/Javier-Crasemann.jpg?resize=317%2C396\" width=\"317\" height=\"396\" srcset=\"https:\/\/i0.wp.com\/eltrabajo.cl\/portal\/wp-content\/uploads\/2014\/03\/Javier-Crasemann.jpg?w=529&amp;ssl=1 529w, https:\/\/i0.wp.com\/eltrabajo.cl\/portal\/wp-content\/uploads\/2014\/03\/Javier-Crasemann.jpg?resize=120%2C150&amp;ssl=1 120w, https:\/\/i0.wp.com\/eltrabajo.cl\/portal\/wp-content\/uploads\/2014\/03\/Javier-Crasemann.jpg?resize=240%2C300&amp;ssl=1 240w, https:\/\/i0.wp.com\/eltrabajo.cl\/portal\/wp-content\/uploads\/2014\/03\/Javier-Crasemann.jpg?resize=400%2C499&amp;ssl=1 400w\" sizes=\"auto, (max-width: 317px) 100vw, 317px\" \/><\/a><figcaption id=\"caption-attachment-44821\" class=\"wp-caption-text\">Javier Crasemann, Presidente Junta de Vigilancia- Primera Secci\u00f3n del R\u00edo Aconcagua.<\/figcaption><\/figure>\n<p>La Corte Suprema se\u00f1al\u00f3 que la Junta de Vigilancia de la Primera Secci\u00f3n del R\u00edo Aconcagua no ha incurrido en las conductas ilegales que se le atribuyen, ha desarrollado con apego a la ley la gesti\u00f3n del recurso h\u00eddrico que el ordenamiento jur\u00eddico le asigna. Frente a lo cual el Presidente de la Junta de Vigilancia de la Primera Secci\u00f3n, Javier Crasemann, destaca que es hora de trabajar por proyectos eficientes para una correcta administraci\u00f3n y cuidado del agua de toda la cuenca del R\u00edo Aconcagua, para que todas las secciones se vean beneficiadas.<\/p>\n<p><strong>\u00c9NFASIS DEL FALLO<\/strong><\/p>\n<p>Asimismo, se\u00f1ala que al no haberse producido ninguna modificaci\u00f3n en el ejercicio de los derechos de aprovechamiento de cada uno de los usuarios, que forman parte de las distintas secciones del R\u00edo Aconcagua, ya sea por acuerdos pactados entre ellos o por la injerencia de la administraci\u00f3n, la Junta de Vigilancia de la Primera Secci\u00f3n tiene la obligaci\u00f3n legal de continuar distribuyendo el agua conforme a los derechos constituidos en dicha secci\u00f3n del r\u00edo.<\/p>\n<p>En efecto, mientras no se acuerde o decida por la autoridad una redistribuci\u00f3n de aguas de car\u00e1cter excepcional atendidas las condiciones hidrol\u00f3gicas existentes, la primera secci\u00f3n debe continuar distribuyendo conforme a derecho los caudales disponibles en esta secci\u00f3n del r\u00edo.<\/p>\n<p>Crasemann enfatiza que cada secci\u00f3n necesita soluciones diferentes, pero que deben presentarse en forma conjunta a las autoridades para conseguir los financiamientos necesarios. Se\u00f1ala que como secci\u00f3n, tienen varios proyectos en carpeta, que incluyen: bocatoma unificada en el r\u00edo y conducci\u00f3n por canales matrices revestidos y\/o presurizados; tres embalses y mejoramiento de la red de canales mediante revestimiento y\/o presurizaci\u00f3n. Adem\u00e1s est\u00e1n evaluando algunos puntos que tienen potencial de generaci\u00f3n hidroel\u00e9ctrica.<\/p>\n<p>Sin embargo para lograr mejoras, Crasemann ha reiterado en varias ocasiones que el tema h\u00eddrico debe ser prioritario en la Quinta Regi\u00f3n, ya que la demanda por agua crece todos los d\u00edas; se han plantado innumerables cerros; los proyectos mineros aumentan y el agua es la misma o menos.<\/p>\n<p>Entre otras acciones, adem\u00e1s se propone que deber\u00eda haber un cambio de criterio en relaci\u00f3n a las superficies de riego como la modificaci\u00f3n a la Ley de Riego que actualmente prioriza las nuevas hect\u00e1reas de riego por sobre los proyectos de seguridad y eficiencia.<\/p>\n<p>&nbsp;<\/p>\n","protected":false},"excerpt":{"rendered":"<p>La Corte Suprema se\u00f1al\u00f3 que la Junta de Vigilancia de la Primera Secci\u00f3n del R\u00edo Aconcagua no ha incurrido en las conductas ilegales que se le atribuyen, ha desarrollado con apego a&#8230;<\/p>\n","protected":false},"author":482,"featured_media":44821,"comment_status":"open","ping_status":"closed","sticky":false,"template":"","format":"standard","meta":{"advanced_seo_description":"","jetpack_seo_html_title":"","jetpack_seo_noindex":false,"_jetpack_memberships_contains_paid_content":false,"footnotes":""},"categories":[1],"tags":[],"class_list":["post-44820","post","type-post","status-publish","format-standard","has-post-thumbnail","hentry","category-cronica"],"jetpack_featured_media_url":"https:\/\/i0.wp.com\/eltrabajo.cl\/portal\/wp-content\/uploads\/2014\/03\/Javier-Crasemann.jpg?fit=529%2C660&ssl=1","jetpack_sharing_enabled":true,"jetpack_likes_enabled":true,"jetpack-related-posts":[],"_links":{"self":[{"href":"https:\/\/eltrabajo.cl\/portal\/wp-json\/wp\/v2\/posts\/44820","targetHints":{"allow":["GET"]}}],"collection":[{"href":"https:\/\/eltrabajo.cl\/portal\/wp-json\/wp\/v2\/posts"}],"about":[{"href":"https:\/\/eltrabajo.cl\/portal\/wp-json\/wp\/v2\/types\/post"}],"author":[{"embeddable":true,"href":"https:\/\/eltrabajo.cl\/portal\/wp-json\/wp\/v2\/users\/482"}],"replies":[{"embeddable":true,"href":"https:\/\/eltrabajo.cl\/portal\/wp-json\/wp\/v2\/comments?post=44820"}],"version-history":[{"count":0,"href":"https:\/\/eltrabajo.cl\/portal\/wp-json\/wp\/v2\/posts\/44820\/revisions"}],"wp:featuredmedia":[{"embeddable":true,"href":"https:\/\/eltrabajo.cl\/portal\/wp-json\/wp\/v2\/media\/44821"}],"wp:attachment":[{"href":"https:\/\/eltrabajo.cl\/portal\/wp-json\/wp\/v2\/media?parent=44820"}],"wp:term":[{"taxonomy":"category","embeddable":true,"href":"https:\/\/eltrabajo.cl\/portal\/wp-json\/wp\/v2\/categories?post=44820"},{"taxonomy":"post_tag","embeddable":true,"href":"https:\/\/eltrabajo.cl\/portal\/wp-json\/wp\/v2\/tags?post=44820"}],"curies":[{"name":"wp","href":"https:\/\/api.w.org\/{rel}","templated":true}]}}