{"id":44838,"date":"2014-03-28T09:32:22","date_gmt":"2014-03-28T12:32:22","guid":{"rendered":"http:\/\/www.eltrabajo.cl\/portal\/?p=44838"},"modified":"2014-03-28T09:32:22","modified_gmt":"2014-03-28T12:32:22","slug":"entregan-reconocimiento-a-establecimientos-educativos-con-excelencia-academica","status":"publish","type":"post","link":"https:\/\/eltrabajo.cl\/portal\/entregan-reconocimiento-a-establecimientos-educativos-con-excelencia-academica\/","title":{"rendered":"Entregan reconocimiento a establecimientos educativos con Excelencia Acad\u00e9mica"},"content":{"rendered":"<figure id=\"attachment_44839\" aria-describedby=\"caption-attachment-44839\" style=\"width: 528px\" class=\"wp-caption alignnone\"><a href=\"https:\/\/i0.wp.com\/www.eltrabajo.cl\/portal\/wp-content\/uploads\/2014\/03\/Excelencia12.jpg\"><img data-recalc-dims=\"1\" loading=\"lazy\" decoding=\"async\" class=\"size-full wp-image-44839\" alt=\"LOS MEJORES.-  El alcalde destac\u00f3 el logro alcanzado por estos establecimientos y por el trabajo que se realiza al interior, dando realce a la labor de los directivos, docentes y los alumnos, as\u00ed como tambi\u00e9n a los padres y apoderados que son parte del proceso de aprendizaje de sus hijos.\" src=\"https:\/\/i0.wp.com\/www.eltrabajo.cl\/portal\/wp-content\/uploads\/2014\/03\/Excelencia12.jpg?resize=528%2C269\" width=\"528\" height=\"269\" srcset=\"https:\/\/i0.wp.com\/eltrabajo.cl\/portal\/wp-content\/uploads\/2014\/03\/Excelencia12.jpg?w=528&amp;ssl=1 528w, https:\/\/i0.wp.com\/eltrabajo.cl\/portal\/wp-content\/uploads\/2014\/03\/Excelencia12.jpg?resize=200%2C101&amp;ssl=1 200w, https:\/\/i0.wp.com\/eltrabajo.cl\/portal\/wp-content\/uploads\/2014\/03\/Excelencia12.jpg?resize=300%2C152&amp;ssl=1 300w, https:\/\/i0.wp.com\/eltrabajo.cl\/portal\/wp-content\/uploads\/2014\/03\/Excelencia12.jpg?resize=150%2C76&amp;ssl=1 150w, https:\/\/i0.wp.com\/eltrabajo.cl\/portal\/wp-content\/uploads\/2014\/03\/Excelencia12.jpg?resize=400%2C203&amp;ssl=1 400w\" sizes=\"auto, (max-width: 528px) 100vw, 528px\" \/><\/a><figcaption id=\"caption-attachment-44839\" class=\"wp-caption-text\">LOS MEJORES.- El alcalde destac\u00f3 el logro alcanzado por estos establecimientos y por el trabajo que se realiza al interior, dando realce a la labor de los directivos, docentes y los alumnos, as\u00ed como tambi\u00e9n a los padres y apoderados que son parte del proceso de aprendizaje de sus hijos.<\/figcaption><\/figure>\n<p>Este jueves, en una actividad realizada en la Municipalidad de San Felipe, el Alcalde Patricio Freire Canto y acompa\u00f1ado del Jefe de la Daem, Iv\u00e1n Silva Padilla, distingui\u00f3 a los establecimientos municipalizados y particulares subvencionados de la comuna, al haber alcanzado la calidad de Excelencia Acad\u00e9mica 2014-2015. La actividad fue realizada en uno de los salones del municipio, hasta donde llegaron los directores y representantes de los once establecimientos que alcanzaron esta distinci\u00f3n, quienes compartieron un desayuno con la autoridad comunal.<\/p>\n<p>En la oportunidad, el alcalde destac\u00f3 el logro alcanzado por estos establecimientos y por el trabajo que se realiza al interior, dando realce a la labor de los directivos, docentes y los alumnos, as\u00ed como tambi\u00e9n a los padres y apoderados que son parte del proceso de aprendizaje de sus hijos.<\/p>\n<p>\u201cHoy para nosotros es muy importante recibir a los colegios que alcanzaron esta distinci\u00f3n de excelencia acad\u00e9mica. Hoy nos acompa\u00f1an los establecimientos particulares subvencionados y los municipalizados porque el objetivo es integrarlos y felicitarlos a todos por el trabajo que realizan al interior de sus aulas\u201d, se\u00f1al\u00f3 el jefe comunal.<\/p>\n<p>El reconocimiento significa que los docentes recibir\u00e1n un bono, cancelado en cuatro cuotas anuales, para lo que se tom\u00f3, como periodo a evaluar, los a\u00f1os 2012-2013, lo que implicar\u00e1 que los beneficios ser\u00e1n percibidos en los periodos 2014-2015. Los establecimientos destacados a nivel municipal son las escuelas Heriberto Berm\u00fadez Cruz; la Mateo Cokljat; Buen Pastor; Sagrado Coraz\u00f3n y el Liceo Bicentenario Cordillera, quienes reciben un 1005 de la subvenci\u00f3n, mientras que la Escuela Carmela Carvajal de Prat de Curim\u00f3n logr\u00f3 un 60 %.<\/p>\n<p>La Directora de la Escuela Especial Sagrado Coraz\u00f3n, Beatriz Gallardo, manifest\u00f3 sentirse orgullosa que su comunidad escolar haya alcanzado este reconocimiento, que demuestra el gran trabajo que se realiza al interior del establecimiento.<\/p>\n<p>\u201cAqu\u00ed se incluye un gran trabajo f\u00edsico, de preparaci\u00f3n, de planificaci\u00f3n y de atender a una poblaci\u00f3n que tiene mayores necesidades y que requiere de mayores apoyos. Nosotros como instituci\u00f3n nos sentimos orgullosos de este reconocimiento que valor el trabajo que se hace en la escuela y que habla de la implementaci\u00f3n que se ha logrado en la escuela, de un gabinete t\u00e9cnico que incluye kinesi\u00f3logo, terapeuta, fonoaudi\u00f3logo, psic\u00f3loga y que en este momento el ministerio est\u00e1 reconociendo\u201d, dijo la directora.<\/p>\n<p>En tanto, los establecimientos particulares subvencionados que alcanzaron esta calidad fueron los Colegios Santa Juana de Arco, Jos\u00e9 Agust\u00edn G\u00f3mez, Pumanque, Alonso De Ercilla y el Vedruna.<\/p>\n<div class=\"tiled-gallery type-rectangular tiled-gallery-unresized\" data-original-width=\"640\" data-carousel-extra='null' itemscope itemtype=\"http:\/\/schema.org\/ImageGallery\" > <div class=\"gallery-row\" style=\"width: 640px; height: 541px;\" data-original-width=\"640\" data-original-height=\"541\" > <div class=\"gallery-group images-1\" style=\"width: 310px; height: 541px;\" data-original-width=\"310\" data-original-height=\"541\" > <div class=\"tiled-gallery-item tiled-gallery-item-large\" itemprop=\"associatedMedia\" itemscope itemtype=\"http:\/\/schema.org\/ImageObject\"> <a href=\"https:\/\/eltrabajo.cl\/portal\/entregan-reconocimiento-a-establecimientos-educativos-con-excelencia-academica\/directora-escuela-mateo-cokljat\/\" border=\"0\" itemprop=\"url\"> <meta itemprop=\"width\" content=\"306\"> <meta itemprop=\"height\" content=\"537\"> <img decoding=\"async\" class=\"\" data-attachment-id=\"44840\" data-orig-file=\"https:\/\/eltrabajo.cl\/portal\/wp-content\/uploads\/2014\/03\/directora-escuela-mateo-cokljat.jpg\" data-orig-size=\"529,930\" data-comments-opened=\"1\" data-image-meta=\"{&quot;aperture&quot;:&quot;5.6&quot;,&quot;credit&quot;:&quot;&quot;,&quot;camera&quot;:&quot;NIKON D3000&quot;,&quot;caption&quot;:&quot;&quot;,&quot;created_timestamp&quot;:&quot;1395911441&quot;,&quot;copyright&quot;:&quot;&quot;,&quot;focal_length&quot;:&quot;28&quot;,&quot;iso&quot;:&quot;1600&quot;,&quot;shutter_speed&quot;:&quot;0.016666666666667&quot;,&quot;title&quot;:&quot;&quot;}\" data-image-title=\"directora escuela mateo cokljat\" data-image-description=\"&lt;p&gt;Directora de la Escuela mateo Cokljat, Marcia Endara.&lt;\/p&gt; \" data-medium-file=\"https:\/\/i0.wp.com\/eltrabajo.cl\/portal\/wp-content\/uploads\/2014\/03\/directora-escuela-mateo-cokljat.jpg?fit=170%2C300&#038;ssl=1\" data-large-file=\"https:\/\/i0.wp.com\/eltrabajo.cl\/portal\/wp-content\/uploads\/2014\/03\/directora-escuela-mateo-cokljat.jpg?fit=529%2C930&#038;ssl=1\" src=\"https:\/\/i0.wp.com\/eltrabajo.cl\/portal\/wp-content\/uploads\/2014\/03\/directora-escuela-mateo-cokljat.jpg?w=306&#038;h=537&#038;ssl=1\" srcset=\"https:\/\/i0.wp.com\/eltrabajo.cl\/portal\/wp-content\/uploads\/2014\/03\/directora-escuela-mateo-cokljat.jpg?w=529&amp;ssl=1 529w, https:\/\/i0.wp.com\/eltrabajo.cl\/portal\/wp-content\/uploads\/2014\/03\/directora-escuela-mateo-cokljat.jpg?resize=85%2C150&amp;ssl=1 85w, https:\/\/i0.wp.com\/eltrabajo.cl\/portal\/wp-content\/uploads\/2014\/03\/directora-escuela-mateo-cokljat.jpg?resize=400%2C703&amp;ssl=1 400w\" width=\"306\" height=\"537\" loading=\"lazy\" data-original-width=\"306\" data-original-height=\"537\" itemprop=\"http:\/\/schema.org\/image\" title=\"directora escuela mateo cokljat\" alt=\"Directora de la Escuela mateo Cokljat, Marcia Endara.\" style=\"width: 306px; height: 537px;\" \/> <\/a> <div class=\"tiled-gallery-caption\" itemprop=\"caption description\"> Directora de la Escuela mateo Cokljat, Marcia Endara. <\/div> <\/div> <\/div> <!-- close group --> <div class=\"gallery-group images-1\" style=\"width: 330px; height: 541px;\" data-original-width=\"330\" data-original-height=\"541\" > <div class=\"tiled-gallery-item tiled-gallery-item-large\" itemprop=\"associatedMedia\" itemscope itemtype=\"http:\/\/schema.org\/ImageObject\"> <a href=\"https:\/\/eltrabajo.cl\/portal\/entregan-reconocimiento-a-establecimientos-educativos-con-excelencia-academica\/directora-escuela-sagrado-corazon\/\" border=\"0\" itemprop=\"url\"> <meta itemprop=\"width\" content=\"326\"> <meta itemprop=\"height\" content=\"537\"> <img decoding=\"async\" class=\"\" data-attachment-id=\"44841\" data-orig-file=\"https:\/\/eltrabajo.cl\/portal\/wp-content\/uploads\/2014\/03\/directora-escuela-sagrado-corazon.jpg\" data-orig-size=\"529,871\" data-comments-opened=\"1\" data-image-meta=\"{&quot;aperture&quot;:&quot;5.6&quot;,&quot;credit&quot;:&quot;&quot;,&quot;camera&quot;:&quot;NIKON D3000&quot;,&quot;caption&quot;:&quot;&quot;,&quot;created_timestamp&quot;:&quot;1395911412&quot;,&quot;copyright&quot;:&quot;&quot;,&quot;focal_length&quot;:&quot;28&quot;,&quot;iso&quot;:&quot;1600&quot;,&quot;shutter_speed&quot;:&quot;0.016666666666667&quot;,&quot;title&quot;:&quot;&quot;}\" data-image-title=\"directora escuela sagrado corazon\" data-image-description=\"&lt;p&gt;Directora de la Escuela Especial Sagrado Coraz\u00f3n, Beatriz Gallardo.&lt;\/p&gt; \" data-medium-file=\"https:\/\/i0.wp.com\/eltrabajo.cl\/portal\/wp-content\/uploads\/2014\/03\/directora-escuela-sagrado-corazon.jpg?fit=182%2C300&#038;ssl=1\" data-large-file=\"https:\/\/i0.wp.com\/eltrabajo.cl\/portal\/wp-content\/uploads\/2014\/03\/directora-escuela-sagrado-corazon.jpg?fit=529%2C871&#038;ssl=1\" src=\"https:\/\/i0.wp.com\/eltrabajo.cl\/portal\/wp-content\/uploads\/2014\/03\/directora-escuela-sagrado-corazon.jpg?w=326&#038;h=537&#038;ssl=1\" srcset=\"https:\/\/i0.wp.com\/eltrabajo.cl\/portal\/wp-content\/uploads\/2014\/03\/directora-escuela-sagrado-corazon.jpg?w=529&amp;ssl=1 529w, https:\/\/i0.wp.com\/eltrabajo.cl\/portal\/wp-content\/uploads\/2014\/03\/directora-escuela-sagrado-corazon.jpg?resize=91%2C150&amp;ssl=1 91w, https:\/\/i0.wp.com\/eltrabajo.cl\/portal\/wp-content\/uploads\/2014\/03\/directora-escuela-sagrado-corazon.jpg?resize=182%2C300&amp;ssl=1 182w, https:\/\/i0.wp.com\/eltrabajo.cl\/portal\/wp-content\/uploads\/2014\/03\/directora-escuela-sagrado-corazon.jpg?resize=400%2C658&amp;ssl=1 400w\" width=\"326\" height=\"537\" loading=\"lazy\" data-original-width=\"326\" data-original-height=\"537\" itemprop=\"http:\/\/schema.org\/image\" title=\"directora escuela sagrado corazon\" alt=\"Directora de la Escuela Especial Sagrado Coraz\u00f3n, Beatriz Gallardo.\" style=\"width: 326px; height: 537px;\" \/> <\/a> <div class=\"tiled-gallery-caption\" itemprop=\"caption description\"> Directora de la Escuela Especial Sagrado Coraz\u00f3n, Beatriz Gallardo. <\/div> <\/div> <\/div> <!-- close group --> <\/div> <!-- close row --> <div class=\"gallery-row\" style=\"width: 640px; height: 483px;\" data-original-width=\"640\" data-original-height=\"483\" > <div class=\"gallery-group images-1\" style=\"width: 640px; height: 483px;\" data-original-width=\"640\" data-original-height=\"483\" > <div class=\"tiled-gallery-item tiled-gallery-item-large\" itemprop=\"associatedMedia\" itemscope itemtype=\"http:\/\/schema.org\/ImageObject\"> <a href=\"https:\/\/eltrabajo.cl\/portal\/entregan-reconocimiento-a-establecimientos-educativos-con-excelencia-academica\/excelencia2\/\" border=\"0\" itemprop=\"url\"> <meta itemprop=\"width\" content=\"636\"> <meta itemprop=\"height\" content=\"479\"> <img decoding=\"async\" class=\"\" data-attachment-id=\"44842\" data-orig-file=\"https:\/\/eltrabajo.cl\/portal\/wp-content\/uploads\/2014\/03\/Excelencia2.jpg\" data-orig-size=\"529,398\" data-comments-opened=\"1\" data-image-meta=\"{&quot;aperture&quot;:&quot;5.6&quot;,&quot;credit&quot;:&quot;&quot;,&quot;camera&quot;:&quot;NIKON D3000&quot;,&quot;caption&quot;:&quot;&quot;,&quot;created_timestamp&quot;:&quot;1395911606&quot;,&quot;copyright&quot;:&quot;&quot;,&quot;focal_length&quot;:&quot;22&quot;,&quot;iso&quot;:&quot;1600&quot;,&quot;shutter_speed&quot;:&quot;0.016666666666667&quot;,&quot;title&quot;:&quot;&quot;}\" data-image-title=\"Excelencia2\" data-image-description=\"&lt;p&gt;ORGULLOSO.- Lorenzo Vergara, Director de la Escuela Municipal Heriberto Berm\u00fadez de Algarrobal, recibe la certificaci\u00f3n de Excelencia de manos del Alcalde Freire. &lt;\/p&gt; \" data-medium-file=\"https:\/\/i0.wp.com\/eltrabajo.cl\/portal\/wp-content\/uploads\/2014\/03\/Excelencia2.jpg?fit=300%2C225&#038;ssl=1\" data-large-file=\"https:\/\/i0.wp.com\/eltrabajo.cl\/portal\/wp-content\/uploads\/2014\/03\/Excelencia2.jpg?fit=529%2C398&#038;ssl=1\" src=\"https:\/\/i0.wp.com\/eltrabajo.cl\/portal\/wp-content\/uploads\/2014\/03\/Excelencia2.jpg?w=636&#038;h=479&#038;ssl=1\" srcset=\"https:\/\/i0.wp.com\/eltrabajo.cl\/portal\/wp-content\/uploads\/2014\/03\/Excelencia2.jpg?w=529&amp;ssl=1 529w, https:\/\/i0.wp.com\/eltrabajo.cl\/portal\/wp-content\/uploads\/2014\/03\/Excelencia2.jpg?resize=200%2C150&amp;ssl=1 200w, https:\/\/i0.wp.com\/eltrabajo.cl\/portal\/wp-content\/uploads\/2014\/03\/Excelencia2.jpg?resize=300%2C225&amp;ssl=1 300w, https:\/\/i0.wp.com\/eltrabajo.cl\/portal\/wp-content\/uploads\/2014\/03\/Excelencia2.jpg?resize=150%2C112&amp;ssl=1 150w, https:\/\/i0.wp.com\/eltrabajo.cl\/portal\/wp-content\/uploads\/2014\/03\/Excelencia2.jpg?resize=400%2C300&amp;ssl=1 400w\" width=\"636\" height=\"479\" loading=\"lazy\" data-original-width=\"636\" data-original-height=\"479\" itemprop=\"http:\/\/schema.org\/image\" title=\"Excelencia2\" alt=\"ORGULLOSO.- Lorenzo Vergara, Director de la Escuela Municipal Heriberto Berm\u00fadez de Algarrobal, recibe la certificaci\u00f3n de Excelencia de manos del Alcalde Freire.\" style=\"width: 636px; height: 479px;\" \/> <\/a> <div class=\"tiled-gallery-caption\" itemprop=\"caption description\"> ORGULLOSO.- Lorenzo Vergara, Director de la Escuela Municipal Heriberto Berm\u00fadez de Algarrobal, recibe la certificaci\u00f3n de Excelencia de manos del Alcalde Freire. <\/div> <\/div> <\/div> <!-- close group --> <\/div> <!-- close row --> <\/div>\n","protected":false},"excerpt":{"rendered":"<p>Este jueves, en una actividad realizada en la Municipalidad de San Felipe, el Alcalde Patricio Freire Canto y acompa\u00f1ado del Jefe de la Daem, Iv\u00e1n Silva Padilla, distingui\u00f3 a los establecimientos municipalizados&#8230;<\/p>\n","protected":false},"author":482,"featured_media":44839,"comment_status":"open","ping_status":"closed","sticky":false,"template":"","format":"standard","meta":{"advanced_seo_description":"","jetpack_seo_html_title":"","jetpack_seo_noindex":false,"_jetpack_memberships_contains_paid_content":false,"footnotes":""},"categories":[15],"tags":[],"class_list":["post-44838","post","type-post","status-publish","format-standard","has-post-thumbnail","hentry","category-comunidad"],"jetpack_featured_media_url":"https:\/\/i0.wp.com\/eltrabajo.cl\/portal\/wp-content\/uploads\/2014\/03\/Excelencia12.jpg?fit=528%2C269&ssl=1","jetpack_sharing_enabled":true,"jetpack_likes_enabled":true,"jetpack-related-posts":[],"_links":{"self":[{"href":"https:\/\/eltrabajo.cl\/portal\/wp-json\/wp\/v2\/posts\/44838","targetHints":{"allow":["GET"]}}],"collection":[{"href":"https:\/\/eltrabajo.cl\/portal\/wp-json\/wp\/v2\/posts"}],"about":[{"href":"https:\/\/eltrabajo.cl\/portal\/wp-json\/wp\/v2\/types\/post"}],"author":[{"embeddable":true,"href":"https:\/\/eltrabajo.cl\/portal\/wp-json\/wp\/v2\/users\/482"}],"replies":[{"embeddable":true,"href":"https:\/\/eltrabajo.cl\/portal\/wp-json\/wp\/v2\/comments?post=44838"}],"version-history":[{"count":0,"href":"https:\/\/eltrabajo.cl\/portal\/wp-json\/wp\/v2\/posts\/44838\/revisions"}],"wp:featuredmedia":[{"embeddable":true,"href":"https:\/\/eltrabajo.cl\/portal\/wp-json\/wp\/v2\/media\/44839"}],"wp:attachment":[{"href":"https:\/\/eltrabajo.cl\/portal\/wp-json\/wp\/v2\/media?parent=44838"}],"wp:term":[{"taxonomy":"category","embeddable":true,"href":"https:\/\/eltrabajo.cl\/portal\/wp-json\/wp\/v2\/categories?post=44838"},{"taxonomy":"post_tag","embeddable":true,"href":"https:\/\/eltrabajo.cl\/portal\/wp-json\/wp\/v2\/tags?post=44838"}],"curies":[{"name":"wp","href":"https:\/\/api.w.org\/{rel}","templated":true}]}}