{"id":44845,"date":"2014-03-28T09:33:59","date_gmt":"2014-03-28T12:33:59","guid":{"rendered":"http:\/\/www.eltrabajo.cl\/portal\/?p=44845"},"modified":"2014-03-28T09:33:59","modified_gmt":"2014-03-28T12:33:59","slug":"valoran-en-mesa-de-trabajo-situacion-de-avenida-encon","status":"publish","type":"post","link":"https:\/\/eltrabajo.cl\/portal\/valoran-en-mesa-de-trabajo-situacion-de-avenida-encon\/","title":{"rendered":"Valoran en mesa de trabajo, situaci\u00f3n de Avenida Enc\u00f3n"},"content":{"rendered":"<p><a href=\"https:\/\/i0.wp.com\/www.eltrabajo.cl\/portal\/wp-content\/uploads\/2014\/03\/Reunion12.jpg\"><img data-recalc-dims=\"1\" loading=\"lazy\" decoding=\"async\" class=\"alignnone size-full wp-image-44847\" alt=\"Reunion1\" src=\"https:\/\/i0.wp.com\/www.eltrabajo.cl\/portal\/wp-content\/uploads\/2014\/03\/Reunion12.jpg?resize=529%2C316\" width=\"529\" height=\"316\" srcset=\"https:\/\/i0.wp.com\/eltrabajo.cl\/portal\/wp-content\/uploads\/2014\/03\/Reunion12.jpg?w=529&amp;ssl=1 529w, https:\/\/i0.wp.com\/eltrabajo.cl\/portal\/wp-content\/uploads\/2014\/03\/Reunion12.jpg?resize=200%2C119&amp;ssl=1 200w, https:\/\/i0.wp.com\/eltrabajo.cl\/portal\/wp-content\/uploads\/2014\/03\/Reunion12.jpg?resize=300%2C179&amp;ssl=1 300w, https:\/\/i0.wp.com\/eltrabajo.cl\/portal\/wp-content\/uploads\/2014\/03\/Reunion12.jpg?resize=150%2C89&amp;ssl=1 150w, https:\/\/i0.wp.com\/eltrabajo.cl\/portal\/wp-content\/uploads\/2014\/03\/Reunion12.jpg?resize=400%2C238&amp;ssl=1 400w\" sizes=\"auto, (max-width: 529px) 100vw, 529px\" \/><\/a><\/p>\n<p>Una reuni\u00f3n de trabajo sostuvo este jueves el Alcalde Patricio Freire con el Seremi de Transporte Pablo Malig; el Gobernador Eduardo Le\u00f3n; el Alcalde Guillermo Reyes; un representante de la Seremi de Obras P\u00fablicas y el Director de Tr\u00e1nsito del Municipio de San Felipe, Guillermo Orellana, esto con el objetivo de analizar la compleja situaci\u00f3n vial que se produce en Calle Enc\u00f3n, que une nuestra comuna con Putaendo.<\/p>\n<p>La situaci\u00f3n que se produce en esa arteria que une las dos comunas es un tema que se ha venido discutiendo hace algunas semanas y fue tratado incluso en una de las \u00faltimas sesiones del Concejo Municipal. Debido a esa situaci\u00f3n, las autoridades locales agendaron esta reuni\u00f3n de trabajo, que se realiz\u00f3 en la gobernaci\u00f3n provincial y que signific\u00f3 el an\u00e1lisis de varios aspectos, lo que deriv\u00f3 en una agenda de trabajo, donde todos los servicios asignaron tareas a realizar para la pr\u00f3xima reuni\u00f3n que se realizar\u00e1 en un mes m\u00e1s.<\/p>\n<p>\u00abLa idea es poder trabajar todos juntos para mejorar la calidad de vida de la poblaci\u00f3n, hemos coincidido que tenemos un desaf\u00edo porque el crecimiento de San Felipe y Putaendo es importante, resolver la congesti\u00f3n y evitar los accidentes\u00bb, dijo el Seremi.Uno de los temas m\u00e1s complejos es la congesti\u00f3n que se produce en horas pick a la altura del colegio que se ubica en ese sector, por ello la autoridad provincial se\u00f1al\u00f3 que se analizar\u00e1n los instrumentos que est\u00e1n a disposici\u00f3n de los distintos programas que permitan financiar proyectos que solucionen esta situaci\u00f3n que afecta a los vecinos de ambas comunas.<\/p>\n<p>\u00abHay soluciones de corto plazo para tratar de disminuir los problemas que se presentan hoy y alguna soluci\u00f3n de m\u00e1s largo plazo y que en el caso de Vialidad va a revisar, porque hubo un proyecto el a\u00f1o 2010 para mejorar toda la Ruta E-71 y el objetivo es ver cuando podemos retomar ese proyecto\u00bb, dijo la autoridad. El Alcalde Freire destac\u00f3 la reuni\u00f3n de trabajo, se\u00f1alando la voluntad que existe para solucionar los problemas que tiene esta arteria que une las dos comunas.<\/p>\n<p>\u00abHoy d\u00eda necesitamos resolver varios temas que son conflictivos dentro de la conectividad, como es la congesti\u00f3n que se produce a la altura del colegio que se ubica en el sector, y en general en ese lugar, a lo que se sumar\u00e1 la situaci\u00f3n que se producir\u00eda con la poblaci\u00f3n que se construir\u00e1 en el lugar. Hemos tenido una reuni\u00f3n de trabajo y dejamos tareas para cada una de las entidades, por lo que estamos satisfechos que se comience a trabajar en este tema\u00bb, dijo el jefe comunal.<\/p>\n<p>La mesa de trabajo fue coordinada por el Gobernador Provincial, Eduardo Le\u00f3n, quien se\u00f1al\u00f3 que las sesiones de trabajo continuar\u00e1n, ya no s\u00f3lo viendo los puntos centrales que producen la congesti\u00f3n en el sector, sino que se trabajar\u00e1 en un mejoramiento y una recuperaci\u00f3n global de la ruta.<\/p>\n<p>\u00abVamos a tratar de atacar todos los frentes, estamos viendo temas inmediatos para resolver, pero necesitamos un \u2018Master plan\u2019 que ordene las actividades en esta ruta, es esencial, porque puede venir un colegio en dos meses m\u00e1s y vamos a volver a repetir el error que se cometi\u00f3. En lo principal vamos a ver temas de contingencia donde cada servicio va a explorar las soluciones y por otro lado retomar este plan de mejoramiento del 2010 que se dej\u00f3 detenido y ver c\u00f3mo lo mejoramos para poder ordenarnos\u00bb, dijo Le\u00f3n.<\/p>\n<p>&nbsp;<\/p>\n","protected":false},"excerpt":{"rendered":"<p>Una reuni\u00f3n de trabajo sostuvo este jueves el Alcalde Patricio Freire con el Seremi de Transporte Pablo Malig; el Gobernador Eduardo Le\u00f3n; el Alcalde Guillermo Reyes; un representante de la Seremi de&#8230;<\/p>\n","protected":false},"author":482,"featured_media":44847,"comment_status":"open","ping_status":"closed","sticky":false,"template":"","format":"standard","meta":{"advanced_seo_description":"","jetpack_seo_html_title":"","jetpack_seo_noindex":false,"_jetpack_memberships_contains_paid_content":false,"footnotes":""},"categories":[1],"tags":[],"class_list":["post-44845","post","type-post","status-publish","format-standard","has-post-thumbnail","hentry","category-cronica"],"jetpack_featured_media_url":"https:\/\/i0.wp.com\/eltrabajo.cl\/portal\/wp-content\/uploads\/2014\/03\/Reunion12.jpg?fit=529%2C316&ssl=1","jetpack_sharing_enabled":true,"jetpack_likes_enabled":true,"jetpack-related-posts":[],"_links":{"self":[{"href":"https:\/\/eltrabajo.cl\/portal\/wp-json\/wp\/v2\/posts\/44845","targetHints":{"allow":["GET"]}}],"collection":[{"href":"https:\/\/eltrabajo.cl\/portal\/wp-json\/wp\/v2\/posts"}],"about":[{"href":"https:\/\/eltrabajo.cl\/portal\/wp-json\/wp\/v2\/types\/post"}],"author":[{"embeddable":true,"href":"https:\/\/eltrabajo.cl\/portal\/wp-json\/wp\/v2\/users\/482"}],"replies":[{"embeddable":true,"href":"https:\/\/eltrabajo.cl\/portal\/wp-json\/wp\/v2\/comments?post=44845"}],"version-history":[{"count":0,"href":"https:\/\/eltrabajo.cl\/portal\/wp-json\/wp\/v2\/posts\/44845\/revisions"}],"wp:featuredmedia":[{"embeddable":true,"href":"https:\/\/eltrabajo.cl\/portal\/wp-json\/wp\/v2\/media\/44847"}],"wp:attachment":[{"href":"https:\/\/eltrabajo.cl\/portal\/wp-json\/wp\/v2\/media?parent=44845"}],"wp:term":[{"taxonomy":"category","embeddable":true,"href":"https:\/\/eltrabajo.cl\/portal\/wp-json\/wp\/v2\/categories?post=44845"},{"taxonomy":"post_tag","embeddable":true,"href":"https:\/\/eltrabajo.cl\/portal\/wp-json\/wp\/v2\/tags?post=44845"}],"curies":[{"name":"wp","href":"https:\/\/api.w.org\/{rel}","templated":true}]}}