{"id":44849,"date":"2014-03-28T09:36:41","date_gmt":"2014-03-28T12:36:41","guid":{"rendered":"http:\/\/www.eltrabajo.cl\/portal\/?p=44849"},"modified":"2014-03-28T09:36:41","modified_gmt":"2014-03-28T12:36:41","slug":"ladrones-desvalijan-kiosco-ubicado-frente-al-cesfam-cordillera-andina","status":"publish","type":"post","link":"https:\/\/eltrabajo.cl\/portal\/ladrones-desvalijan-kiosco-ubicado-frente-al-cesfam-cordillera-andina\/","title":{"rendered":"Ladrones desvalijan kiosco ubicado frente al Cesfam Cordillera Andina"},"content":{"rendered":"<figure id=\"attachment_44850\" aria-describedby=\"caption-attachment-44850\" style=\"width: 528px\" class=\"wp-caption alignnone\"><a href=\"https:\/\/i0.wp.com\/www.eltrabajo.cl\/portal\/wp-content\/uploads\/2014\/03\/Kiosco1.jpg\"><img data-recalc-dims=\"1\" loading=\"lazy\" decoding=\"async\" class=\"size-full wp-image-44850\" alt=\"DESVALIJADO.- Jorge Herrera se encontr\u00f3 con la ingrata sorpresa que al llegar a abrir el local, desconocidos hab\u00edan cortado los candados y abierto la puerta met\u00e1lica.\" src=\"https:\/\/i0.wp.com\/www.eltrabajo.cl\/portal\/wp-content\/uploads\/2014\/03\/Kiosco1.jpg?resize=528%2C401\" width=\"528\" height=\"401\" srcset=\"https:\/\/i0.wp.com\/eltrabajo.cl\/portal\/wp-content\/uploads\/2014\/03\/Kiosco1.jpg?w=528&amp;ssl=1 528w, https:\/\/i0.wp.com\/eltrabajo.cl\/portal\/wp-content\/uploads\/2014\/03\/Kiosco1.jpg?resize=197%2C150&amp;ssl=1 197w, https:\/\/i0.wp.com\/eltrabajo.cl\/portal\/wp-content\/uploads\/2014\/03\/Kiosco1.jpg?resize=300%2C227&amp;ssl=1 300w, https:\/\/i0.wp.com\/eltrabajo.cl\/portal\/wp-content\/uploads\/2014\/03\/Kiosco1.jpg?resize=150%2C113&amp;ssl=1 150w, https:\/\/i0.wp.com\/eltrabajo.cl\/portal\/wp-content\/uploads\/2014\/03\/Kiosco1.jpg?resize=400%2C303&amp;ssl=1 400w\" sizes=\"auto, (max-width: 528px) 100vw, 528px\" \/><\/a><figcaption id=\"caption-attachment-44850\" class=\"wp-caption-text\">DESVALIJADO.- Jorge Herrera se encontr\u00f3 con la ingrata sorpresa que al llegar a abrir el local, desconocidos hab\u00edan cortado los candados y abierto la puerta met\u00e1lica.<\/figcaption><\/figure>\n<p><strong>LOS ANDES.<\/strong>&#8211; Cuantiosas p\u00e9rdidas sufri\u00f3 un modesto comerciante a quien delincuentes pr\u00e1cticamente le desvalijaron su kiosco ubicado frente al Cesfam Cordillera Andina en Calle Hermanas Hospitalarias (Antiguo Papudo Norte). El comerciante Jorge Herrera Fern\u00e1ndez se encontr\u00f3 con la ingrata sorpresa que al llegar a abrir el local de nombre \u2018El Choche\u2019, desconocidos hab\u00edan cortado los candados y abierto la puerta met\u00e1lica.<\/p>\n<figure id=\"attachment_44851\" aria-describedby=\"caption-attachment-44851\" style=\"width: 422px\" class=\"wp-caption alignright\"><a href=\"https:\/\/i0.wp.com\/www.eltrabajo.cl\/portal\/wp-content\/uploads\/2014\/03\/Kiosco2.jpg\"><img data-recalc-dims=\"1\" loading=\"lazy\" decoding=\"async\" class=\" wp-image-44851 \" alt=\"SIGUEN LOS ROBOS.- Cuantiosas p\u00e9rdidas sufri\u00f3 un modesto comerciante a quien delincuentes pr\u00e1cticamente le desvalijaron su kiosco ubicado frente al Cesfam Cordillera Andina.\" src=\"https:\/\/i0.wp.com\/www.eltrabajo.cl\/portal\/wp-content\/uploads\/2014\/03\/Kiosco2.jpg?resize=422%2C321\" width=\"422\" height=\"321\" srcset=\"https:\/\/i0.wp.com\/eltrabajo.cl\/portal\/wp-content\/uploads\/2014\/03\/Kiosco2.jpg?w=528&amp;ssl=1 528w, https:\/\/i0.wp.com\/eltrabajo.cl\/portal\/wp-content\/uploads\/2014\/03\/Kiosco2.jpg?resize=197%2C150&amp;ssl=1 197w, https:\/\/i0.wp.com\/eltrabajo.cl\/portal\/wp-content\/uploads\/2014\/03\/Kiosco2.jpg?resize=300%2C227&amp;ssl=1 300w, https:\/\/i0.wp.com\/eltrabajo.cl\/portal\/wp-content\/uploads\/2014\/03\/Kiosco2.jpg?resize=150%2C113&amp;ssl=1 150w, https:\/\/i0.wp.com\/eltrabajo.cl\/portal\/wp-content\/uploads\/2014\/03\/Kiosco2.jpg?resize=400%2C303&amp;ssl=1 400w\" sizes=\"auto, (max-width: 422px) 100vw, 422px\" \/><\/a><figcaption id=\"caption-attachment-44851\" class=\"wp-caption-text\">SIGUEN LOS ROBOS.- Cuantiosas p\u00e9rdidas sufri\u00f3 un modesto comerciante a quien delincuentes pr\u00e1cticamente le desvalijaron su kiosco ubicado frente al Cesfam Cordillera Andina.<\/figcaption><\/figure>\n<p>Al revisar, se encontr\u00f3 que al interior estaba todo desordenado y los ladrones se hab\u00edan llevado toda la mercader\u00eda consistente en productos l\u00e1cteos, confites y cigarrillos, los cuales avalu\u00f3 en m\u00e1s de 200.000 pesos. Jorge se mostr\u00f3 indignado e impotente ante este robo, ya que \u00e9l es jubilado y las ventas del kiosco son su segunda fuente de ingresos para poder tener una vida digna.<\/p>\n<p>Se quej\u00f3 que nadie est\u00e1 libre de la delincuencia, sobre todo las personas de menores ingresos, \u201clo que siento es una impotencia muy grande, porque me saco la mugre trabajando\u201d, agreg\u00f3.<\/p>\n<p>Coment\u00f3 que lleva 16 a\u00f1os atendiendo en ese lugar y nunca le hab\u00eda pasado, salvo en una oportunidad cuando le quebraron un vidrio de la vitrina para sacarle un paquete de galletas. Lamentablemente el lugar donde se encuentra emplazado el kiosco es de mucha oscuridad y a pesar que hay casas habitadas en ese sector, nadie vio o escuch\u00f3 nada.<\/p>\n<p>&nbsp;<\/p>\n","protected":false},"excerpt":{"rendered":"<p>LOS ANDES.&#8211; Cuantiosas p\u00e9rdidas sufri\u00f3 un modesto comerciante a quien delincuentes pr\u00e1cticamente le desvalijaron su kiosco ubicado frente al Cesfam Cordillera Andina en Calle Hermanas Hospitalarias (Antiguo Papudo Norte). El comerciante Jorge&#8230;<\/p>\n","protected":false},"author":482,"featured_media":44850,"comment_status":"open","ping_status":"closed","sticky":false,"template":"","format":"standard","meta":{"advanced_seo_description":"","jetpack_seo_html_title":"","jetpack_seo_noindex":false,"_jetpack_memberships_contains_paid_content":false,"footnotes":""},"categories":[21],"tags":[],"class_list":["post-44849","post","type-post","status-publish","format-standard","has-post-thumbnail","hentry","category-policial"],"jetpack_featured_media_url":"https:\/\/i0.wp.com\/eltrabajo.cl\/portal\/wp-content\/uploads\/2014\/03\/Kiosco1.jpg?fit=528%2C401&ssl=1","jetpack_sharing_enabled":true,"jetpack_likes_enabled":true,"jetpack-related-posts":[],"_links":{"self":[{"href":"https:\/\/eltrabajo.cl\/portal\/wp-json\/wp\/v2\/posts\/44849","targetHints":{"allow":["GET"]}}],"collection":[{"href":"https:\/\/eltrabajo.cl\/portal\/wp-json\/wp\/v2\/posts"}],"about":[{"href":"https:\/\/eltrabajo.cl\/portal\/wp-json\/wp\/v2\/types\/post"}],"author":[{"embeddable":true,"href":"https:\/\/eltrabajo.cl\/portal\/wp-json\/wp\/v2\/users\/482"}],"replies":[{"embeddable":true,"href":"https:\/\/eltrabajo.cl\/portal\/wp-json\/wp\/v2\/comments?post=44849"}],"version-history":[{"count":0,"href":"https:\/\/eltrabajo.cl\/portal\/wp-json\/wp\/v2\/posts\/44849\/revisions"}],"wp:featuredmedia":[{"embeddable":true,"href":"https:\/\/eltrabajo.cl\/portal\/wp-json\/wp\/v2\/media\/44850"}],"wp:attachment":[{"href":"https:\/\/eltrabajo.cl\/portal\/wp-json\/wp\/v2\/media?parent=44849"}],"wp:term":[{"taxonomy":"category","embeddable":true,"href":"https:\/\/eltrabajo.cl\/portal\/wp-json\/wp\/v2\/categories?post=44849"},{"taxonomy":"post_tag","embeddable":true,"href":"https:\/\/eltrabajo.cl\/portal\/wp-json\/wp\/v2\/tags?post=44849"}],"curies":[{"name":"wp","href":"https:\/\/api.w.org\/{rel}","templated":true}]}}