{"id":44854,"date":"2014-03-28T09:38:51","date_gmt":"2014-03-28T12:38:51","guid":{"rendered":"http:\/\/www.eltrabajo.cl\/portal\/?p=44854"},"modified":"2014-03-28T09:38:51","modified_gmt":"2014-03-28T12:38:51","slug":"gope-y-os-7-realizan-operativo-simultaneo-en-busca-de-drogas-y-armas","status":"publish","type":"post","link":"https:\/\/eltrabajo.cl\/portal\/gope-y-os-7-realizan-operativo-simultaneo-en-busca-de-drogas-y-armas\/","title":{"rendered":"Gope y OS-7 realizan operativo simult\u00e1neo en busca de drogas y armas"},"content":{"rendered":"<figure id=\"attachment_44855\" aria-describedby=\"caption-attachment-44855\" style=\"width: 529px\" class=\"wp-caption alignnone\"><a href=\"https:\/\/i0.wp.com\/www.eltrabajo.cl\/portal\/wp-content\/uploads\/2014\/03\/operativo-carabineros.jpg\"><img data-recalc-dims=\"1\" loading=\"lazy\" decoding=\"async\" class=\"size-full wp-image-44855\" alt=\"En diversos puntos de Villa 250 a\u00f1os Carabineros despleg\u00f3 un fuerte contingente policial, dispuesto a poner tras las rejas a los delincuentes.\" src=\"https:\/\/i0.wp.com\/www.eltrabajo.cl\/portal\/wp-content\/uploads\/2014\/03\/operativo-carabineros.jpg?resize=529%2C261\" width=\"529\" height=\"261\" srcset=\"https:\/\/i0.wp.com\/eltrabajo.cl\/portal\/wp-content\/uploads\/2014\/03\/operativo-carabineros.jpg?w=529&amp;ssl=1 529w, https:\/\/i0.wp.com\/eltrabajo.cl\/portal\/wp-content\/uploads\/2014\/03\/operativo-carabineros.jpg?resize=200%2C98&amp;ssl=1 200w, https:\/\/i0.wp.com\/eltrabajo.cl\/portal\/wp-content\/uploads\/2014\/03\/operativo-carabineros.jpg?resize=300%2C148&amp;ssl=1 300w, https:\/\/i0.wp.com\/eltrabajo.cl\/portal\/wp-content\/uploads\/2014\/03\/operativo-carabineros.jpg?resize=150%2C74&amp;ssl=1 150w, https:\/\/i0.wp.com\/eltrabajo.cl\/portal\/wp-content\/uploads\/2014\/03\/operativo-carabineros.jpg?resize=400%2C197&amp;ssl=1 400w\" sizes=\"auto, (max-width: 529px) 100vw, 529px\" \/><\/a><figcaption id=\"caption-attachment-44855\" class=\"wp-caption-text\">En diversos puntos de Villa 250 a\u00f1os Carabineros despleg\u00f3 un fuerte contingente policial, dispuesto a poner tras las rejas a los delincuentes.<\/figcaption><\/figure>\n<p>Un nuevo operativo policial conjunto, entre la Polic\u00eda de Investigaciones y Carabineros de San Felipe, se realiz\u00f3 este jueves con tres detenidos y un arma recuperada. La acci\u00f3n policial incluy\u00f3 cerca de 30 efectivos, los que se programaron para dar con personas relacionadas al tr\u00e1fico o micro-tr\u00e1fico de drogas, pues se recibi\u00f3 una denuncia an\u00f3nima al Nivel 135 de Control de drogas.<\/p>\n<p>El Comandante de Carabineros de la Prefectura Aconcagua, Francisco Castro Leyton, confirm\u00f3 que personal especializado del OS-7 allan\u00f3 una vivienda en el sector de Guzmanes en Putaendo y simult\u00e1neamente otra vivienda de Villa 250 a\u00f1os era registrada por personal del Grupo de Operaciones Especiales (Gope). Seg\u00fan la denuncia, en estos dos domicilios se comercializaba alg\u00fan tipo de droga.<\/p>\n<p>Finalmente en el procedimiento se detuvo a dos personas por infringir la Ley 20.000 de drogas, a una por Porte ilegal de arma de fuego, y adem\u00e1s se decomis\u00f3 un revolver calibre 22 a fogueo, el que se enviar\u00eda a laboratorio para disipar la interrogante de si estaba listo para ser disparado con munici\u00f3n real tras haber sido modificada. Uno de los detenidos es menor de edad, seg\u00fan se\u00f1alaron vecinos del lugar, y al momento de ser subido al carro policial que lo llevar\u00eda hasta la comisar\u00eda se produjeron algunos insultos menores a Carabineros, siendo este el \u00fanico posible momento de conflicto entre pobladores y Carabineros.<\/p>\n<p>El Comandante Castro destac\u00f3 el proceder de los vecinos que en general, \u201cse ha comportado como lo hace la mayor\u00eda de la gente en la ciudad, agradeciendo la presencia policial, y eso lo reconforta a uno como carabinero, cuando la gente pasa y le grita \u2018felicitaciones\u2019. Ese es el mejor pago posible y con ello el mejor incentivo para seguir realizando estos operativos\u201d.<\/p>\n<p>Una vecina, quien pidi\u00f3 no ser identificada, asegur\u00f3 que \u201cestos operativos son excelentes, porque hay que limpiar esta poblaci\u00f3n, porque a veces uno no puede ni entrar por las cosas que pasan en esta poblaci\u00f3n, la misma gente te margina por vivir ac\u00e1. Ojal\u00e1 que se sigan haciendo estos operativos para que se terminen de llevar a los malos que echan a perder todo ac\u00e1. Por lo menos yo tengo mi sobrino y mi mam\u00e1 que vive ac\u00e1 y a veces yo quiero venir con mi hija y no se puede\u201d.<\/p>\n<p>Al finalizar, el Comandante Castro se\u00f1al\u00f3 que \u201cseguiremos viniendo a dar una clara se\u00f1al a los delincuentes y a los vecinos, para que este sector sea transitable con tranquilidad. Para que los carabineros entren cuando deseen y sean bien recibidos como hoy, que ning\u00fan vecino se ha opuesto\u201d.<\/p>\n<div class=\"tiled-gallery type-rectangular tiled-gallery-unresized\" data-original-width=\"640\" data-carousel-extra='null' itemscope itemtype=\"http:\/\/schema.org\/ImageGallery\" > <div class=\"gallery-row\" style=\"width: 640px; height: 257px;\" data-original-width=\"640\" data-original-height=\"257\" > <div class=\"gallery-group images-1\" style=\"width: 263px; height: 257px;\" data-original-width=\"263\" data-original-height=\"257\" > <div class=\"tiled-gallery-item tiled-gallery-item-large\" itemprop=\"associatedMedia\" itemscope itemtype=\"http:\/\/schema.org\/ImageObject\"> <a href=\"https:\/\/eltrabajo.cl\/portal\/gope-y-os-7-realizan-operativo-simultaneo-en-busca-de-drogas-y-armas\/caballero1\/\" border=\"0\" itemprop=\"url\"> <meta itemprop=\"width\" content=\"259\"> <meta itemprop=\"height\" content=\"253\"> <img decoding=\"async\" class=\"\" data-attachment-id=\"44856\" data-orig-file=\"https:\/\/eltrabajo.cl\/portal\/wp-content\/uploads\/2014\/03\/Caballero1.jpg\" data-orig-size=\"529,516\" data-comments-opened=\"1\" data-image-meta=\"{&quot;aperture&quot;:&quot;0&quot;,&quot;credit&quot;:&quot;Pedro Munoz H&quot;,&quot;camera&quot;:&quot;&quot;,&quot;caption&quot;:&quot;&quot;,&quot;created_timestamp&quot;:&quot;0&quot;,&quot;copyright&quot;:&quot;&quot;,&quot;focal_length&quot;:&quot;0&quot;,&quot;iso&quot;:&quot;0&quot;,&quot;shutter_speed&quot;:&quot;0&quot;,&quot;title&quot;:&quot;&quot;}\" data-image-title=\"Caballero1\" data-image-description=\"&lt;p&gt;La Cabo M. Caballero demostr\u00f3 tambi\u00e9n que ella como mujer, tambi\u00e9n es parte \u00fatil de la fuerza femenina de las fuerzas del orden en nuestro pa\u00eds.&lt;\/p&gt; \" data-medium-file=\"https:\/\/i0.wp.com\/eltrabajo.cl\/portal\/wp-content\/uploads\/2014\/03\/Caballero1.jpg?fit=300%2C292&#038;ssl=1\" data-large-file=\"https:\/\/i0.wp.com\/eltrabajo.cl\/portal\/wp-content\/uploads\/2014\/03\/Caballero1.jpg?fit=529%2C516&#038;ssl=1\" src=\"https:\/\/i0.wp.com\/eltrabajo.cl\/portal\/wp-content\/uploads\/2014\/03\/Caballero1.jpg?w=259&#038;h=253&#038;ssl=1\" srcset=\"https:\/\/i0.wp.com\/eltrabajo.cl\/portal\/wp-content\/uploads\/2014\/03\/Caballero1.jpg?w=529&amp;ssl=1 529w, https:\/\/i0.wp.com\/eltrabajo.cl\/portal\/wp-content\/uploads\/2014\/03\/Caballero1.jpg?resize=153%2C150&amp;ssl=1 153w, https:\/\/i0.wp.com\/eltrabajo.cl\/portal\/wp-content\/uploads\/2014\/03\/Caballero1.jpg?resize=300%2C292&amp;ssl=1 300w, https:\/\/i0.wp.com\/eltrabajo.cl\/portal\/wp-content\/uploads\/2014\/03\/Caballero1.jpg?resize=150%2C146&amp;ssl=1 150w, https:\/\/i0.wp.com\/eltrabajo.cl\/portal\/wp-content\/uploads\/2014\/03\/Caballero1.jpg?resize=400%2C390&amp;ssl=1 400w\" width=\"259\" height=\"253\" loading=\"lazy\" data-original-width=\"259\" data-original-height=\"253\" itemprop=\"http:\/\/schema.org\/image\" title=\"Caballero1\" alt=\"La Cabo M. Caballero demostr\u00f3 tambi\u00e9n que ella como mujer, tambi\u00e9n es parte \u00fatil de la fuerza femenina de las fuerzas del orden en nuestro pa\u00eds.\" style=\"width: 259px; height: 253px;\" \/> <\/a> <div class=\"tiled-gallery-caption\" itemprop=\"caption description\"> La Cabo M. Caballero demostr\u00f3 tambi\u00e9n que ella como mujer, tambi\u00e9n es parte \u00fatil de la fuerza femenina de las fuerzas del orden en nuestro pa\u00eds. <\/div> <\/div> <\/div> <!-- close group --> <div class=\"gallery-group images-1\" style=\"width: 377px; height: 257px;\" data-original-width=\"377\" data-original-height=\"257\" > <div class=\"tiled-gallery-item tiled-gallery-item-large\" itemprop=\"associatedMedia\" itemscope itemtype=\"http:\/\/schema.org\/ImageObject\"> <a href=\"https:\/\/eltrabajo.cl\/portal\/gope-y-os-7-realizan-operativo-simultaneo-en-busca-de-drogas-y-armas\/comandante-francisco-castro-2\/\" border=\"0\" itemprop=\"url\"> <meta itemprop=\"width\" content=\"373\"> <meta itemprop=\"height\" content=\"253\"> <img decoding=\"async\" class=\"\" data-attachment-id=\"44857\" data-orig-file=\"https:\/\/eltrabajo.cl\/portal\/wp-content\/uploads\/2014\/03\/comandante-francisco-castro.jpg\" data-orig-size=\"529,358\" data-comments-opened=\"1\" data-image-meta=\"{&quot;aperture&quot;:&quot;0&quot;,&quot;credit&quot;:&quot;Pedro Munoz H&quot;,&quot;camera&quot;:&quot;&quot;,&quot;caption&quot;:&quot;&quot;,&quot;created_timestamp&quot;:&quot;0&quot;,&quot;copyright&quot;:&quot;&quot;,&quot;focal_length&quot;:&quot;0&quot;,&quot;iso&quot;:&quot;0&quot;,&quot;shutter_speed&quot;:&quot;0&quot;,&quot;title&quot;:&quot;&quot;}\" data-image-title=\"comandante francisco castro\" data-image-description=\"&lt;p&gt;Comandante de Carabineros de la Prefectura Aconcagua, Francisco Castro Leyton.&lt;\/p&gt; \" data-medium-file=\"https:\/\/i0.wp.com\/eltrabajo.cl\/portal\/wp-content\/uploads\/2014\/03\/comandante-francisco-castro.jpg?fit=300%2C203&#038;ssl=1\" data-large-file=\"https:\/\/i0.wp.com\/eltrabajo.cl\/portal\/wp-content\/uploads\/2014\/03\/comandante-francisco-castro.jpg?fit=529%2C358&#038;ssl=1\" src=\"https:\/\/i0.wp.com\/eltrabajo.cl\/portal\/wp-content\/uploads\/2014\/03\/comandante-francisco-castro.jpg?w=373&#038;h=253&#038;ssl=1\" srcset=\"https:\/\/i0.wp.com\/eltrabajo.cl\/portal\/wp-content\/uploads\/2014\/03\/comandante-francisco-castro.jpg?w=529&amp;ssl=1 529w, https:\/\/i0.wp.com\/eltrabajo.cl\/portal\/wp-content\/uploads\/2014\/03\/comandante-francisco-castro.jpg?resize=200%2C135&amp;ssl=1 200w, https:\/\/i0.wp.com\/eltrabajo.cl\/portal\/wp-content\/uploads\/2014\/03\/comandante-francisco-castro.jpg?resize=300%2C203&amp;ssl=1 300w, https:\/\/i0.wp.com\/eltrabajo.cl\/portal\/wp-content\/uploads\/2014\/03\/comandante-francisco-castro.jpg?resize=150%2C101&amp;ssl=1 150w, https:\/\/i0.wp.com\/eltrabajo.cl\/portal\/wp-content\/uploads\/2014\/03\/comandante-francisco-castro.jpg?resize=400%2C270&amp;ssl=1 400w\" width=\"373\" height=\"253\" loading=\"lazy\" data-original-width=\"373\" data-original-height=\"253\" itemprop=\"http:\/\/schema.org\/image\" title=\"comandante francisco castro\" alt=\"Comandante de Carabineros de la Prefectura Aconcagua, Francisco Castro Leyton.\" style=\"width: 373px; height: 253px;\" \/> <\/a> <div class=\"tiled-gallery-caption\" itemprop=\"caption description\"> Comandante de Carabineros de la Prefectura Aconcagua, Francisco Castro Leyton. <\/div> <\/div> <\/div> <!-- close group --> <\/div> <!-- close row --> <\/div>\n","protected":false},"excerpt":{"rendered":"<p>Un nuevo operativo policial conjunto, entre la Polic\u00eda de Investigaciones y Carabineros de San Felipe, se realiz\u00f3 este jueves con tres detenidos y un arma recuperada. La acci\u00f3n policial incluy\u00f3 cerca de&#8230;<\/p>\n","protected":false},"author":482,"featured_media":44855,"comment_status":"open","ping_status":"closed","sticky":false,"template":"","format":"standard","meta":{"advanced_seo_description":"","jetpack_seo_html_title":"","jetpack_seo_noindex":false,"_jetpack_memberships_contains_paid_content":false,"footnotes":""},"categories":[21],"tags":[],"class_list":["post-44854","post","type-post","status-publish","format-standard","has-post-thumbnail","hentry","category-policial"],"jetpack_featured_media_url":"https:\/\/i0.wp.com\/eltrabajo.cl\/portal\/wp-content\/uploads\/2014\/03\/operativo-carabineros.jpg?fit=529%2C261&ssl=1","jetpack_sharing_enabled":true,"jetpack_likes_enabled":true,"jetpack-related-posts":[],"_links":{"self":[{"href":"https:\/\/eltrabajo.cl\/portal\/wp-json\/wp\/v2\/posts\/44854","targetHints":{"allow":["GET"]}}],"collection":[{"href":"https:\/\/eltrabajo.cl\/portal\/wp-json\/wp\/v2\/posts"}],"about":[{"href":"https:\/\/eltrabajo.cl\/portal\/wp-json\/wp\/v2\/types\/post"}],"author":[{"embeddable":true,"href":"https:\/\/eltrabajo.cl\/portal\/wp-json\/wp\/v2\/users\/482"}],"replies":[{"embeddable":true,"href":"https:\/\/eltrabajo.cl\/portal\/wp-json\/wp\/v2\/comments?post=44854"}],"version-history":[{"count":0,"href":"https:\/\/eltrabajo.cl\/portal\/wp-json\/wp\/v2\/posts\/44854\/revisions"}],"wp:featuredmedia":[{"embeddable":true,"href":"https:\/\/eltrabajo.cl\/portal\/wp-json\/wp\/v2\/media\/44855"}],"wp:attachment":[{"href":"https:\/\/eltrabajo.cl\/portal\/wp-json\/wp\/v2\/media?parent=44854"}],"wp:term":[{"taxonomy":"category","embeddable":true,"href":"https:\/\/eltrabajo.cl\/portal\/wp-json\/wp\/v2\/categories?post=44854"},{"taxonomy":"post_tag","embeddable":true,"href":"https:\/\/eltrabajo.cl\/portal\/wp-json\/wp\/v2\/tags?post=44854"}],"curies":[{"name":"wp","href":"https:\/\/api.w.org\/{rel}","templated":true}]}}