{"id":44860,"date":"2014-03-28T09:40:01","date_gmt":"2014-03-28T12:40:01","guid":{"rendered":"http:\/\/www.eltrabajo.cl\/portal\/?p=44860"},"modified":"2014-03-28T09:40:01","modified_gmt":"2014-03-28T12:40:01","slug":"preparan-juicio-del-loco-klein-solicitando-imputabilidad-disminuida","status":"publish","type":"post","link":"https:\/\/eltrabajo.cl\/portal\/preparan-juicio-del-loco-klein-solicitando-imputabilidad-disminuida\/","title":{"rendered":"Preparan juicio del \u2018Loco Klein\u2019 solicitando \u2018Imputabilidad Disminuida\u2019"},"content":{"rendered":"<figure id=\"attachment_44861\" aria-describedby=\"caption-attachment-44861\" style=\"width: 317px\" class=\"wp-caption alignleft\"><a href=\"https:\/\/i0.wp.com\/www.eltrabajo.cl\/portal\/wp-content\/uploads\/2014\/03\/loco-klein.jpg\"><img data-recalc-dims=\"1\" loading=\"lazy\" decoding=\"async\" class=\" wp-image-44861 \" alt=\"Julio Enrique Le\u00f3n Klein atemoriz\u00f3 a la ciudadan\u00eda, dinamitando la casa de su ex-pareja y luego matando con un destornillador al hombre que acompa\u00f1\u00f3 a la mujer que \u00e9l mismo jur\u00f3 amar \u2018hasta la muerte\u2019.\" src=\"https:\/\/i0.wp.com\/www.eltrabajo.cl\/portal\/wp-content\/uploads\/2014\/03\/loco-klein.jpg?resize=317%2C410\" width=\"317\" height=\"410\" srcset=\"https:\/\/i0.wp.com\/eltrabajo.cl\/portal\/wp-content\/uploads\/2014\/03\/loco-klein.jpg?w=529&amp;ssl=1 529w, https:\/\/i0.wp.com\/eltrabajo.cl\/portal\/wp-content\/uploads\/2014\/03\/loco-klein.jpg?resize=116%2C150&amp;ssl=1 116w, https:\/\/i0.wp.com\/eltrabajo.cl\/portal\/wp-content\/uploads\/2014\/03\/loco-klein.jpg?resize=232%2C300&amp;ssl=1 232w, https:\/\/i0.wp.com\/eltrabajo.cl\/portal\/wp-content\/uploads\/2014\/03\/loco-klein.jpg?resize=400%2C516&amp;ssl=1 400w\" sizes=\"auto, (max-width: 317px) 100vw, 317px\" \/><\/a><figcaption id=\"caption-attachment-44861\" class=\"wp-caption-text\">Julio Enrique Le\u00f3n Klein atemoriz\u00f3 a la ciudadan\u00eda, dinamitando la casa de su ex-pareja y luego matando con un destornillador al hombre que acompa\u00f1\u00f3 a la mujer que \u00e9l mismo jur\u00f3 amar \u2018hasta la muerte\u2019.<\/figcaption><\/figure>\n<p>Se prepara juicio oral contra Julio Enrique Le\u00f3n Klein (35), m\u00e1s conocido como \u2018El Loco Klein\u2019 y que fuera formalizado en el Tribunal de Garant\u00eda de San Felipe por los cuatro delitos de Lesiones leves; Lesiones menos graves en el contexto de Violencia Intrafamiliar; Violaci\u00f3n de morada y Homicidio Calificado.<\/p>\n<p>Como se recordar\u00e1, el pasado 22 de mayo Julio Le\u00f3n lleg\u00f3 hasta la calle Las Palmas en la poblaci\u00f3n Chorrillos de Llay-Llay, lugar en que asesin\u00f3 con un destornillador al entonces novio de su ex-pareja, Hern\u00e1n Saavedra Olivares, de 45 a\u00f1os. En el mismo acto apu\u00f1al\u00f3 a la abuela de su hijo en el hombro y huy\u00f3 del lugar, permaneciendo oculto en diferentes lugares para eludir el accionar de las Polic\u00edas, que finalmente le dieron captura en el cementerio de la comuna de Nogales.<\/p>\n<p><strong>AL PSIQUI\u00c1TRICO<\/strong><\/p>\n<p>El imputado por los cuatro delitos se manten\u00eda en el Hospital Psiqui\u00e1trico de Putaendo internado por ser considerado a lo menos un peligro para la seguridad de las personas y de s\u00ed mismo. &#8216;El Loco Klein&#8217; se hizo famoso en el pa\u00eds entero, cuando en 2008 intent\u00f3 dinamitar la casa donde viv\u00eda Jocelyn Mu\u00f1oz, su ex-pareja, quien entonces ocupaba la vivienda junto a sus padres.<\/p>\n<p>Fue al tercer intento que finalmente Klein consigui\u00f3 su objetivo, hecho por el cual fue llevado a juicio. Sin embargo, la defensa de Julio Le\u00f3n logr\u00f3 que se le declarara inimputable por lo que se le deriv\u00f3 al Hospital Siqui\u00e1trico de Putaendo en donde fue privado de libertad durante tres a\u00f1os.<\/p>\n<p><strong>JUICIO PENDIENTE<\/strong><\/p>\n<p>Para el Abogado defensor de Julio Le\u00f3n, el Defensor Penal, Carlos Guti\u00e9rrez Y\u00e1\u00f1ez, est\u00e1n dadas las condiciones para solicitar una Imputabilidad disminuida\u2019, ya que \u201c\u00e9l est\u00e1 cumpliendo una medida cautelar de Prisi\u00f3n Preventiva en el Hospital Psiqui\u00e1trico de Putaendo, pero no est\u00e1 en sus normales condiciones ya que parte tomando un medicamento a las ocho de la ma\u00f1ana y termina a las doce de la noche, y eso le permite a penas hablar o comunicarse y entender lo que uno le est\u00e1 explicando. Los peritos hablan de que su deficiencia cognoscitiva se debe a que por ejemplo sufri\u00f3 un TEC a muy temprana edad por un accidente de tr\u00e1nsito y con eso vio disminuida sus capacidades normales\u201d.<\/p>\n<p>El profesional se\u00f1al\u00f3 que ya se recibieron los peritajes del Ministerio P\u00fablico, pero faltan sus informes, los que est\u00e1n seguros le permitir\u00e1n llevar un juicio exitoso.<\/p>\n<p>&nbsp;<\/p>\n","protected":false},"excerpt":{"rendered":"<p>Se prepara juicio oral contra Julio Enrique Le\u00f3n Klein (35), m\u00e1s conocido como \u2018El Loco Klein\u2019 y que fuera formalizado en el Tribunal de Garant\u00eda de San Felipe por los cuatro delitos&#8230;<\/p>\n","protected":false},"author":482,"featured_media":44861,"comment_status":"open","ping_status":"closed","sticky":false,"template":"","format":"standard","meta":{"advanced_seo_description":"","jetpack_seo_html_title":"","jetpack_seo_noindex":false,"_jetpack_memberships_contains_paid_content":false,"footnotes":""},"categories":[21],"tags":[],"class_list":["post-44860","post","type-post","status-publish","format-standard","has-post-thumbnail","hentry","category-policial"],"jetpack_featured_media_url":"https:\/\/i0.wp.com\/eltrabajo.cl\/portal\/wp-content\/uploads\/2014\/03\/loco-klein.jpg?fit=529%2C683&ssl=1","jetpack_sharing_enabled":true,"jetpack_likes_enabled":true,"jetpack-related-posts":[],"_links":{"self":[{"href":"https:\/\/eltrabajo.cl\/portal\/wp-json\/wp\/v2\/posts\/44860","targetHints":{"allow":["GET"]}}],"collection":[{"href":"https:\/\/eltrabajo.cl\/portal\/wp-json\/wp\/v2\/posts"}],"about":[{"href":"https:\/\/eltrabajo.cl\/portal\/wp-json\/wp\/v2\/types\/post"}],"author":[{"embeddable":true,"href":"https:\/\/eltrabajo.cl\/portal\/wp-json\/wp\/v2\/users\/482"}],"replies":[{"embeddable":true,"href":"https:\/\/eltrabajo.cl\/portal\/wp-json\/wp\/v2\/comments?post=44860"}],"version-history":[{"count":0,"href":"https:\/\/eltrabajo.cl\/portal\/wp-json\/wp\/v2\/posts\/44860\/revisions"}],"wp:featuredmedia":[{"embeddable":true,"href":"https:\/\/eltrabajo.cl\/portal\/wp-json\/wp\/v2\/media\/44861"}],"wp:attachment":[{"href":"https:\/\/eltrabajo.cl\/portal\/wp-json\/wp\/v2\/media?parent=44860"}],"wp:term":[{"taxonomy":"category","embeddable":true,"href":"https:\/\/eltrabajo.cl\/portal\/wp-json\/wp\/v2\/categories?post=44860"},{"taxonomy":"post_tag","embeddable":true,"href":"https:\/\/eltrabajo.cl\/portal\/wp-json\/wp\/v2\/tags?post=44860"}],"curies":[{"name":"wp","href":"https:\/\/api.w.org\/{rel}","templated":true}]}}