{"id":44864,"date":"2014-03-28T09:41:21","date_gmt":"2014-03-28T12:41:21","guid":{"rendered":"http:\/\/www.eltrabajo.cl\/portal\/?p=44864"},"modified":"2014-03-28T09:41:21","modified_gmt":"2014-03-28T12:41:21","slug":"declaran-culpable-de-homicidio-a-quien-mato-a-delincuente-que-robaba-en-su-casa","status":"publish","type":"post","link":"https:\/\/eltrabajo.cl\/portal\/declaran-culpable-de-homicidio-a-quien-mato-a-delincuente-que-robaba-en-su-casa\/","title":{"rendered":"Declaran Culpable de Homicidio a quien mat\u00f3 a delincuente que robaba en su casa"},"content":{"rendered":"<figure id=\"attachment_44865\" aria-describedby=\"caption-attachment-44865\" style=\"width: 317px\" class=\"wp-caption alignleft\"><a href=\"https:\/\/i0.wp.com\/www.eltrabajo.cl\/portal\/wp-content\/uploads\/2014\/03\/Culpable1.jpg\"><img data-recalc-dims=\"1\" loading=\"lazy\" decoding=\"async\" class=\" wp-image-44865 \" alt=\"CULPABLE.- El Tribunal Oral en Lo penal de Los Andes, declar\u00f3 culpable del delito de Homicidio Simple a Clarence Bravo Godoy.\" src=\"https:\/\/i0.wp.com\/www.eltrabajo.cl\/portal\/wp-content\/uploads\/2014\/03\/Culpable1.jpg?resize=317%2C217\" width=\"317\" height=\"217\" srcset=\"https:\/\/i0.wp.com\/eltrabajo.cl\/portal\/wp-content\/uploads\/2014\/03\/Culpable1.jpg?w=529&amp;ssl=1 529w, https:\/\/i0.wp.com\/eltrabajo.cl\/portal\/wp-content\/uploads\/2014\/03\/Culpable1.jpg?resize=200%2C136&amp;ssl=1 200w, https:\/\/i0.wp.com\/eltrabajo.cl\/portal\/wp-content\/uploads\/2014\/03\/Culpable1.jpg?resize=300%2C204&amp;ssl=1 300w, https:\/\/i0.wp.com\/eltrabajo.cl\/portal\/wp-content\/uploads\/2014\/03\/Culpable1.jpg?resize=150%2C102&amp;ssl=1 150w, https:\/\/i0.wp.com\/eltrabajo.cl\/portal\/wp-content\/uploads\/2014\/03\/Culpable1.jpg?resize=400%2C272&amp;ssl=1 400w\" sizes=\"auto, (max-width: 317px) 100vw, 317px\" \/><\/a><figcaption id=\"caption-attachment-44865\" class=\"wp-caption-text\">CULPABLE.- El Tribunal Oral en Lo penal de Los Andes, declar\u00f3 culpable del delito de Homicidio Simple a Clarence Bravo Godoy.<\/figcaption><\/figure>\n<p><strong>LOS ANDES.-<\/strong> El Tribunal Oral en Lo penal de Los Andes, declar\u00f3 culpable del delito de Homicidio Simple a Clarence Bravo Godoy, quien la tarde del 19 de enero de 2013 dio muerte a golpes con un fierro y posterior estrangulamiento al menor Francisco Huanchicay Vergara, tras haberlo sorprendido robando en su casa, ubicada en el kil\u00f3metro 28 del camino internacional. Como se recordar\u00e1, la defensa del acusado representada por el Abogado Julio \u00c1lvarez, hab\u00eda puesto sus fichas en que el tribunal lo absolviera de este delito por tratarse de una Leg\u00edtima de defensa.<\/p>\n<p>Sin embargo, el tribunal acogi\u00f3 s\u00f3lo algunos elementos que configuraron una Leg\u00edtima defensa Incompleta al no existir todos los fundamentos jur\u00eddicos necesarios que la sustenten.<\/p>\n<p>En su sentencia, el tribunal estableci\u00f3 que la tarde de ese d\u00eda el imputado se encontraba al interior de su domicilio, luego que \u00e9ste hab\u00eda sido debidamente cerrado por fuera por su pareja para evitar la comisi\u00f3n de un robo.<\/p>\n<p>\u201cAlrededor de las 18:00 horas de ese d\u00eda se percat\u00f3 que un sujeto joven ingres\u00f3 al inmueble con la intenci\u00f3n de robar a trav\u00e9s de un forado hecho en la pared del segundo piso que hab\u00eda sido hecho el d\u00eda anterior por desconocidos, ante lo cual el acusado lo encar\u00f3 traslad\u00e1ndose ambos al primer piso, donde lo golpe\u00f3 con una herramienta llamada barreta o diablito, provocando que la v\u00edctima cayera al suelo y luego el acusado tom\u00f3 por el cuello al joven quien en definitiva falleci\u00f3 producto de un traumatismo cr\u00e1neo facial y a ra\u00edz de la aspiraci\u00f3n de su propia sangre\u201d, expuso el tribunal en su sentencia.<\/p>\n<p>El tribunal dio por acreditado adem\u00e1s que Bravo Godoy alter\u00f3 el sitio del suceso colocando el martillo en la mano de la v\u00edctima una vez que le dio muerte.<\/p>\n<p>Por otra parte, admiti\u00f3 como circunstancias atenuantes de responsabilidad penal, la irreprochable conducta anterior del acusado. Una vez le\u00edda la sentencia y en debate sobre la determinaci\u00f3n de la pena, el abogado defensor solicit\u00f3 la de 61 d\u00edas de Presidio Remitido, dada la atenuante objetiva por no tener antecedentes penales pret\u00e9ritos y al hecho de haber colaborado sustancialmente con la investigaci\u00f3n. En tanto, el Fiscal Ricardo Reinoso solicit\u00f3 una condena de cuatro a\u00f1os de Presidio Mayor en su grado m\u00ednimo. La Audiencia de Comunicaci\u00f3n de pena se realizar\u00e1 en los pr\u00f3ximos d\u00edas en el mismo tribunal de juicio oral de Los Andes.<\/p>\n<p>&nbsp;<\/p>\n","protected":false},"excerpt":{"rendered":"<p>LOS ANDES.- El Tribunal Oral en Lo penal de Los Andes, declar\u00f3 culpable del delito de Homicidio Simple a Clarence Bravo Godoy, quien la tarde del 19 de enero de 2013 dio&#8230;<\/p>\n","protected":false},"author":482,"featured_media":44865,"comment_status":"open","ping_status":"closed","sticky":false,"template":"","format":"standard","meta":{"advanced_seo_description":"","jetpack_seo_html_title":"","jetpack_seo_noindex":false,"_jetpack_memberships_contains_paid_content":false,"footnotes":""},"categories":[21],"tags":[],"class_list":["post-44864","post","type-post","status-publish","format-standard","has-post-thumbnail","hentry","category-policial"],"jetpack_featured_media_url":"https:\/\/i0.wp.com\/eltrabajo.cl\/portal\/wp-content\/uploads\/2014\/03\/Culpable1.jpg?fit=529%2C361&ssl=1","jetpack_sharing_enabled":true,"jetpack_likes_enabled":true,"jetpack-related-posts":[],"_links":{"self":[{"href":"https:\/\/eltrabajo.cl\/portal\/wp-json\/wp\/v2\/posts\/44864","targetHints":{"allow":["GET"]}}],"collection":[{"href":"https:\/\/eltrabajo.cl\/portal\/wp-json\/wp\/v2\/posts"}],"about":[{"href":"https:\/\/eltrabajo.cl\/portal\/wp-json\/wp\/v2\/types\/post"}],"author":[{"embeddable":true,"href":"https:\/\/eltrabajo.cl\/portal\/wp-json\/wp\/v2\/users\/482"}],"replies":[{"embeddable":true,"href":"https:\/\/eltrabajo.cl\/portal\/wp-json\/wp\/v2\/comments?post=44864"}],"version-history":[{"count":0,"href":"https:\/\/eltrabajo.cl\/portal\/wp-json\/wp\/v2\/posts\/44864\/revisions"}],"wp:featuredmedia":[{"embeddable":true,"href":"https:\/\/eltrabajo.cl\/portal\/wp-json\/wp\/v2\/media\/44865"}],"wp:attachment":[{"href":"https:\/\/eltrabajo.cl\/portal\/wp-json\/wp\/v2\/media?parent=44864"}],"wp:term":[{"taxonomy":"category","embeddable":true,"href":"https:\/\/eltrabajo.cl\/portal\/wp-json\/wp\/v2\/categories?post=44864"},{"taxonomy":"post_tag","embeddable":true,"href":"https:\/\/eltrabajo.cl\/portal\/wp-json\/wp\/v2\/tags?post=44864"}],"curies":[{"name":"wp","href":"https:\/\/api.w.org\/{rel}","templated":true}]}}