{"id":44868,"date":"2014-03-28T09:44:35","date_gmt":"2014-03-28T12:44:35","guid":{"rendered":"http:\/\/www.eltrabajo.cl\/portal\/?p=44868"},"modified":"2014-03-28T09:44:35","modified_gmt":"2014-03-28T12:44:35","slug":"tres-anos-de-libertad-vigilada-para-papa-que-manoseo-a-su-hija-de-18-meses","status":"publish","type":"post","link":"https:\/\/eltrabajo.cl\/portal\/tres-anos-de-libertad-vigilada-para-papa-que-manoseo-a-su-hija-de-18-meses\/","title":{"rendered":"Tres a\u00f1os de Libertad Vigilada para pap\u00e1 que &#8216;manose\u00f3&#8217; a su hija de 18 meses"},"content":{"rendered":"<figure id=\"attachment_44869\" aria-describedby=\"caption-attachment-44869\" style=\"width: 529px\" class=\"wp-caption alignnone\"><a href=\"https:\/\/i0.wp.com\/www.eltrabajo.cl\/portal\/wp-content\/uploads\/2014\/03\/Imputado-Abuso-Sexual.jpg\"><img data-recalc-dims=\"1\" loading=\"lazy\" decoding=\"async\" class=\"size-full wp-image-44869\" alt=\"S\u00f3lo porque V\u00edctor Manuel L.M. no posee antecedentes penales previos y le favorece la irreprochable conducta anterior, fue condenado a tres a\u00f1os y un d\u00eda por abusar sexualmente de de su hija de 18 meses.\" src=\"https:\/\/i0.wp.com\/www.eltrabajo.cl\/portal\/wp-content\/uploads\/2014\/03\/Imputado-Abuso-Sexual.jpg?resize=529%2C346\" width=\"529\" height=\"346\" srcset=\"https:\/\/i0.wp.com\/eltrabajo.cl\/portal\/wp-content\/uploads\/2014\/03\/Imputado-Abuso-Sexual.jpg?w=529&amp;ssl=1 529w, https:\/\/i0.wp.com\/eltrabajo.cl\/portal\/wp-content\/uploads\/2014\/03\/Imputado-Abuso-Sexual.jpg?resize=200%2C130&amp;ssl=1 200w, https:\/\/i0.wp.com\/eltrabajo.cl\/portal\/wp-content\/uploads\/2014\/03\/Imputado-Abuso-Sexual.jpg?resize=300%2C196&amp;ssl=1 300w, https:\/\/i0.wp.com\/eltrabajo.cl\/portal\/wp-content\/uploads\/2014\/03\/Imputado-Abuso-Sexual.jpg?resize=150%2C98&amp;ssl=1 150w, https:\/\/i0.wp.com\/eltrabajo.cl\/portal\/wp-content\/uploads\/2014\/03\/Imputado-Abuso-Sexual.jpg?resize=400%2C261&amp;ssl=1 400w\" sizes=\"auto, (max-width: 529px) 100vw, 529px\" \/><\/a><figcaption id=\"caption-attachment-44869\" class=\"wp-caption-text\">S\u00f3lo porque V\u00edctor Manuel L.M. no posee antecedentes penales previos y le favorece la irreprochable conducta anterior, fue condenado a tres a\u00f1os y un d\u00eda por abusar sexualmente de de su hija de 18 meses.<\/figcaption><\/figure>\n<p>Finalmente se conoci\u00f3 la sentencia de V\u00edctor Manuel L.M., quien en el mes de diciembre del a\u00f1o 2012 fue sorprendido abusando sexualmente de su peque\u00f1a hija de s\u00f3lo un a\u00f1o y seis meses mientras se encontraba en el Servicio de Urgencias y posteriormente en los estacionamientos del Hospital San Camilo de San Felipe. El deleznable hecho policial qued\u00f3 al descubierto cuando el hombre de 29 a\u00f1os fue sorprendido cerca de las 23:00 horas del viernes 14 de diciembre de ese a\u00f1o, abusando de la menor, por lo que fue retenido por algunos usuarios que se encontraban al interior de la sala de espera de urgencias y que vieron cuando el hombre tocaba a la peque\u00f1a en sus partes \u00edntimas y se masturbaba en la sala de espera de pacientes.<\/p>\n<p>El testimonio gener\u00f3 en la ocasi\u00f3n bastantes dudas respecto de la veracidad de la denuncia, puesto que familiares y amigos del imputado no daban cr\u00e9dito de las acusaciones.<\/p>\n<p><strong>REACCIONES\u00a0DE LA DEFENSA<\/strong><\/p>\n<p>Tras el juicio que termin\u00f3 esta semana, el abogado defensor Nicol\u00e1s Olivares Moreno, se\u00f1al\u00f3 que el tribunal lo absolvi\u00f3 de una acusaci\u00f3n de Abuso en los estacionamientos y lo conden\u00f3 por Abuso en la Sala de Urgencias del Hospital. \u201cNosotros tenemos que analizar la sentencia y estudiar en base a ella una posible presentaci\u00f3n de solicitud de Nulidad ante la Corte de Apelaciones, por cuanto creemos que existen pruebas muy d\u00e9biles, espec\u00edficamente con una prueba que se usa para exculpar a nuestro defendido del hecho del estacionamiento y resulta que es la misma prueba que se usa para culparlo del segundo hecho. Por eso es algo que debemos analizar\u201d.<\/p>\n<p>Puesto que V\u00edctor Manuel L.M. no posee antecedentes penales previos y le favorece la irreprochable conducta anterior, fue condenado a tres a\u00f1os y un d\u00eda, gozando del beneficio de Libertad Vigilada. La defensa tiene hasta este lunes para fundamentar la nulidad del juicio en caso que quieran conseguir un nuevo juicio para su defendido.<\/p>\n<p>&nbsp;<\/p>\n","protected":false},"excerpt":{"rendered":"<p>Finalmente se conoci\u00f3 la sentencia de V\u00edctor Manuel L.M., quien en el mes de diciembre del a\u00f1o 2012 fue sorprendido abusando sexualmente de su peque\u00f1a hija de s\u00f3lo un a\u00f1o y seis&#8230;<\/p>\n","protected":false},"author":482,"featured_media":44869,"comment_status":"open","ping_status":"closed","sticky":false,"template":"","format":"standard","meta":{"advanced_seo_description":"","jetpack_seo_html_title":"","jetpack_seo_noindex":false,"_jetpack_memberships_contains_paid_content":false,"footnotes":""},"categories":[21],"tags":[],"class_list":["post-44868","post","type-post","status-publish","format-standard","has-post-thumbnail","hentry","category-policial"],"jetpack_featured_media_url":"https:\/\/i0.wp.com\/eltrabajo.cl\/portal\/wp-content\/uploads\/2014\/03\/Imputado-Abuso-Sexual.jpg?fit=529%2C346&ssl=1","jetpack_sharing_enabled":true,"jetpack_likes_enabled":true,"jetpack-related-posts":[],"_links":{"self":[{"href":"https:\/\/eltrabajo.cl\/portal\/wp-json\/wp\/v2\/posts\/44868","targetHints":{"allow":["GET"]}}],"collection":[{"href":"https:\/\/eltrabajo.cl\/portal\/wp-json\/wp\/v2\/posts"}],"about":[{"href":"https:\/\/eltrabajo.cl\/portal\/wp-json\/wp\/v2\/types\/post"}],"author":[{"embeddable":true,"href":"https:\/\/eltrabajo.cl\/portal\/wp-json\/wp\/v2\/users\/482"}],"replies":[{"embeddable":true,"href":"https:\/\/eltrabajo.cl\/portal\/wp-json\/wp\/v2\/comments?post=44868"}],"version-history":[{"count":0,"href":"https:\/\/eltrabajo.cl\/portal\/wp-json\/wp\/v2\/posts\/44868\/revisions"}],"wp:featuredmedia":[{"embeddable":true,"href":"https:\/\/eltrabajo.cl\/portal\/wp-json\/wp\/v2\/media\/44869"}],"wp:attachment":[{"href":"https:\/\/eltrabajo.cl\/portal\/wp-json\/wp\/v2\/media?parent=44868"}],"wp:term":[{"taxonomy":"category","embeddable":true,"href":"https:\/\/eltrabajo.cl\/portal\/wp-json\/wp\/v2\/categories?post=44868"},{"taxonomy":"post_tag","embeddable":true,"href":"https:\/\/eltrabajo.cl\/portal\/wp-json\/wp\/v2\/tags?post=44868"}],"curies":[{"name":"wp","href":"https:\/\/api.w.org\/{rel}","templated":true}]}}