{"id":44877,"date":"2014-03-31T09:34:03","date_gmt":"2014-03-31T12:34:03","guid":{"rendered":"http:\/\/www.eltrabajo.cl\/portal\/?p=44877"},"modified":"2014-03-31T09:34:03","modified_gmt":"2014-03-31T12:34:03","slug":"amplio-respaldo-a-exposicion-fotografica-de-mi-pueblo-actual","status":"publish","type":"post","link":"https:\/\/eltrabajo.cl\/portal\/amplio-respaldo-a-exposicion-fotografica-de-mi-pueblo-actual\/","title":{"rendered":"Amplio respaldo a exposici\u00f3n fotogr\u00e1fica de &#8216;Mi Pueblo Actual&#8217;"},"content":{"rendered":"<figure id=\"attachment_44878\" aria-describedby=\"caption-attachment-44878\" style=\"width: 529px\" class=\"wp-caption alignnone\"><a href=\"https:\/\/i0.wp.com\/www.eltrabajo.cl\/portal\/wp-content\/uploads\/2014\/03\/Actual1.jpg\"><img data-recalc-dims=\"1\" loading=\"lazy\" decoding=\"async\" class=\"size-full wp-image-44878\" alt=\"Un rotundo \u00e9xito tuvo la exposici\u00f3n fotogr\u00e1fica denominada \u00abEl Maravilloso Entorno en el que me toc\u00f3 vivir\u00bb, de Mi Pueblo Actual.\" src=\"https:\/\/i0.wp.com\/www.eltrabajo.cl\/portal\/wp-content\/uploads\/2014\/03\/Actual1.jpg?resize=529%2C358\" width=\"529\" height=\"358\" srcset=\"https:\/\/i0.wp.com\/eltrabajo.cl\/portal\/wp-content\/uploads\/2014\/03\/Actual1.jpg?w=529&amp;ssl=1 529w, https:\/\/i0.wp.com\/eltrabajo.cl\/portal\/wp-content\/uploads\/2014\/03\/Actual1.jpg?resize=200%2C135&amp;ssl=1 200w, https:\/\/i0.wp.com\/eltrabajo.cl\/portal\/wp-content\/uploads\/2014\/03\/Actual1.jpg?resize=300%2C203&amp;ssl=1 300w, https:\/\/i0.wp.com\/eltrabajo.cl\/portal\/wp-content\/uploads\/2014\/03\/Actual1.jpg?resize=150%2C101&amp;ssl=1 150w, https:\/\/i0.wp.com\/eltrabajo.cl\/portal\/wp-content\/uploads\/2014\/03\/Actual1.jpg?resize=400%2C270&amp;ssl=1 400w\" sizes=\"auto, (max-width: 529px) 100vw, 529px\" \/><\/a><figcaption id=\"caption-attachment-44878\" class=\"wp-caption-text\">Un rotundo \u00e9xito tuvo la exposici\u00f3n fotogr\u00e1fica denominada \u00abEl Maravilloso Entorno en el que me toc\u00f3 vivir\u00bb, de Mi Pueblo Actual.<\/figcaption><\/figure>\n<p><strong>PUTAENDO<\/strong>.- Un rotundo \u00e9xito, reflejado en las muestras de cari\u00f1o y las cientos de visitas y felicitaciones, tuvo la exposici\u00f3n fotogr\u00e1fica denominada \u00abEl Maravilloso Entorno en el que me toc\u00f3 vivir\u00bb, de Mi Pueblo Actual que fue organizada por el joven fot\u00f3grafo Oliver Gallardo Belmar. Desde el jueves pasado este nuevo talento que adem\u00e1s es t\u00e9cnico param\u00e9dico y estudiante de enfermer\u00eda, comenz\u00f3 a mostrar sus trabajos en la plaza de Putaendo y poco a poco logr\u00f3 cautivar a las cientos de personas que fueron atra\u00eddas por la hermosura de sus fotograf\u00edas.<\/p>\n<p>El joven artista recibi\u00f3 el reconocimiento de la comunidad e incluso el apoyo de destacados fot\u00f3grafos como Jorge Menares, quienes valoraron su trabajo y destacaron su enorme creatividad. Pasado el mediod\u00eda de este s\u00e1bado y tal como lo hab\u00eda anunciado Oliver Gallardo, los muchachos del Grupo De Ron a Ritmo realizaron una hermosa presentaci\u00f3n con las fotograf\u00edas de Mi Pueblo Actual de fondo, entregando m\u00e1s que un apoyo, un reconocimiento a un joven artista que quiere seguir mostrando sus trabajos, incluso m\u00e1s all\u00e1 de nuestra comuna.<\/p>\n<p>Oliver Gallardo, creador de Mi Pueblo Actual, agradeci\u00f3 el apoyo de su familia, amigos y de la comunidad que respald\u00f3 su trabajo que tuvo una tremenda acogida, incluso personas provenientes de diferentes comunas del Valle del Aconcagua llegaron hasta Putaendo encantados por las bellas fotograf\u00edas del joven artista putaendino, entre ellos representantes de algunos colegios de la zona que desean tener en sus aulas a este nuevo talento para as\u00ed transmitir el arte de la fotograf\u00eda a ni\u00f1os y j\u00f3venes.<\/p>\n<p>Este joven fot\u00f3grafo adelant\u00f3 que son varios sus anhelos en el mundo de la fotograf\u00eda e incluso dentro de sus planes est\u00e1 la creaci\u00f3n de Mi Pueblo Actual en la ciudad de San Felipe.<\/p>\n<p>Sin lugar a dudas, hoy la comuna de Putaendo recibe con los brazos abiertos a un nuevo y joven talento que comienza a abrirse camino en el diverso mundo del arte y la cultura que ha tomado fuerza en la comuna, y lo m\u00e1s importante, Oliver Gallardo hoy se abre paso con un tremendo respaldo de su familia, sus vecinos y la gente de Putaendo, adem\u00e1s apoyado por la experiencia y trayectoria de destacados fot\u00f3grafos como Jorge Menares. No queda duda que Mi Pueblo Actual seguir\u00e1 maravillando a las cientos de personas que a diario les visitan en Facebook y tambi\u00e9n continuar\u00e1 mostrando la hermosura de Putaendo y su gente al pa\u00eds y al mundo.<\/p>\n<p>Patricio Gallardo M.<\/p>\n<div class=\"tiled-gallery type-rectangular tiled-gallery-unresized\" data-original-width=\"640\" data-carousel-extra='null' itemscope itemtype=\"http:\/\/schema.org\/ImageGallery\" > <div class=\"gallery-row\" style=\"width: 640px; height: 201px;\" data-original-width=\"640\" data-original-height=\"201\" > <div class=\"gallery-group images-1\" style=\"width: 295px; height: 201px;\" data-original-width=\"295\" data-original-height=\"201\" > <div class=\"tiled-gallery-item tiled-gallery-item-large\" itemprop=\"associatedMedia\" itemscope itemtype=\"http:\/\/schema.org\/ImageObject\"> <a href=\"https:\/\/eltrabajo.cl\/portal\/amplio-respaldo-a-exposicion-fotografica-de-mi-pueblo-actual\/fotografo1\/\" border=\"0\" itemprop=\"url\"> <meta itemprop=\"width\" content=\"291\"> <meta itemprop=\"height\" content=\"197\"> <img decoding=\"async\" class=\"\" data-attachment-id=\"44879\" data-orig-file=\"https:\/\/eltrabajo.cl\/portal\/wp-content\/uploads\/2014\/03\/Fotografo1.jpg\" data-orig-size=\"529,358\" data-comments-opened=\"1\" data-image-meta=\"{&quot;aperture&quot;:&quot;7.1&quot;,&quot;credit&quot;:&quot;&quot;,&quot;camera&quot;:&quot;Canon EOS REBEL T3&quot;,&quot;caption&quot;:&quot;&quot;,&quot;created_timestamp&quot;:&quot;1383312900&quot;,&quot;copyright&quot;:&quot;&quot;,&quot;focal_length&quot;:&quot;28&quot;,&quot;iso&quot;:&quot;100&quot;,&quot;shutter_speed&quot;:&quot;0.00625&quot;,&quot;title&quot;:&quot;&quot;}\" data-image-title=\"Fotografo1\" data-image-description=\"&lt;p&gt;Oliver Gallardo, creador de Mi Pueblo Actual, agradeci\u00f3 el apoyo de su familia, amigos y de la comunidad que respald\u00f3 su trabajo que tuvo una tremenda acogida.&lt;\/p&gt; \" data-medium-file=\"https:\/\/i0.wp.com\/eltrabajo.cl\/portal\/wp-content\/uploads\/2014\/03\/Fotografo1.jpg?fit=300%2C203&#038;ssl=1\" data-large-file=\"https:\/\/i0.wp.com\/eltrabajo.cl\/portal\/wp-content\/uploads\/2014\/03\/Fotografo1.jpg?fit=529%2C358&#038;ssl=1\" src=\"https:\/\/i0.wp.com\/eltrabajo.cl\/portal\/wp-content\/uploads\/2014\/03\/Fotografo1.jpg?w=291&#038;h=197&#038;ssl=1\" srcset=\"https:\/\/i0.wp.com\/eltrabajo.cl\/portal\/wp-content\/uploads\/2014\/03\/Fotografo1.jpg?w=529&amp;ssl=1 529w, https:\/\/i0.wp.com\/eltrabajo.cl\/portal\/wp-content\/uploads\/2014\/03\/Fotografo1.jpg?resize=200%2C135&amp;ssl=1 200w, https:\/\/i0.wp.com\/eltrabajo.cl\/portal\/wp-content\/uploads\/2014\/03\/Fotografo1.jpg?resize=300%2C203&amp;ssl=1 300w, https:\/\/i0.wp.com\/eltrabajo.cl\/portal\/wp-content\/uploads\/2014\/03\/Fotografo1.jpg?resize=150%2C101&amp;ssl=1 150w, https:\/\/i0.wp.com\/eltrabajo.cl\/portal\/wp-content\/uploads\/2014\/03\/Fotografo1.jpg?resize=400%2C270&amp;ssl=1 400w\" width=\"291\" height=\"197\" loading=\"lazy\" data-original-width=\"291\" data-original-height=\"197\" itemprop=\"http:\/\/schema.org\/image\" title=\"Fotografo1\" alt=\"Oliver Gallardo, creador de Mi Pueblo Actual, agradeci\u00f3 el apoyo de su familia, amigos y de la comunidad que respald\u00f3 su trabajo que tuvo una tremenda acogida.\" style=\"width: 291px; height: 197px;\" \/> <\/a> <div class=\"tiled-gallery-caption\" itemprop=\"caption description\"> Oliver Gallardo, creador de Mi Pueblo Actual, agradeci\u00f3 el apoyo de su familia, amigos y de la comunidad que respald\u00f3 su trabajo que tuvo una tremenda acogida. <\/div> <\/div> <\/div> <!-- close group --> <div class=\"gallery-group images-1\" style=\"width: 345px; height: 201px;\" data-original-width=\"345\" data-original-height=\"201\" > <div class=\"tiled-gallery-item tiled-gallery-item-large\" itemprop=\"associatedMedia\" itemscope itemtype=\"http:\/\/schema.org\/ImageObject\"> <a href=\"https:\/\/eltrabajo.cl\/portal\/amplio-respaldo-a-exposicion-fotografica-de-mi-pueblo-actual\/fotos1-2\/\" border=\"0\" itemprop=\"url\"> <meta itemprop=\"width\" content=\"341\"> <meta itemprop=\"height\" content=\"197\"> <img decoding=\"async\" class=\"\" data-attachment-id=\"44880\" data-orig-file=\"https:\/\/eltrabajo.cl\/portal\/wp-content\/uploads\/2014\/03\/Fotos1.jpg\" data-orig-size=\"528,304\" data-comments-opened=\"1\" data-image-meta=\"{&quot;aperture&quot;:&quot;16&quot;,&quot;credit&quot;:&quot;&quot;,&quot;camera&quot;:&quot;Canon EOS REBEL T3i&quot;,&quot;caption&quot;:&quot;&quot;,&quot;created_timestamp&quot;:&quot;1396094107&quot;,&quot;copyright&quot;:&quot;[wopmind]&quot;,&quot;focal_length&quot;:&quot;18&quot;,&quot;iso&quot;:&quot;250&quot;,&quot;shutter_speed&quot;:&quot;0.025&quot;,&quot;title&quot;:&quot;&quot;}\" data-image-title=\"Fotos1\" data-image-description=\"&lt;p&gt;En la plaza de Putaendo esta propuesta poco a poco logr\u00f3 cautivar a los cientos de personas que fueron atra\u00eddas por la hermosura de sus fotograf\u00edas.&lt;\/p&gt; \" data-medium-file=\"https:\/\/i0.wp.com\/eltrabajo.cl\/portal\/wp-content\/uploads\/2014\/03\/Fotos1.jpg?fit=300%2C172&#038;ssl=1\" data-large-file=\"https:\/\/i0.wp.com\/eltrabajo.cl\/portal\/wp-content\/uploads\/2014\/03\/Fotos1.jpg?fit=528%2C304&#038;ssl=1\" src=\"https:\/\/i0.wp.com\/eltrabajo.cl\/portal\/wp-content\/uploads\/2014\/03\/Fotos1.jpg?w=341&#038;h=197&#038;ssl=1\" srcset=\"https:\/\/i0.wp.com\/eltrabajo.cl\/portal\/wp-content\/uploads\/2014\/03\/Fotos1.jpg?w=528&amp;ssl=1 528w, https:\/\/i0.wp.com\/eltrabajo.cl\/portal\/wp-content\/uploads\/2014\/03\/Fotos1.jpg?resize=200%2C115&amp;ssl=1 200w, https:\/\/i0.wp.com\/eltrabajo.cl\/portal\/wp-content\/uploads\/2014\/03\/Fotos1.jpg?resize=300%2C172&amp;ssl=1 300w, https:\/\/i0.wp.com\/eltrabajo.cl\/portal\/wp-content\/uploads\/2014\/03\/Fotos1.jpg?resize=150%2C86&amp;ssl=1 150w, https:\/\/i0.wp.com\/eltrabajo.cl\/portal\/wp-content\/uploads\/2014\/03\/Fotos1.jpg?resize=400%2C230&amp;ssl=1 400w\" width=\"341\" height=\"197\" loading=\"lazy\" data-original-width=\"341\" data-original-height=\"197\" itemprop=\"http:\/\/schema.org\/image\" title=\"Fotos1\" alt=\"En la plaza de Putaendo esta propuesta poco a poco logr\u00f3 cautivar a los cientos de personas que fueron atra\u00eddas por la hermosura de sus fotograf\u00edas.\" style=\"width: 341px; height: 197px;\" \/> <\/a> <div class=\"tiled-gallery-caption\" itemprop=\"caption description\"> En la plaza de Putaendo esta propuesta poco a poco logr\u00f3 cautivar a los cientos de personas que fueron atra\u00eddas por la hermosura de sus fotograf\u00edas. <\/div> <\/div> <\/div> <!-- close group --> <\/div> <!-- close row --> <\/div>\n","protected":false},"excerpt":{"rendered":"<p>PUTAENDO.- Un rotundo \u00e9xito, reflejado en las muestras de cari\u00f1o y las cientos de visitas y felicitaciones, tuvo la exposici\u00f3n fotogr\u00e1fica denominada \u00abEl Maravilloso Entorno en el que me toc\u00f3 vivir\u00bb, de&#8230;<\/p>\n","protected":false},"author":482,"featured_media":44878,"comment_status":"open","ping_status":"closed","sticky":false,"template":"","format":"standard","meta":{"advanced_seo_description":"","jetpack_seo_html_title":"","jetpack_seo_noindex":false,"_jetpack_memberships_contains_paid_content":false,"footnotes":""},"categories":[15],"tags":[],"class_list":["post-44877","post","type-post","status-publish","format-standard","has-post-thumbnail","hentry","category-comunidad"],"jetpack_featured_media_url":"https:\/\/i0.wp.com\/eltrabajo.cl\/portal\/wp-content\/uploads\/2014\/03\/Actual1.jpg?fit=529%2C358&ssl=1","jetpack_sharing_enabled":true,"jetpack_likes_enabled":true,"jetpack-related-posts":[],"_links":{"self":[{"href":"https:\/\/eltrabajo.cl\/portal\/wp-json\/wp\/v2\/posts\/44877","targetHints":{"allow":["GET"]}}],"collection":[{"href":"https:\/\/eltrabajo.cl\/portal\/wp-json\/wp\/v2\/posts"}],"about":[{"href":"https:\/\/eltrabajo.cl\/portal\/wp-json\/wp\/v2\/types\/post"}],"author":[{"embeddable":true,"href":"https:\/\/eltrabajo.cl\/portal\/wp-json\/wp\/v2\/users\/482"}],"replies":[{"embeddable":true,"href":"https:\/\/eltrabajo.cl\/portal\/wp-json\/wp\/v2\/comments?post=44877"}],"version-history":[{"count":0,"href":"https:\/\/eltrabajo.cl\/portal\/wp-json\/wp\/v2\/posts\/44877\/revisions"}],"wp:featuredmedia":[{"embeddable":true,"href":"https:\/\/eltrabajo.cl\/portal\/wp-json\/wp\/v2\/media\/44878"}],"wp:attachment":[{"href":"https:\/\/eltrabajo.cl\/portal\/wp-json\/wp\/v2\/media?parent=44877"}],"wp:term":[{"taxonomy":"category","embeddable":true,"href":"https:\/\/eltrabajo.cl\/portal\/wp-json\/wp\/v2\/categories?post=44877"},{"taxonomy":"post_tag","embeddable":true,"href":"https:\/\/eltrabajo.cl\/portal\/wp-json\/wp\/v2\/tags?post=44877"}],"curies":[{"name":"wp","href":"https:\/\/api.w.org\/{rel}","templated":true}]}}