{"id":44884,"date":"2014-03-31T09:39:27","date_gmt":"2014-03-31T12:39:27","guid":{"rendered":"http:\/\/www.eltrabajo.cl\/portal\/?p=44884"},"modified":"2014-03-31T09:39:27","modified_gmt":"2014-03-31T12:39:27","slug":"indignacion-por-nueva-rotura-de-matriz-de-agua-potable-en-curimon","status":"publish","type":"post","link":"https:\/\/eltrabajo.cl\/portal\/indignacion-por-nueva-rotura-de-matriz-de-agua-potable-en-curimon\/","title":{"rendered":"Indignaci\u00f3n por nueva rotura de matriz de agua potable en Curim\u00f3n"},"content":{"rendered":"<figure id=\"attachment_44885\" aria-describedby=\"caption-attachment-44885\" style=\"width: 190px\" class=\"wp-caption alignleft\"><a href=\"https:\/\/i0.wp.com\/www.eltrabajo.cl\/portal\/wp-content\/uploads\/2014\/03\/claudio-pantoja.jpg\"><img data-recalc-dims=\"1\" loading=\"lazy\" decoding=\"async\" class=\" wp-image-44885  \" alt=\"Claudio Pantoja, dirigente de la Junta de Adelanto de Curim\u00f3n.\" src=\"https:\/\/i0.wp.com\/www.eltrabajo.cl\/portal\/wp-content\/uploads\/2014\/03\/claudio-pantoja.jpg?resize=190%2C210\" width=\"190\" height=\"210\" srcset=\"https:\/\/i0.wp.com\/eltrabajo.cl\/portal\/wp-content\/uploads\/2014\/03\/claudio-pantoja.jpg?w=529&amp;ssl=1 529w, https:\/\/i0.wp.com\/eltrabajo.cl\/portal\/wp-content\/uploads\/2014\/03\/claudio-pantoja.jpg?resize=135%2C150&amp;ssl=1 135w, https:\/\/i0.wp.com\/eltrabajo.cl\/portal\/wp-content\/uploads\/2014\/03\/claudio-pantoja.jpg?resize=271%2C300&amp;ssl=1 271w, https:\/\/i0.wp.com\/eltrabajo.cl\/portal\/wp-content\/uploads\/2014\/03\/claudio-pantoja.jpg?resize=400%2C441&amp;ssl=1 400w\" sizes=\"auto, (max-width: 190px) 100vw, 190px\" \/><\/a><figcaption id=\"caption-attachment-44885\" class=\"wp-caption-text\">Claudio Pantoja, dirigente de la Junta de Adelanto de Curim\u00f3n.<\/figcaption><\/figure>\n<p>Nuevamente la matriz de agua potable que pasa bajo el recientemente inaugurado pavimento de Calle San Francisco de Curim\u00f3n se rompi\u00f3, causando la indignaci\u00f3n de los vecinos del sector.<\/p>\n<p>Seg\u00fan el dirigente de la Junta de Adelanto de Curim\u00f3n, Claudio Pantoja, \u201ceste s\u00e1bado nuevamente se rompi\u00f3 un tramo de la matriz de agua potable que pasa por la calle San Francisco, tal como se los anunci\u00e9 en Radio10 esta semana. Y as\u00ed nom\u00e1s fue, tal cual lo advertimos, porque esta matriz no es capaz de soportar la presi\u00f3n necesaria para surtir las ampliaciones habitacionales m\u00e1s recientes, como Villa Los Naranjos, Villa Curim\u00f3n I y Villa Curim\u00f3n II, que necesitan una fuerza que la matriz del casco hist\u00f3rico, por decirlo de alguna manera, no pueden entregar. Entonces yo le advierto que esto se va a volver a romper\u201d.<\/p>\n<p>Esta vez el agua flu\u00eda por entre los pa\u00f1os reci\u00e9n pavimentados de la mencionada calle, lo que hizo pensar a los vecinos que las reparaciones ser\u00edan todav\u00eda mayores. No estaban equivocados, pues el suministro debi\u00f3 permanecer suspendido por casi todo un d\u00eda, generando la molestia de los habitantes de este sector de la comuna.<\/p>\n<p>El dirigente agradeci\u00f3 la gesti\u00f3n de la gente de Esval, quienes que se hab\u00edan comprometido a cambiar dos pa\u00f1os completos del nuevo pavimento, y que se hab\u00eda roto con otra reparaci\u00f3n de una ruptura anterior. \u201cEllos cumplieron su palabra, pero ahora que se demuestra lo que nosotros dijimos, creemos que lleg\u00f3 el momento que de que comiencen a gestionar el cambio total de la matriz en calle San Francisco, de lo contrario esto les va a volver a ocurrir una y otra vez\u201d. Con este evento, es la quinta vez en menos de cinco meses que se rompe alg\u00fan tramo de la principal red de agua potable en el lugar, y es la tercera ocasi\u00f3n en lo que va de marzo.<\/p>\n<div class=\"tiled-gallery type-rectangular tiled-gallery-unresized\" data-original-width=\"640\" data-carousel-extra='null' itemscope itemtype=\"http:\/\/schema.org\/ImageGallery\" > <div class=\"gallery-row\" style=\"width: 640px; height: 186px;\" data-original-width=\"640\" data-original-height=\"186\" > <div class=\"gallery-group images-1\" style=\"width: 320px; height: 186px;\" data-original-width=\"320\" data-original-height=\"186\" > <div class=\"tiled-gallery-item tiled-gallery-item-large\" itemprop=\"associatedMedia\" itemscope itemtype=\"http:\/\/schema.org\/ImageObject\"> <a href=\"https:\/\/eltrabajo.cl\/portal\/indignacion-por-nueva-rotura-de-matriz-de-agua-potable-en-curimon\/rotura-matriz-curimon\/\" border=\"0\" itemprop=\"url\"> <meta itemprop=\"width\" content=\"316\"> <meta itemprop=\"height\" content=\"182\"> <img decoding=\"async\" class=\"\" data-attachment-id=\"44886\" data-orig-file=\"https:\/\/eltrabajo.cl\/portal\/wp-content\/uploads\/2014\/03\/rotura-matriz-curimon.jpg\" data-orig-size=\"528,304\" data-comments-opened=\"1\" data-image-meta=\"{&quot;aperture&quot;:&quot;0&quot;,&quot;credit&quot;:&quot;&quot;,&quot;camera&quot;:&quot;&quot;,&quot;caption&quot;:&quot;&quot;,&quot;created_timestamp&quot;:&quot;0&quot;,&quot;copyright&quot;:&quot;&quot;,&quot;focal_length&quot;:&quot;0&quot;,&quot;iso&quot;:&quot;0&quot;,&quot;shutter_speed&quot;:&quot;0&quot;,&quot;title&quot;:&quot;&quot;}\" data-image-title=\"rotura matriz curimon\" data-image-description=\"&lt;p&gt;Por tercera vez en lo que va del mes, se rompe la matriz de agua potable que corre por Calle San Francisco. Esta vez el agua escurri\u00f3 por un costado de la Ruta 60Ch.&lt;\/p&gt; \" data-medium-file=\"https:\/\/i0.wp.com\/eltrabajo.cl\/portal\/wp-content\/uploads\/2014\/03\/rotura-matriz-curimon.jpg?fit=300%2C172&#038;ssl=1\" data-large-file=\"https:\/\/i0.wp.com\/eltrabajo.cl\/portal\/wp-content\/uploads\/2014\/03\/rotura-matriz-curimon.jpg?fit=528%2C304&#038;ssl=1\" src=\"https:\/\/i0.wp.com\/eltrabajo.cl\/portal\/wp-content\/uploads\/2014\/03\/rotura-matriz-curimon.jpg?w=316&#038;h=182&#038;ssl=1\" srcset=\"https:\/\/i0.wp.com\/eltrabajo.cl\/portal\/wp-content\/uploads\/2014\/03\/rotura-matriz-curimon.jpg?w=528&amp;ssl=1 528w, https:\/\/i0.wp.com\/eltrabajo.cl\/portal\/wp-content\/uploads\/2014\/03\/rotura-matriz-curimon.jpg?resize=200%2C115&amp;ssl=1 200w, https:\/\/i0.wp.com\/eltrabajo.cl\/portal\/wp-content\/uploads\/2014\/03\/rotura-matriz-curimon.jpg?resize=300%2C172&amp;ssl=1 300w, https:\/\/i0.wp.com\/eltrabajo.cl\/portal\/wp-content\/uploads\/2014\/03\/rotura-matriz-curimon.jpg?resize=150%2C86&amp;ssl=1 150w, https:\/\/i0.wp.com\/eltrabajo.cl\/portal\/wp-content\/uploads\/2014\/03\/rotura-matriz-curimon.jpg?resize=400%2C230&amp;ssl=1 400w\" width=\"316\" height=\"182\" loading=\"lazy\" data-original-width=\"316\" data-original-height=\"182\" itemprop=\"http:\/\/schema.org\/image\" title=\"rotura matriz curimon\" alt=\"Por tercera vez en lo que va del mes, se rompe la matriz de agua potable que corre por Calle San Francisco. Esta vez el agua escurri\u00f3 por un costado de la Ruta 60Ch.\" style=\"width: 316px; height: 182px;\" \/> <\/a> <div class=\"tiled-gallery-caption\" itemprop=\"caption description\"> Por tercera vez en lo que va del mes, se rompe la matriz de agua potable que corre por Calle San Francisco. Esta vez el agua escurri\u00f3 por un costado de la Ruta 60Ch. <\/div> <\/div> <\/div> <!-- close group --> <div class=\"gallery-group images-1\" style=\"width: 320px; height: 186px;\" data-original-width=\"320\" data-original-height=\"186\" > <div class=\"tiled-gallery-item tiled-gallery-item-large\" itemprop=\"associatedMedia\" itemscope itemtype=\"http:\/\/schema.org\/ImageObject\"> <a href=\"https:\/\/eltrabajo.cl\/portal\/indignacion-por-nueva-rotura-de-matriz-de-agua-potable-en-curimon\/rotura1\/\" border=\"0\" itemprop=\"url\"> <meta itemprop=\"width\" content=\"316\"> <meta itemprop=\"height\" content=\"182\"> <img decoding=\"async\" class=\"\" data-attachment-id=\"44887\" data-orig-file=\"https:\/\/eltrabajo.cl\/portal\/wp-content\/uploads\/2014\/03\/Rotura1.jpg\" data-orig-size=\"528,304\" data-comments-opened=\"1\" data-image-meta=\"{&quot;aperture&quot;:&quot;0&quot;,&quot;credit&quot;:&quot;Pedro Munoz H&quot;,&quot;camera&quot;:&quot;&quot;,&quot;caption&quot;:&quot;&quot;,&quot;created_timestamp&quot;:&quot;0&quot;,&quot;copyright&quot;:&quot;&quot;,&quot;focal_length&quot;:&quot;0&quot;,&quot;iso&quot;:&quot;0&quot;,&quot;shutter_speed&quot;:&quot;0&quot;,&quot;title&quot;:&quot;&quot;}\" data-image-title=\"Rotura1\" data-image-description=\"\" data-medium-file=\"https:\/\/i0.wp.com\/eltrabajo.cl\/portal\/wp-content\/uploads\/2014\/03\/Rotura1.jpg?fit=300%2C172&#038;ssl=1\" data-large-file=\"https:\/\/i0.wp.com\/eltrabajo.cl\/portal\/wp-content\/uploads\/2014\/03\/Rotura1.jpg?fit=528%2C304&#038;ssl=1\" src=\"https:\/\/i0.wp.com\/eltrabajo.cl\/portal\/wp-content\/uploads\/2014\/03\/Rotura1.jpg?w=316&#038;h=182&#038;ssl=1\" srcset=\"https:\/\/i0.wp.com\/eltrabajo.cl\/portal\/wp-content\/uploads\/2014\/03\/Rotura1.jpg?w=528&amp;ssl=1 528w, https:\/\/i0.wp.com\/eltrabajo.cl\/portal\/wp-content\/uploads\/2014\/03\/Rotura1.jpg?resize=200%2C115&amp;ssl=1 200w, https:\/\/i0.wp.com\/eltrabajo.cl\/portal\/wp-content\/uploads\/2014\/03\/Rotura1.jpg?resize=300%2C172&amp;ssl=1 300w, https:\/\/i0.wp.com\/eltrabajo.cl\/portal\/wp-content\/uploads\/2014\/03\/Rotura1.jpg?resize=150%2C86&amp;ssl=1 150w, https:\/\/i0.wp.com\/eltrabajo.cl\/portal\/wp-content\/uploads\/2014\/03\/Rotura1.jpg?resize=400%2C230&amp;ssl=1 400w\" width=\"316\" height=\"182\" loading=\"lazy\" data-original-width=\"316\" data-original-height=\"182\" itemprop=\"http:\/\/schema.org\/image\" title=\"Rotura1\" alt=\"Rotura1\" style=\"width: 316px; height: 182px;\" \/> <\/a> <\/div> <\/div> <!-- close group --> <\/div> <!-- close row --> <\/div>\n<p>&nbsp;<\/p>\n","protected":false},"excerpt":{"rendered":"<p>Nuevamente la matriz de agua potable que pasa bajo el recientemente inaugurado pavimento de Calle San Francisco de Curim\u00f3n se rompi\u00f3, causando la indignaci\u00f3n de los vecinos del sector. Seg\u00fan el dirigente&#8230;<\/p>\n","protected":false},"author":482,"featured_media":44885,"comment_status":"open","ping_status":"closed","sticky":false,"template":"","format":"standard","meta":{"advanced_seo_description":"","jetpack_seo_html_title":"","jetpack_seo_noindex":false,"_jetpack_memberships_contains_paid_content":false,"footnotes":""},"categories":[15],"tags":[],"class_list":["post-44884","post","type-post","status-publish","format-standard","has-post-thumbnail","hentry","category-comunidad"],"jetpack_featured_media_url":"https:\/\/i0.wp.com\/eltrabajo.cl\/portal\/wp-content\/uploads\/2014\/03\/claudio-pantoja.jpg?fit=529%2C584&ssl=1","jetpack_sharing_enabled":true,"jetpack_likes_enabled":true,"jetpack-related-posts":[],"_links":{"self":[{"href":"https:\/\/eltrabajo.cl\/portal\/wp-json\/wp\/v2\/posts\/44884","targetHints":{"allow":["GET"]}}],"collection":[{"href":"https:\/\/eltrabajo.cl\/portal\/wp-json\/wp\/v2\/posts"}],"about":[{"href":"https:\/\/eltrabajo.cl\/portal\/wp-json\/wp\/v2\/types\/post"}],"author":[{"embeddable":true,"href":"https:\/\/eltrabajo.cl\/portal\/wp-json\/wp\/v2\/users\/482"}],"replies":[{"embeddable":true,"href":"https:\/\/eltrabajo.cl\/portal\/wp-json\/wp\/v2\/comments?post=44884"}],"version-history":[{"count":0,"href":"https:\/\/eltrabajo.cl\/portal\/wp-json\/wp\/v2\/posts\/44884\/revisions"}],"wp:featuredmedia":[{"embeddable":true,"href":"https:\/\/eltrabajo.cl\/portal\/wp-json\/wp\/v2\/media\/44885"}],"wp:attachment":[{"href":"https:\/\/eltrabajo.cl\/portal\/wp-json\/wp\/v2\/media?parent=44884"}],"wp:term":[{"taxonomy":"category","embeddable":true,"href":"https:\/\/eltrabajo.cl\/portal\/wp-json\/wp\/v2\/categories?post=44884"},{"taxonomy":"post_tag","embeddable":true,"href":"https:\/\/eltrabajo.cl\/portal\/wp-json\/wp\/v2\/tags?post=44884"}],"curies":[{"name":"wp","href":"https:\/\/api.w.org\/{rel}","templated":true}]}}