{"id":4489,"date":"2011-10-07T09:10:03","date_gmt":"2011-10-07T13:10:03","guid":{"rendered":"http:\/\/www.eltrabajo.cl\/portal\/?p=4489"},"modified":"2011-10-07T09:10:03","modified_gmt":"2011-10-07T13:10:03","slug":"a-siete-anos-de-la-muerte-de-alejandro-vergara-todavia-existen-dudas","status":"publish","type":"post","link":"https:\/\/eltrabajo.cl\/portal\/a-siete-anos-de-la-muerte-de-alejandro-vergara-todavia-existen-dudas\/","title":{"rendered":"A siete a\u00f1os de la muerte de Alejandro Vergara, todav\u00eda existen dudas"},"content":{"rendered":"<figure id=\"attachment_4490\" aria-describedby=\"caption-attachment-4490\" style=\"width: 600px\" class=\"wp-caption alignnone\"><a href=\"http:\/\/www.eltrabajo.cl\/portal\/?attachment_id=4490\" rel=\"attachment wp-att-4490\"><img data-recalc-dims=\"1\" loading=\"lazy\" decoding=\"async\" class=\"size-full wp-image-4490\" title=\"lucia lobos en lugar donde encontro a su hijo alejandro vergara (2)\" src=\"https:\/\/i0.wp.com\/www.eltrabajo.cl\/portal\/wp-content\/uploads\/2011\/10\/lucia-lobos-en-lugar-donde-encontro-a-su-hijo-alejandro-vergara-2.jpg?resize=600%2C450\" alt=\"\" width=\"600\" height=\"450\" srcset=\"https:\/\/i0.wp.com\/eltrabajo.cl\/portal\/wp-content\/uploads\/2011\/10\/lucia-lobos-en-lugar-donde-encontro-a-su-hijo-alejandro-vergara-2.jpg?w=600&amp;ssl=1 600w, https:\/\/i0.wp.com\/eltrabajo.cl\/portal\/wp-content\/uploads\/2011\/10\/lucia-lobos-en-lugar-donde-encontro-a-su-hijo-alejandro-vergara-2.jpg?resize=200%2C150&amp;ssl=1 200w, https:\/\/i0.wp.com\/eltrabajo.cl\/portal\/wp-content\/uploads\/2011\/10\/lucia-lobos-en-lugar-donde-encontro-a-su-hijo-alejandro-vergara-2.jpg?resize=300%2C225&amp;ssl=1 300w, https:\/\/i0.wp.com\/eltrabajo.cl\/portal\/wp-content\/uploads\/2011\/10\/lucia-lobos-en-lugar-donde-encontro-a-su-hijo-alejandro-vergara-2.jpg?resize=150%2C112&amp;ssl=1 150w, https:\/\/i0.wp.com\/eltrabajo.cl\/portal\/wp-content\/uploads\/2011\/10\/lucia-lobos-en-lugar-donde-encontro-a-su-hijo-alejandro-vergara-2.jpg?resize=400%2C300&amp;ssl=1 400w\" sizes=\"auto, (max-width: 600px) 100vw, 600px\" \/><\/a><figcaption id=\"caption-attachment-4490\" class=\"wp-caption-text\">Do\u00f1a Luc\u00eda Lobos en el lugar en que fue encontrado su hijo fallecido.<\/figcaption><\/figure>\n<p><strong>PUTAENDO.-<\/strong> El 10 de octubre del a\u00f1o 2004, en horas de la madrugada, a menos de 50 metros de su casa en la calle Jos\u00e9 Antonio Salinas, fue encontrado el cuerpo de Alejandro Vergara Lobos, cuya muerte fue considerada por la justicia como un atropello.<\/p>\n<p>Sin embargo para su familia, en especial su madre, sus amigos y por qu\u00e9 no decirlo para gran parte de la comuna, es un hecho oscuro, sin aclarar y que la familia de Alejandro no ha dudado en catalogar como un homicidio.<\/p>\n<p>En torno a esta muerte han circulado un sinn\u00famero de especulaciones o rumores que sindicar\u00edan a conocidos j\u00f3venes de la comuna como los autores de este homicidio, lo que hasta la fecha y luego de 7 a\u00f1os desde que ocurrieron estos acontecimientos, la justicia a\u00fan no ha podido aclarar.<\/p>\n<p>Luc\u00eda Lobos, madre de Alejandro Vergara, recuerda emocionada esos fat\u00eddicos momentos vividos la madrugada del 10 de octubre del a\u00f1o 2004, cuando encontr\u00f3 el cuerpo ensangrentado de su hijo, asegurando que cuando lo vio inmediatamente supo que no hab\u00eda sido atropellado y que hab\u00eda sido asesinado en otra parte y dejado en el lugar que lo encontraron.<\/p>\n<p>Hoy esta mujer no se resigna a no saber la verdad sobre la muerte de su hijo y se muestra esperanzada en que la justicia pueda reabrir la investigaci\u00f3n y dar con los autores de este homicidio, para llevar un poco de paz y la necesaria justicia que por a\u00f1os ha clamado en forma valiente y que cada 10 de octubre, con los ojos llenos de l\u00e1grimas, se encarga de repetir \u00absolo quiero Justicia para Janito\u00bb.<\/p>\n<p>Aunque parezca extra\u00f1o, reci\u00e9n hace poco m\u00e1s de dos semanas la se\u00f1ora Luc\u00eda pudo ver el certificado de autopsia de su hijo y tuvo acceso a la carpeta investigativa sobre la muerte de Alejandro. Con voz serena y emocionada, nos se\u00f1al\u00f3; \u00abNo pude seguir leyendo lo que ah\u00ed aparece, las declaraciones de los testigos, de conocidos vecinos y de quienes est\u00e1n detr\u00e1s de la muerte de Janito; le\u00ed las declaraciones y todos niegan, que estaban en otro lugar, que no lo conoc\u00edan y puras mentiras, es como que todos se hubieran puesto de acuerdo para decir lo mismo, pero creo en un Dios y la justicia llegar\u00e1 m\u00e1s tarde que temprano\u00bb.<\/p>\n<p><strong>&#8211; \u00bfMantiene su opini\u00f3n que fue un asesinato y no un atropello?<\/strong><\/p>\n<p>\u00abSiempre lo he dicho y mi hijo me ha entregado se\u00f1ales que as\u00ed fue, porque Janito era y es especial y \u00e9l tambi\u00e9n quiere que se sepa la verdad y se haga justicia\u00bb.<\/p>\n<p>En la actualidad la familia se encuentra asesorada por un nuevo abogado que espera poder romper el hermetismo de este caso y lograr que los tribunales reabran la causa y soliciten nuevas diligencias que la familia est\u00e1 segura podr\u00edan ayudar a aclarar esta enigm\u00e1tica muerte sin resolver.<\/p>\n<p>Para este s\u00e1bado la familia contempla una misa que ser\u00e1 oficiada por el eterno descanso del alma de Alejandro Vergara, a las 19.30 horas, y para el d\u00eda domingo una velat\u00f3n que partir\u00e1 desde el cementerio parroquial a las 20.15 horas y finalizar\u00e1 en la gruta ubicada en calle Jos\u00e9 Antonio Salinas, lugar donde fue encontrado el cuerpo inerte de Alejandro Vergara hace ya siete a\u00f1os.<\/p>\n<p>Los a\u00f1os no podr\u00e1n borrar la sed de justicia de una madre que a pesar del dolor de perder a un hijo, no duda en decir hoy que est\u00e1 dispuesta a perdonar a quienes le quitaron la vida a Alejandro Vergara.<\/p>\n<p>Para quienes formamos parte de la comunidad y para quienes creemos en la justicia, el perd\u00f3n y la paz, solo esperamos que la justicia haga su trabajo y aclare este hecho, al que se suman las muertes de otros vecinos como C\u00e9sar Le\u00f3n, Fabi\u00e1n Molina, Juan Sol\u00eds, cuya muertes nunca han sido aclaradas y que tambi\u00e9n est\u00e1n cubiertas por el manto de la incertidumbre.<\/p>\n<p><strong>Patricio Gallardo M.<\/strong><\/p>\n","protected":false},"excerpt":{"rendered":"<p>PUTAENDO.- El 10 de octubre del a\u00f1o 2004, en horas de la madrugada, a menos de 50 metros de su casa en la calle Jos\u00e9 Antonio Salinas, fue encontrado el cuerpo de&#8230;<\/p>\n","protected":false},"author":482,"featured_media":4490,"comment_status":"open","ping_status":"open","sticky":false,"template":"","format":"standard","meta":{"advanced_seo_description":"","jetpack_seo_html_title":"","jetpack_seo_noindex":false,"_jetpack_memberships_contains_paid_content":false,"footnotes":""},"categories":[15],"tags":[],"class_list":["post-4489","post","type-post","status-publish","format-standard","has-post-thumbnail","hentry","category-comunidad"],"jetpack_featured_media_url":"https:\/\/i0.wp.com\/eltrabajo.cl\/portal\/wp-content\/uploads\/2011\/10\/lucia-lobos-en-lugar-donde-encontro-a-su-hijo-alejandro-vergara-2.jpg?fit=600%2C450&ssl=1","jetpack_sharing_enabled":true,"jetpack_likes_enabled":true,"jetpack-related-posts":[],"_links":{"self":[{"href":"https:\/\/eltrabajo.cl\/portal\/wp-json\/wp\/v2\/posts\/4489","targetHints":{"allow":["GET"]}}],"collection":[{"href":"https:\/\/eltrabajo.cl\/portal\/wp-json\/wp\/v2\/posts"}],"about":[{"href":"https:\/\/eltrabajo.cl\/portal\/wp-json\/wp\/v2\/types\/post"}],"author":[{"embeddable":true,"href":"https:\/\/eltrabajo.cl\/portal\/wp-json\/wp\/v2\/users\/482"}],"replies":[{"embeddable":true,"href":"https:\/\/eltrabajo.cl\/portal\/wp-json\/wp\/v2\/comments?post=4489"}],"version-history":[{"count":0,"href":"https:\/\/eltrabajo.cl\/portal\/wp-json\/wp\/v2\/posts\/4489\/revisions"}],"wp:featuredmedia":[{"embeddable":true,"href":"https:\/\/eltrabajo.cl\/portal\/wp-json\/wp\/v2\/media\/4490"}],"wp:attachment":[{"href":"https:\/\/eltrabajo.cl\/portal\/wp-json\/wp\/v2\/media?parent=4489"}],"wp:term":[{"taxonomy":"category","embeddable":true,"href":"https:\/\/eltrabajo.cl\/portal\/wp-json\/wp\/v2\/categories?post=4489"},{"taxonomy":"post_tag","embeddable":true,"href":"https:\/\/eltrabajo.cl\/portal\/wp-json\/wp\/v2\/tags?post=4489"}],"curies":[{"name":"wp","href":"https:\/\/api.w.org\/{rel}","templated":true}]}}