{"id":44892,"date":"2014-03-31T09:45:22","date_gmt":"2014-03-31T12:45:22","guid":{"rendered":"http:\/\/www.eltrabajo.cl\/portal\/?p=44892"},"modified":"2014-03-31T09:45:22","modified_gmt":"2014-03-31T12:45:22","slug":"sanfelipenos-locos-de-alegria-durante-el-tour-patrimonial-a-la-giganta","status":"publish","type":"post","link":"https:\/\/eltrabajo.cl\/portal\/sanfelipenos-locos-de-alegria-durante-el-tour-patrimonial-a-la-giganta\/","title":{"rendered":"Sanfelipe\u00f1os locos de alegr\u00eda durante el tour patrimonial a La Giganta"},"content":{"rendered":"<figure id=\"attachment_44893\" aria-describedby=\"caption-attachment-44893\" style=\"width: 528px\" class=\"wp-caption alignnone\"><a href=\"https:\/\/i0.wp.com\/www.eltrabajo.cl\/portal\/wp-content\/uploads\/2014\/03\/Giganta1.jpg\"><img data-recalc-dims=\"1\" loading=\"lazy\" decoding=\"async\" class=\"size-full wp-image-44893\" alt=\"SUBIENDO.- En el recorrido tambi\u00e9n particip\u00f3 el Alcalde Patricio Freire, quien convers\u00f3 y comparti\u00f3 con los vecinos que se sumaron al ascenso al cerro.\" src=\"https:\/\/i0.wp.com\/www.eltrabajo.cl\/portal\/wp-content\/uploads\/2014\/03\/Giganta1.jpg?resize=528%2C359\" width=\"528\" height=\"359\" srcset=\"https:\/\/i0.wp.com\/eltrabajo.cl\/portal\/wp-content\/uploads\/2014\/03\/Giganta1.jpg?w=528&amp;ssl=1 528w, https:\/\/i0.wp.com\/eltrabajo.cl\/portal\/wp-content\/uploads\/2014\/03\/Giganta1.jpg?resize=200%2C135&amp;ssl=1 200w, https:\/\/i0.wp.com\/eltrabajo.cl\/portal\/wp-content\/uploads\/2014\/03\/Giganta1.jpg?resize=300%2C203&amp;ssl=1 300w, https:\/\/i0.wp.com\/eltrabajo.cl\/portal\/wp-content\/uploads\/2014\/03\/Giganta1.jpg?resize=150%2C101&amp;ssl=1 150w, https:\/\/i0.wp.com\/eltrabajo.cl\/portal\/wp-content\/uploads\/2014\/03\/Giganta1.jpg?resize=400%2C271&amp;ssl=1 400w\" sizes=\"auto, (max-width: 528px) 100vw, 528px\" \/><\/a><figcaption id=\"caption-attachment-44893\" class=\"wp-caption-text\">SUBIENDO.- En el recorrido tambi\u00e9n particip\u00f3 el Alcalde Patricio Freire, quien convers\u00f3 y comparti\u00f3 con los vecinos que se sumaron al ascenso al cerro.<\/figcaption><\/figure>\n<p>Hasta las cuevas de la Giganta lleg\u00f3 el entusiasta grupo que la ma\u00f1ana del s\u00e1bado reci\u00e9n pasado se reuni\u00f3 para compartir el segundo Tour ecol\u00f3gico patrimonial organizado por el Departamento de Cultura de la Municipalidad de San Felipe hasta ese sector de la comuna. A partir de las 10:00 horas comenzaron a llegar los entusiastas participantes del tour patrimonial de todas las edades y varias familias completas, que este s\u00e1bado visitaba nuevamente las cuevas de La Giganta, luego del gran inter\u00e9s que se gener\u00f3 por este sector.<\/p>\n<p>A bordo de un bus el grupo se traslad\u00f3 hasta el Colegio Alem\u00e1n, desde donde comenz\u00f3 la caminata, establecimiento que creo en el cerro El Pe\u00f1\u00f3n un sendero para conocer los petroglifos que se ubican en el sector, s\u00edmbolos que son un testimonio de pueblos antiguos que habitaron nuestro Valle de Aconcagua.<\/p>\n<p>Luego de realizar ese recorrido, el grupo se dirigi\u00f3 hasta La Giganta, donde el objetivo era conocer las cuevas que se ubican en el lugar, pasando por algunos piques mineros que dan cuenta de la actividad que en otros tiempos se realiz\u00f3 en el sector. Contando como gu\u00eda de la caminata a Roberto Mercado, los participantes pudieron conocer parte de la historia del sector, muchos de ellos aportando con datos o historias que se han ido creando de estos lugares, lo que gener\u00f3 un entretenido ambiente entre las personas que asistieron a la actividad, ambiente de camarader\u00eda que se not\u00f3 en varios sectores del camino, donde el paso de hac\u00eda m\u00e1s lento por la complejidad del sendero.<\/p>\n<p>\u00abHemos subido junto a un alegre y entusiasta grupo de vecinos, familias completas que han disfrutado del paseo, agradecemos al Colegio Alem\u00e1n por su colaboraci\u00f3n, porque nos permiten acceder al sendero educativo que ellos tienen en los faldeos del cerro El Pe\u00f1\u00f3n y adem\u00e1s donde se puede conocer en forma ilustrativa los distintos petroglifos existen en el Valle de Aconcagua y luego subimos m\u00e1s al sector de los aleros, para ver estos lugares de asentamiento humano de distintas \u00e9pocas. Esto es una promesa cumplida del Alcalde Patricio Freire de poner el patrimonio al alcance de todos los vecinos y todos disfrutando\u00bb, dijo Manuel Z\u00fa\u00f1iga, Coordinador de Cultura y Patrimonio.<\/p>\n<p>Luego de dos horas aproximadamente y al haber conocido varias cuevas de La Giganta, el grupo comenz\u00f3 el descenso, coincidiendo varios en lo positivo de la actividad, que ha permitido a los vecinos, de todas las edades, conocer lugares de nuestra comuna que no son conocidos.<\/p>\n<p>Humberto Molina particip\u00f3 junto a sus dos hijos de la actividad y la calific\u00f3 como muy positiva, especialmente para los ni\u00f1os, que no conoc\u00edan estos sectores.<\/p>\n<p>\u00abEste tipo de actividades que est\u00e1 organizando la municipalidad las encuentro muy positivas, extra\u00f1\u00e1bamos este tipo de actividades, de conocer nuestro valle, hace como 20 a\u00f1os que no miraba el valle desde arriba y es una tremenda oportunidad. Y ya estamos inscritos para la pr\u00f3xima salida, es s\u00faper bueno que los sanfelipe\u00f1os conozcamos nuestros sectores, yo los invito porque lo pasamos bien, hay camarader\u00eda, uno comparte con vecinos, as\u00ed como fuimos a apoyar a Natalia Ducco que fue una cosa espectacular, esto viene a consolidar que las actividades de la municipalidad est\u00e1n llegando a la gente y yo me siento part\u00edcipe\u00bb.<\/p>\n<p>Marcela Vergara, sanfelipe\u00f1a y profesora, calific\u00f3 la actividad como imperdible, se\u00f1alando que, \u00abes un aporte a la cultura de San Felipe, de la comuna y del valle espectacular, yo no ten\u00eda idea que ten\u00edamos pintura rupestre por ejemplo entonces fue incre\u00edble poder entrar y verlo y lo \u00fanico que espero que esto se difunda pero tambi\u00e9n se cuide y se proteja\u00bb.<\/p>\n<p>Una opini\u00f3n similar manifest\u00f3 M\u00f3nica Vergara, quien dijo que \u00ablevantarse temprano un d\u00eda s\u00e1bado vale la pena con este tipo de actividades, se hace ejercicio y se conoce Aconcagua y cuando uno conoce el lugar donde vive lo aprende a cuidar, por ello felicito al Alcalde Freire por la iniciativa\u00bb.<\/p>\n<p>En el recorrido tambi\u00e9n particip\u00f3 el Alcalde Patricio Freire, quien convers\u00f3 y comparti\u00f3 con los vecinos que se sumaron al ascenso al cerro destacando la cantidad de actividades que se est\u00e1n desarrollando y aprovech\u00f3 de invitar a los vecinos a participar de estas iniciativas que buscan acercarnos a la historia de nuestra comuna y del Valle de Aconcagua.<\/p>\n<p>En tanto el Departamento de Cultura ya est\u00e1 organizando la pr\u00f3xima salida que se efectuar\u00e1 en el mes de abril, por lo que el llamado a los vecinos es a inscribirse en el mail cultura@sanfe.cl y lograr uno de los cupos que ya se encuentran disponibles.<\/p>\n<p>&nbsp;<\/p>\n","protected":false},"excerpt":{"rendered":"<p>Hasta las cuevas de la Giganta lleg\u00f3 el entusiasta grupo que la ma\u00f1ana del s\u00e1bado reci\u00e9n pasado se reuni\u00f3 para compartir el segundo Tour ecol\u00f3gico patrimonial organizado por el Departamento de Cultura&#8230;<\/p>\n","protected":false},"author":482,"featured_media":44893,"comment_status":"open","ping_status":"closed","sticky":false,"template":"","format":"standard","meta":{"advanced_seo_description":"","jetpack_seo_html_title":"","jetpack_seo_noindex":false,"_jetpack_memberships_contains_paid_content":false,"footnotes":""},"categories":[1],"tags":[],"class_list":["post-44892","post","type-post","status-publish","format-standard","has-post-thumbnail","hentry","category-cronica"],"jetpack_featured_media_url":"https:\/\/i0.wp.com\/eltrabajo.cl\/portal\/wp-content\/uploads\/2014\/03\/Giganta1.jpg?fit=528%2C359&ssl=1","jetpack_sharing_enabled":true,"jetpack_likes_enabled":true,"jetpack-related-posts":[],"_links":{"self":[{"href":"https:\/\/eltrabajo.cl\/portal\/wp-json\/wp\/v2\/posts\/44892","targetHints":{"allow":["GET"]}}],"collection":[{"href":"https:\/\/eltrabajo.cl\/portal\/wp-json\/wp\/v2\/posts"}],"about":[{"href":"https:\/\/eltrabajo.cl\/portal\/wp-json\/wp\/v2\/types\/post"}],"author":[{"embeddable":true,"href":"https:\/\/eltrabajo.cl\/portal\/wp-json\/wp\/v2\/users\/482"}],"replies":[{"embeddable":true,"href":"https:\/\/eltrabajo.cl\/portal\/wp-json\/wp\/v2\/comments?post=44892"}],"version-history":[{"count":0,"href":"https:\/\/eltrabajo.cl\/portal\/wp-json\/wp\/v2\/posts\/44892\/revisions"}],"wp:featuredmedia":[{"embeddable":true,"href":"https:\/\/eltrabajo.cl\/portal\/wp-json\/wp\/v2\/media\/44893"}],"wp:attachment":[{"href":"https:\/\/eltrabajo.cl\/portal\/wp-json\/wp\/v2\/media?parent=44892"}],"wp:term":[{"taxonomy":"category","embeddable":true,"href":"https:\/\/eltrabajo.cl\/portal\/wp-json\/wp\/v2\/categories?post=44892"},{"taxonomy":"post_tag","embeddable":true,"href":"https:\/\/eltrabajo.cl\/portal\/wp-json\/wp\/v2\/tags?post=44892"}],"curies":[{"name":"wp","href":"https:\/\/api.w.org\/{rel}","templated":true}]}}