{"id":44896,"date":"2014-03-31T09:56:40","date_gmt":"2014-03-31T12:56:40","guid":{"rendered":"http:\/\/www.eltrabajo.cl\/portal\/?p=44896"},"modified":"2014-03-31T09:56:40","modified_gmt":"2014-03-31T12:56:40","slug":"mediante-constitucion-de-mesa-tecnica-buscan-soluciones-a-conflictos-viales-en-la-ruta-e71","status":"publish","type":"post","link":"https:\/\/eltrabajo.cl\/portal\/mediante-constitucion-de-mesa-tecnica-buscan-soluciones-a-conflictos-viales-en-la-ruta-e71\/","title":{"rendered":"Mediante constituci\u00f3n de Mesa T\u00e9cnica buscan soluciones a conflictos viales en la Ruta E71"},"content":{"rendered":"<figure id=\"attachment_44897\" aria-describedby=\"caption-attachment-44897\" style=\"width: 529px\" class=\"wp-caption alignnone\"><a href=\"https:\/\/i0.wp.com\/www.eltrabajo.cl\/portal\/wp-content\/uploads\/2014\/03\/Mesa1.jpg\"><img data-recalc-dims=\"1\" loading=\"lazy\" decoding=\"async\" class=\"size-full wp-image-44897\" alt=\"Se espera tener el plan del mejoramiento de la Ruta E71 confeccionado en el a\u00f1o 2010, dentro del plazo establecido.\" src=\"https:\/\/i0.wp.com\/www.eltrabajo.cl\/portal\/wp-content\/uploads\/2014\/03\/Mesa1.jpg?resize=529%2C401\" width=\"529\" height=\"401\" srcset=\"https:\/\/i0.wp.com\/eltrabajo.cl\/portal\/wp-content\/uploads\/2014\/03\/Mesa1.jpg?w=529&amp;ssl=1 529w, https:\/\/i0.wp.com\/eltrabajo.cl\/portal\/wp-content\/uploads\/2014\/03\/Mesa1.jpg?resize=197%2C150&amp;ssl=1 197w, https:\/\/i0.wp.com\/eltrabajo.cl\/portal\/wp-content\/uploads\/2014\/03\/Mesa1.jpg?resize=300%2C227&amp;ssl=1 300w, https:\/\/i0.wp.com\/eltrabajo.cl\/portal\/wp-content\/uploads\/2014\/03\/Mesa1.jpg?resize=150%2C113&amp;ssl=1 150w, https:\/\/i0.wp.com\/eltrabajo.cl\/portal\/wp-content\/uploads\/2014\/03\/Mesa1.jpg?resize=400%2C303&amp;ssl=1 400w\" sizes=\"auto, (max-width: 529px) 100vw, 529px\" \/><\/a><figcaption id=\"caption-attachment-44897\" class=\"wp-caption-text\">Se espera tener el plan del mejoramiento de la Ruta E71 confeccionado en el a\u00f1o 2010, dentro del plazo establecido.<\/figcaption><\/figure>\n<p>Se pretende crear un Plan Maestro de reordenamiento de la Ruta E71. En la Gobernaci\u00f3n Provincial de San Felipe, este jueves 27 se realiz\u00f3 una mesa de trabajo para dar parte de los temas de conectividad vial entre San Felipe y Putaendo. En esta mesa participaron el Gobernador Eduardo Le\u00f3n; el Seremi de Transportes y Telecomunicaciones Pablo Malig; los alcaldes de las comunas de Putaendo Guillermo Reyes, San Felipe Patricio Freire y el Director Provincial de Vialidad, Claudio Isrrayy.<\/p>\n<p>En esta mesa t\u00e9cnica convocada por el Gobernador Eduardo Le\u00f3n, a petici\u00f3n de los ediles de las comunas antes se\u00f1aladas, se trat\u00f3 principalmente los puntos de conflictos existentes en la Ruta E71, como el burladero que es utilizados por apoderados para dejar y tomar a los alumnos del colegio Sunnyland y la intersecci\u00f3n del sector Enc\u00f3n donde est\u00e1 ubicado un Street Center.<\/p>\n<p>En esta oportunidad se realiz\u00f3 una agenda de trabajo, donde se espera reunir en el plazo la informaci\u00f3n necesaria que permite establecer los estados del avance, coincidiendo las autoridades que existe un gran desaf\u00edo por delante, dado el crecimiento vehicular que han registrado ambas comunas. Se espera tener el plan del mejoramiento de la Ruta E71 confeccionado en el a\u00f1o 2010, dentro del plazo establecido. Finalmente el Gobernador Eduardo Le\u00f3n, manifest\u00f3 que esta mesa de trabajo en de suma importancia para mejorar la conectividad entre ambas comunas.<\/p>\n<p>&nbsp;<\/p>\n","protected":false},"excerpt":{"rendered":"<p>Se pretende crear un Plan Maestro de reordenamiento de la Ruta E71. En la Gobernaci\u00f3n Provincial de San Felipe, este jueves 27 se realiz\u00f3 una mesa de trabajo para dar parte de&#8230;<\/p>\n","protected":false},"author":482,"featured_media":44897,"comment_status":"open","ping_status":"closed","sticky":false,"template":"","format":"standard","meta":{"advanced_seo_description":"","jetpack_seo_html_title":"","jetpack_seo_noindex":false,"_jetpack_memberships_contains_paid_content":false,"footnotes":""},"categories":[1],"tags":[],"class_list":["post-44896","post","type-post","status-publish","format-standard","has-post-thumbnail","hentry","category-cronica"],"jetpack_featured_media_url":"https:\/\/i0.wp.com\/eltrabajo.cl\/portal\/wp-content\/uploads\/2014\/03\/Mesa1.jpg?fit=529%2C401&ssl=1","jetpack_sharing_enabled":true,"jetpack_likes_enabled":true,"jetpack-related-posts":[],"_links":{"self":[{"href":"https:\/\/eltrabajo.cl\/portal\/wp-json\/wp\/v2\/posts\/44896","targetHints":{"allow":["GET"]}}],"collection":[{"href":"https:\/\/eltrabajo.cl\/portal\/wp-json\/wp\/v2\/posts"}],"about":[{"href":"https:\/\/eltrabajo.cl\/portal\/wp-json\/wp\/v2\/types\/post"}],"author":[{"embeddable":true,"href":"https:\/\/eltrabajo.cl\/portal\/wp-json\/wp\/v2\/users\/482"}],"replies":[{"embeddable":true,"href":"https:\/\/eltrabajo.cl\/portal\/wp-json\/wp\/v2\/comments?post=44896"}],"version-history":[{"count":0,"href":"https:\/\/eltrabajo.cl\/portal\/wp-json\/wp\/v2\/posts\/44896\/revisions"}],"wp:featuredmedia":[{"embeddable":true,"href":"https:\/\/eltrabajo.cl\/portal\/wp-json\/wp\/v2\/media\/44897"}],"wp:attachment":[{"href":"https:\/\/eltrabajo.cl\/portal\/wp-json\/wp\/v2\/media?parent=44896"}],"wp:term":[{"taxonomy":"category","embeddable":true,"href":"https:\/\/eltrabajo.cl\/portal\/wp-json\/wp\/v2\/categories?post=44896"},{"taxonomy":"post_tag","embeddable":true,"href":"https:\/\/eltrabajo.cl\/portal\/wp-json\/wp\/v2\/tags?post=44896"}],"curies":[{"name":"wp","href":"https:\/\/api.w.org\/{rel}","templated":true}]}}