{"id":44899,"date":"2014-03-31T09:57:48","date_gmt":"2014-03-31T12:57:48","guid":{"rendered":"http:\/\/www.eltrabajo.cl\/portal\/?p=44899"},"modified":"2014-03-31T09:57:48","modified_gmt":"2014-03-31T12:57:48","slug":"sanfelipenos-listos-para-vivir-el-dia-internacional-de-la-actividad-fisica","status":"publish","type":"post","link":"https:\/\/eltrabajo.cl\/portal\/sanfelipenos-listos-para-vivir-el-dia-internacional-de-la-actividad-fisica\/","title":{"rendered":"Sanfelipe\u00f1os listos para vivir el D\u00eda Internacional de la Actividad F\u00edsica"},"content":{"rendered":"<figure id=\"attachment_44900\" aria-describedby=\"caption-attachment-44900\" style=\"width: 423px\" class=\"wp-caption alignleft\"><a href=\"https:\/\/i0.wp.com\/www.eltrabajo.cl\/portal\/wp-content\/uploads\/2014\/03\/conferencia.jpg\"><img data-recalc-dims=\"1\" loading=\"lazy\" decoding=\"async\" class=\" wp-image-44900 \" alt=\"En conferencia de prensa, el Director de Desarrollo Comunitario, Pablo Silva y el Coordinador Municipal de Deportes, Danilo Pe\u00f1a, dieron a conocer el programa de actividades que ha organizado la Municipalidad de San Felipe.\" src=\"https:\/\/i0.wp.com\/www.eltrabajo.cl\/portal\/wp-content\/uploads\/2014\/03\/conferencia.jpg?resize=423%2C288\" width=\"423\" height=\"288\" srcset=\"https:\/\/i0.wp.com\/eltrabajo.cl\/portal\/wp-content\/uploads\/2014\/03\/conferencia.jpg?w=529&amp;ssl=1 529w, https:\/\/i0.wp.com\/eltrabajo.cl\/portal\/wp-content\/uploads\/2014\/03\/conferencia.jpg?resize=200%2C136&amp;ssl=1 200w, https:\/\/i0.wp.com\/eltrabajo.cl\/portal\/wp-content\/uploads\/2014\/03\/conferencia.jpg?resize=300%2C204&amp;ssl=1 300w, https:\/\/i0.wp.com\/eltrabajo.cl\/portal\/wp-content\/uploads\/2014\/03\/conferencia.jpg?resize=150%2C102&amp;ssl=1 150w, https:\/\/i0.wp.com\/eltrabajo.cl\/portal\/wp-content\/uploads\/2014\/03\/conferencia.jpg?resize=400%2C272&amp;ssl=1 400w\" sizes=\"auto, (max-width: 423px) 100vw, 423px\" \/><\/a><figcaption id=\"caption-attachment-44900\" class=\"wp-caption-text\">En conferencia de prensa, el Director de Desarrollo Comunitario, Pablo Silva y el Coordinador Municipal de Deportes, Danilo Pe\u00f1a, dieron a conocer el programa de actividades que ha organizado la Municipalidad de San Felipe.<\/figcaption><\/figure>\n<p>Un intenso programa a nivel deportivo, tiene organizado el Departamento de Deportes de la Municipalidad de San Felipe, el que comienza este martes 1\u00ba de abril con la realizaci\u00f3n de distintos talleres destinados a los vecinos de diferentes edades, a lo que se suma la celebraci\u00f3n del D\u00eda Internacional de la Actividad F\u00edsica, que se realizar\u00e1 el pr\u00f3ximo domingo 6 de abril.<\/p>\n<p>Cumpliendo con lo establecido por el Alcalde Patricio Freire, de fomentar la actividad f\u00edsica para los vecinos de todas las edades, el Departamento de Deporte viene trabajando en la planificaci\u00f3n deportiva para este 2014, en la que destaca la realizaci\u00f3n de una importante cantidad de talleres para todos los vecinos.<\/p>\n<p>Seg\u00fan explic\u00f3 el Coordinador de Deportes, Danilo Pe\u00f1a para este a\u00f1o se aument\u00f3 considerablemente la cantidad de talleres deportivos, cubriendo segmentos de edades que quedaban sin realizar actividad f\u00edsica, como son los adultos. En este sentido en el gimnasio del Liceo Roberto Humeres se realizar\u00e1 b\u00e1squetbol para damas y varones, con el objetivo de contar con actividad de acondicionamiento f\u00edsico ligado a este deporte. Adem\u00e1s, comenzar\u00e1 un taller de f\u00fatbol, que se realizar\u00e1 en el Estadio Municipal, los martes desde las 19 y hasta las 21:00 horas.<\/p>\n<p>\u201cDurante el mes de abril lo vamos a hacer en el estadio de La Troya, ya que todos saben que en el abril se realizar\u00e1 una resiembra en el Estadio Municipal y a partir de mayo nos incorporaremos al reducto del municipal\u201d, explic\u00f3 Pe\u00f1a.<\/p>\n<p>Este a\u00f1o se cuenta con 23 talleres en los que se complementan distintos deportes y entre ellos destacan ajedrez, atlestismo, bal\u00f3nmano damas y varones, b\u00e1squetbol damas y varones, escalada y una novedad este a\u00f1o es que se contar\u00e1 con escalada para personas con capacidades diferentes, lo que significa que esta administraci\u00f3n est\u00e1 enfocando el deporte hacia un sector que en algunos casos est\u00e1 alejado de esta pr\u00e1ctica.<\/p>\n<p>Asimismo este a\u00f1o se integra el taller de k\u00e1rate que se realizar\u00e1 en el gimnasio del Liceo Roberto Humeres y en relaci\u00f3n al tenis, este 2014 se contar\u00e1 con una escuela durante todo el a\u00f1o.<\/p>\n<p>\u201cLos talleres se desarrollan desde el 1\u00ba de abril y toda la informaci\u00f3n estar\u00e1 en el sitio de la municipalidad, www.municipalid addesanfelipe.cl, donde estar\u00e1n los horarios de todos los deportes\u201d, sostuvo Pe\u00f1a. Y la invitaci\u00f3n tambi\u00e9n es para el pr\u00f3ximo domingo 6 de abril, entre las 10:00 y las 13:00 horas, en la intersecci\u00f3n de Yungay con Chacabuco, d\u00eda en que se realizar\u00e1n una serie de actividades deportivas para toda la familia.<\/p>\n<p>\u201cTendremos ocho estaciones en las cuales habr\u00e1 uso de las m\u00e1quinas de ejercicio, que est\u00e1n ubicadas en la alameda, habr\u00e1 monitores que ense\u00f1en a la gente a ocupar esas m\u00e1quinas, habr\u00e1 estaciones especiales para ni\u00f1os con escalada, donde vamos a traer un muro de escalada especialmente para ellos, k\u00e1rate para los peque\u00f1os, tambi\u00e9n tendremos ajedrez, se abrir\u00e1n las puertas del club de tenis, habr\u00e1 otra estaci\u00f3n donde el Gimnasio Workout, una liado en esta tarea va a sacar las m\u00e1quinas de spinning para damas y varones que quieran participar y en la terraza del gimnasio habr\u00e1 un sector con actividades para adultos mayores\u201d, sostuvo el coordinador de deportes.<\/p>\n<p>Adem\u00e1s los clubes deportivos Arturo Prat y del Liceo Corina Urbina van a poner a disposici\u00f3n a sus mejores exponentes deportivos para que compartan con los ni\u00f1os. La invitaci\u00f3n entonces es a todas las familias del Valle de Aconcagua a participar de esta actividad, deportiva-recreativa que est\u00e1 organizando la Municipalidad y que cuenta con el apoyo de Esval, IST y el Cesfam Segismundo Iturra.<\/p>\n<p>&nbsp;<\/p>\n","protected":false},"excerpt":{"rendered":"<p>Un intenso programa a nivel deportivo, tiene organizado el Departamento de Deportes de la Municipalidad de San Felipe, el que comienza este martes 1\u00ba de abril con la realizaci\u00f3n de distintos talleres&#8230;<\/p>\n","protected":false},"author":482,"featured_media":44900,"comment_status":"open","ping_status":"closed","sticky":false,"template":"","format":"standard","meta":{"advanced_seo_description":"","jetpack_seo_html_title":"","jetpack_seo_noindex":false,"_jetpack_memberships_contains_paid_content":false,"footnotes":""},"categories":[1],"tags":[],"class_list":["post-44899","post","type-post","status-publish","format-standard","has-post-thumbnail","hentry","category-cronica"],"jetpack_featured_media_url":"https:\/\/i0.wp.com\/eltrabajo.cl\/portal\/wp-content\/uploads\/2014\/03\/conferencia.jpg?fit=529%2C360&ssl=1","jetpack_sharing_enabled":true,"jetpack_likes_enabled":true,"jetpack-related-posts":[],"_links":{"self":[{"href":"https:\/\/eltrabajo.cl\/portal\/wp-json\/wp\/v2\/posts\/44899","targetHints":{"allow":["GET"]}}],"collection":[{"href":"https:\/\/eltrabajo.cl\/portal\/wp-json\/wp\/v2\/posts"}],"about":[{"href":"https:\/\/eltrabajo.cl\/portal\/wp-json\/wp\/v2\/types\/post"}],"author":[{"embeddable":true,"href":"https:\/\/eltrabajo.cl\/portal\/wp-json\/wp\/v2\/users\/482"}],"replies":[{"embeddable":true,"href":"https:\/\/eltrabajo.cl\/portal\/wp-json\/wp\/v2\/comments?post=44899"}],"version-history":[{"count":0,"href":"https:\/\/eltrabajo.cl\/portal\/wp-json\/wp\/v2\/posts\/44899\/revisions"}],"wp:featuredmedia":[{"embeddable":true,"href":"https:\/\/eltrabajo.cl\/portal\/wp-json\/wp\/v2\/media\/44900"}],"wp:attachment":[{"href":"https:\/\/eltrabajo.cl\/portal\/wp-json\/wp\/v2\/media?parent=44899"}],"wp:term":[{"taxonomy":"category","embeddable":true,"href":"https:\/\/eltrabajo.cl\/portal\/wp-json\/wp\/v2\/categories?post=44899"},{"taxonomy":"post_tag","embeddable":true,"href":"https:\/\/eltrabajo.cl\/portal\/wp-json\/wp\/v2\/tags?post=44899"}],"curies":[{"name":"wp","href":"https:\/\/api.w.org\/{rel}","templated":true}]}}