{"id":44904,"date":"2014-03-31T09:58:51","date_gmt":"2014-03-31T12:58:51","guid":{"rendered":"http:\/\/www.eltrabajo.cl\/portal\/?p=44904"},"modified":"2014-03-31T09:58:51","modified_gmt":"2014-03-31T12:58:51","slug":"son-15-308-los-beneficiados-en-san-felipe-del-bono-marzo-en-2014","status":"publish","type":"post","link":"https:\/\/eltrabajo.cl\/portal\/son-15-308-los-beneficiados-en-san-felipe-del-bono-marzo-en-2014\/","title":{"rendered":"Son 15.308 los beneficiados en San Felipe del Bono Marzo en 2014"},"content":{"rendered":"<figure id=\"attachment_44905\" aria-describedby=\"caption-attachment-44905\" style=\"width: 423px\" class=\"wp-caption alignleft\"><a href=\"https:\/\/i0.wp.com\/www.eltrabajo.cl\/portal\/wp-content\/uploads\/2014\/03\/Aporte1.jpg\"><img data-recalc-dims=\"1\" loading=\"lazy\" decoding=\"async\" class=\" wp-image-44905 \" alt=\"El beneficio conocido como Bono Marzo, desde ahora se llama Aporte Familiar Permanente y forma parte del Sistema de Protecci\u00f3n Social para las familias vulnerables.\" src=\"https:\/\/i0.wp.com\/www.eltrabajo.cl\/portal\/wp-content\/uploads\/2014\/03\/Aporte1.jpg?resize=423%2C286\" width=\"423\" height=\"286\" srcset=\"https:\/\/i0.wp.com\/eltrabajo.cl\/portal\/wp-content\/uploads\/2014\/03\/Aporte1.jpg?w=529&amp;ssl=1 529w, https:\/\/i0.wp.com\/eltrabajo.cl\/portal\/wp-content\/uploads\/2014\/03\/Aporte1.jpg?resize=200%2C135&amp;ssl=1 200w, https:\/\/i0.wp.com\/eltrabajo.cl\/portal\/wp-content\/uploads\/2014\/03\/Aporte1.jpg?resize=300%2C203&amp;ssl=1 300w, https:\/\/i0.wp.com\/eltrabajo.cl\/portal\/wp-content\/uploads\/2014\/03\/Aporte1.jpg?resize=150%2C101&amp;ssl=1 150w, https:\/\/i0.wp.com\/eltrabajo.cl\/portal\/wp-content\/uploads\/2014\/03\/Aporte1.jpg?resize=400%2C270&amp;ssl=1 400w\" sizes=\"auto, (max-width: 423px) 100vw, 423px\" \/><\/a><figcaption id=\"caption-attachment-44905\" class=\"wp-caption-text\">El beneficio conocido como Bono Marzo, desde ahora se llama Aporte Familiar Permanente y forma parte del Sistema de Protecci\u00f3n Social para las familias vulnerables.<\/figcaption><\/figure>\n<p>El Gobernador Eduardo Le\u00f3n, junto al Director de Chile Atiende San Felipe, Nelson Douglas y la Asistente T\u00e9cnico del Ingreso \u00e9tico Familiar Mar\u00eda Cristina Hauva, efectuaron el lanzamiento del Programa Aporte Familiar Permanente, en la provincia de San Felipe.<\/p>\n<p>El beneficio conocido como Bono Marzo, desde ahora se llama Aporte Familiar Permanente y forma parte del Sistema de Protecci\u00f3n Social para las familias vulnerables, establecido por el Gobierno de la Presidente Michelle Bachelet. Es el primer compromiso cumplido dentro de las 50 medidas de gobierno beneficiando a 1.601.000 personas. Consiste en un pago en dinero en marzo de cada a\u00f1o, para las personas o familias de menores ingresos que cumplan con los requisitos dispuestos por la ley.<\/p>\n<p>El monto en 2014 ser\u00e1 de $40.000 por cada causante de asignaci\u00f3n familiar o asignaci\u00f3n maternal (carga familiar) o causante de Subsidio Familiar, acreditado al 31 de diciembre de 2013; y de $40.000 por familia para los beneficiarios de Chile Solidario y del Subsistema de Seguridades y Oportunidades (Ingreso \u00c9tico Familiar, Programa V\u00ednculos, programa Calle y Programa Abriendo Caminos), vigentes a la misma fecha. El bono se reajustar\u00e1 anualmente seg\u00fan el \u00cdndice de Precios al Consumidor (IPC).<\/p>\n<p>Todos los pagos \u2013salvo los que ya se hacen a trav\u00e9s de cuentas de banco a beneficiarios del IPS- se realizar\u00e1n a trav\u00e9s de la Caja de Compensaci\u00f3n Los H\u00e9roes, contratada por el Instituto de Previsi\u00f3n Social. Los primeros pagos comenzar\u00e1n los d\u00edas 28 y 31 de marzo y seguir\u00e1n calendarizados durante los d\u00edas h\u00e1biles siguientes.<\/p>\n<p>&nbsp;<\/p>\n","protected":false},"excerpt":{"rendered":"<p>El Gobernador Eduardo Le\u00f3n, junto al Director de Chile Atiende San Felipe, Nelson Douglas y la Asistente T\u00e9cnico del Ingreso \u00e9tico Familiar Mar\u00eda Cristina Hauva, efectuaron el lanzamiento del Programa Aporte Familiar&#8230;<\/p>\n","protected":false},"author":482,"featured_media":44905,"comment_status":"open","ping_status":"closed","sticky":false,"template":"","format":"standard","meta":{"advanced_seo_description":"","jetpack_seo_html_title":"","jetpack_seo_noindex":false,"_jetpack_memberships_contains_paid_content":false,"footnotes":""},"categories":[1],"tags":[],"class_list":["post-44904","post","type-post","status-publish","format-standard","has-post-thumbnail","hentry","category-cronica"],"jetpack_featured_media_url":"https:\/\/i0.wp.com\/eltrabajo.cl\/portal\/wp-content\/uploads\/2014\/03\/Aporte1.jpg?fit=529%2C358&ssl=1","jetpack_sharing_enabled":true,"jetpack_likes_enabled":true,"jetpack-related-posts":[],"_links":{"self":[{"href":"https:\/\/eltrabajo.cl\/portal\/wp-json\/wp\/v2\/posts\/44904","targetHints":{"allow":["GET"]}}],"collection":[{"href":"https:\/\/eltrabajo.cl\/portal\/wp-json\/wp\/v2\/posts"}],"about":[{"href":"https:\/\/eltrabajo.cl\/portal\/wp-json\/wp\/v2\/types\/post"}],"author":[{"embeddable":true,"href":"https:\/\/eltrabajo.cl\/portal\/wp-json\/wp\/v2\/users\/482"}],"replies":[{"embeddable":true,"href":"https:\/\/eltrabajo.cl\/portal\/wp-json\/wp\/v2\/comments?post=44904"}],"version-history":[{"count":0,"href":"https:\/\/eltrabajo.cl\/portal\/wp-json\/wp\/v2\/posts\/44904\/revisions"}],"wp:featuredmedia":[{"embeddable":true,"href":"https:\/\/eltrabajo.cl\/portal\/wp-json\/wp\/v2\/media\/44905"}],"wp:attachment":[{"href":"https:\/\/eltrabajo.cl\/portal\/wp-json\/wp\/v2\/media?parent=44904"}],"wp:term":[{"taxonomy":"category","embeddable":true,"href":"https:\/\/eltrabajo.cl\/portal\/wp-json\/wp\/v2\/categories?post=44904"},{"taxonomy":"post_tag","embeddable":true,"href":"https:\/\/eltrabajo.cl\/portal\/wp-json\/wp\/v2\/tags?post=44904"}],"curies":[{"name":"wp","href":"https:\/\/api.w.org\/{rel}","templated":true}]}}