{"id":44908,"date":"2014-03-31T09:57:41","date_gmt":"2014-03-31T12:57:41","guid":{"rendered":"http:\/\/www.eltrabajo.cl\/portal\/?p=44908"},"modified":"2014-03-31T10:12:02","modified_gmt":"2014-03-31T13:12:02","slug":"en-san-felipe-y-llay-llay-ejecutan-programa-4-a-7-mujer-trabaja-tranquila","status":"publish","type":"post","link":"https:\/\/eltrabajo.cl\/portal\/en-san-felipe-y-llay-llay-ejecutan-programa-4-a-7-mujer-trabaja-tranquila\/","title":{"rendered":"En San Felipe y Llay Llay ejecutan \u2018Programa 4 a 7: Mujer trabaja tranquila\u2019"},"content":{"rendered":"<figure id=\"attachment_44909\" aria-describedby=\"caption-attachment-44909\" style=\"width: 528px\" class=\"wp-caption alignnone\"><a href=\"https:\/\/i0.wp.com\/www.eltrabajo.cl\/portal\/wp-content\/uploads\/2014\/03\/Programa1.jpg\"><img data-recalc-dims=\"1\" loading=\"lazy\" decoding=\"async\" class=\"size-full wp-image-44909\" alt=\"La iniciativa se ejecuta s\u00f3lo en San Felipe y Llay Llay y busca que las mujeres cuenten con mejores condiciones de empleo.\" src=\"https:\/\/i0.wp.com\/www.eltrabajo.cl\/portal\/wp-content\/uploads\/2014\/03\/Programa1.jpg?resize=528%2C264\" width=\"528\" height=\"264\" srcset=\"https:\/\/i0.wp.com\/eltrabajo.cl\/portal\/wp-content\/uploads\/2014\/03\/Programa1.jpg?w=528&amp;ssl=1 528w, https:\/\/i0.wp.com\/eltrabajo.cl\/portal\/wp-content\/uploads\/2014\/03\/Programa1.jpg?resize=200%2C100&amp;ssl=1 200w, https:\/\/i0.wp.com\/eltrabajo.cl\/portal\/wp-content\/uploads\/2014\/03\/Programa1.jpg?resize=300%2C150&amp;ssl=1 300w, https:\/\/i0.wp.com\/eltrabajo.cl\/portal\/wp-content\/uploads\/2014\/03\/Programa1.jpg?resize=150%2C75&amp;ssl=1 150w, https:\/\/i0.wp.com\/eltrabajo.cl\/portal\/wp-content\/uploads\/2014\/03\/Programa1.jpg?resize=400%2C200&amp;ssl=1 400w\" sizes=\"auto, (max-width: 528px) 100vw, 528px\" \/><\/a><figcaption id=\"caption-attachment-44909\" class=\"wp-caption-text\">La iniciativa se ejecuta s\u00f3lo en San Felipe y Llay Llay y busca que las mujeres cuenten con mejores condiciones de empleo.<\/figcaption><\/figure>\n<p>Con el objetivo de que las mujeres de la comuna de San Felipe puedan generar mayores posibilidades laborales, la Municipalidad y el Sernam est\u00e1n desarrollando el \u2018Programa 4 a 7: Mujer trabaja tranquila\u2019. La iniciativa, que se ejecuta s\u00f3lo en San Felipe y Llay Llay en el Valle de Aconcagua, busca que las mujeres cuenten con mejores condiciones de empleo, permitiendo que ellas trabajen tranquilas al estar sus hijos al cuidado de personas responsables, ya que los peque\u00f1os se encuentran en ese horario en la Escuela Jos\u00e9 Manso de Velasco.<\/p>\n<p>\u201cEste es un proyecto que postulamos junto a la Oficina de la Mujer y contempla trabajar con los alumnos que salen del colegio y de 4 a 7 hay monitores, profesores, expertos que van a trabajar con ellos. Estamos contentos que ya se est\u00e9 ejecutando este programa que es un programa piloto que nos adjudicamos, ya que es una posibilidad de que las vecinas puedan trabajar tranquilas, porque los ni\u00f1os est\u00e1n bien cuidados. La iniciativa nace del Alcalde Patricio Freire quien plantea la idea de dar continuidad al programa Mujer trabajadora y jefa de hogar\u201d, dijo Pablo Silva, Director de Desarrollo Comunitario.<\/p>\n<p>Entre los requisitos que deben tener las mujeres que postulen al programa se cuentan tener entre 18 y 65 a\u00f1os de edad, que se encuentren trabajando o estudiando o moment\u00e1neamente cesantes pero que requieran incorporarse al mundo laboral y que sean de la comuna de San Felipe.<\/p>\n<p>Para ejecutar el programa se eligi\u00f3 la Escuela Jos\u00e9 Mando de Velasco, luego de realizar un diagn\u00f3stico que se efectu\u00f3 con la Daem, al analizar la cantidad de jefas de hogar y familias mono-parentales que se encuentran en la comuna.<\/p>\n<p>\u201cHablamos que este programa es intersectorial porque est\u00e1 incorporada la Direcci\u00f3n provincial de Educaci\u00f3n, la Municipalidad, el Sernam, la escuela y la Junaeb, ac\u00e1 se les entrega una tercera colaci\u00f3n, hay unos aportes que vienen de Sernam para que este programa se ejecute y las ni\u00f1as y ni\u00f1os tengan acceso a actividades extra program\u00e1ticas y actividades deportivas\u201d, dijo Silvana Vera, encargada de la Oficina Municipal de la Mujer.<\/p>\n<p>El programa tiene tres profesionales que lo ejecutan, entre los que se cuentan una coordinadora-monitora, un profesor de educaci\u00f3n f\u00edsica y una monitora de danza, quienes est\u00e1n dedicados exclusivamente a estos ni\u00f1os y ni\u00f1as. La iniciativa se est\u00e1 desarrollando hace dos semanas y ya cuentan con 38 ni\u00f1os que asisten regularmente, por lo que se cuenta con una vacante de doce cupos.<\/p>\n<p>Seg\u00fan explic\u00f3 Paola Rojas, directora de la escuela, el programa ha sido un gran apoyo a los padres, quienes muchas veces llegan tarde a sus casas y no tienen la posibilidad de ayudar a los ni\u00f1os en sus tareas. \u201cLos talleres ayudan a tener este apoyo que es tan esencial y nosotros contamos con material deportivo y espacios de recreaci\u00f3n, que es parte del programa\u201d, sostuvo Rojas.<\/p>\n<p>&nbsp;<\/p>\n","protected":false},"excerpt":{"rendered":"<p>Con el objetivo de que las mujeres de la comuna de San Felipe puedan generar mayores posibilidades laborales, la Municipalidad y el Sernam est\u00e1n desarrollando el \u2018Programa 4 a 7: Mujer trabaja&#8230;<\/p>\n","protected":false},"author":482,"featured_media":44909,"comment_status":"open","ping_status":"closed","sticky":false,"template":"","format":"standard","meta":{"advanced_seo_description":"","jetpack_seo_html_title":"","jetpack_seo_noindex":false,"_jetpack_memberships_contains_paid_content":false,"footnotes":""},"categories":[1],"tags":[],"class_list":["post-44908","post","type-post","status-publish","format-standard","has-post-thumbnail","hentry","category-cronica"],"jetpack_featured_media_url":"https:\/\/i0.wp.com\/eltrabajo.cl\/portal\/wp-content\/uploads\/2014\/03\/Programa1.jpg?fit=528%2C264&ssl=1","jetpack_sharing_enabled":true,"jetpack_likes_enabled":true,"jetpack-related-posts":[],"_links":{"self":[{"href":"https:\/\/eltrabajo.cl\/portal\/wp-json\/wp\/v2\/posts\/44908","targetHints":{"allow":["GET"]}}],"collection":[{"href":"https:\/\/eltrabajo.cl\/portal\/wp-json\/wp\/v2\/posts"}],"about":[{"href":"https:\/\/eltrabajo.cl\/portal\/wp-json\/wp\/v2\/types\/post"}],"author":[{"embeddable":true,"href":"https:\/\/eltrabajo.cl\/portal\/wp-json\/wp\/v2\/users\/482"}],"replies":[{"embeddable":true,"href":"https:\/\/eltrabajo.cl\/portal\/wp-json\/wp\/v2\/comments?post=44908"}],"version-history":[{"count":0,"href":"https:\/\/eltrabajo.cl\/portal\/wp-json\/wp\/v2\/posts\/44908\/revisions"}],"wp:featuredmedia":[{"embeddable":true,"href":"https:\/\/eltrabajo.cl\/portal\/wp-json\/wp\/v2\/media\/44909"}],"wp:attachment":[{"href":"https:\/\/eltrabajo.cl\/portal\/wp-json\/wp\/v2\/media?parent=44908"}],"wp:term":[{"taxonomy":"category","embeddable":true,"href":"https:\/\/eltrabajo.cl\/portal\/wp-json\/wp\/v2\/categories?post=44908"},{"taxonomy":"post_tag","embeddable":true,"href":"https:\/\/eltrabajo.cl\/portal\/wp-json\/wp\/v2\/tags?post=44908"}],"curies":[{"name":"wp","href":"https:\/\/api.w.org\/{rel}","templated":true}]}}