{"id":44911,"date":"2014-03-31T10:09:25","date_gmt":"2014-03-31T13:09:25","guid":{"rendered":"http:\/\/www.eltrabajo.cl\/portal\/?p=44911"},"modified":"2014-03-31T10:12:12","modified_gmt":"2014-03-31T13:12:12","slug":"con-letrero-de-union-san-felipe-tapan-millonario-robo-a-joyeria-acron","status":"publish","type":"post","link":"https:\/\/eltrabajo.cl\/portal\/con-letrero-de-union-san-felipe-tapan-millonario-robo-a-joyeria-acron\/","title":{"rendered":"Con letrero de Uni\u00f3n San Felipe tapan millonario robo a Joyer\u00eda Acron"},"content":{"rendered":"<figure id=\"attachment_44912\" aria-describedby=\"caption-attachment-44912\" style=\"width: 529px\" class=\"wp-caption alignnone\"><a href=\"https:\/\/i0.wp.com\/www.eltrabajo.cl\/portal\/wp-content\/uploads\/2014\/03\/Joyeria1.jpg\"><img data-recalc-dims=\"1\" loading=\"lazy\" decoding=\"async\" class=\"size-full wp-image-44912\" alt=\"Este nuevo robo a esta joyer\u00eda sanfelipe\u00f1a qued\u00f3 al descubierto a media ma\u00f1ana de este domingo.\" src=\"https:\/\/i0.wp.com\/www.eltrabajo.cl\/portal\/wp-content\/uploads\/2014\/03\/Joyeria1.jpg?resize=529%2C401\" width=\"529\" height=\"401\" srcset=\"https:\/\/i0.wp.com\/eltrabajo.cl\/portal\/wp-content\/uploads\/2014\/03\/Joyeria1.jpg?w=529&amp;ssl=1 529w, https:\/\/i0.wp.com\/eltrabajo.cl\/portal\/wp-content\/uploads\/2014\/03\/Joyeria1.jpg?resize=197%2C150&amp;ssl=1 197w, https:\/\/i0.wp.com\/eltrabajo.cl\/portal\/wp-content\/uploads\/2014\/03\/Joyeria1.jpg?resize=300%2C227&amp;ssl=1 300w, https:\/\/i0.wp.com\/eltrabajo.cl\/portal\/wp-content\/uploads\/2014\/03\/Joyeria1.jpg?resize=150%2C113&amp;ssl=1 150w, https:\/\/i0.wp.com\/eltrabajo.cl\/portal\/wp-content\/uploads\/2014\/03\/Joyeria1.jpg?resize=400%2C303&amp;ssl=1 400w\" sizes=\"auto, (max-width: 529px) 100vw, 529px\" \/><\/a><figcaption id=\"caption-attachment-44912\" class=\"wp-caption-text\">Este nuevo robo a esta joyer\u00eda sanfelipe\u00f1a qued\u00f3 al descubierto a media ma\u00f1ana de este domingo.<\/figcaption><\/figure>\n<p>S\u00f3lo un letrero de Uni\u00f3n San Felipe tapando la entrada de la Joyer\u00eda Acron en Calle Prat, daba cuenta de que algo raro pasaba, por lo que vecinos llamaron a Carabineros y al hijo del due\u00f1o de la tienda para advertir de que hab\u00eda que revisar su interior.<\/p>\n<p>El hecho qued\u00f3 al descubierto a media ma\u00f1ana de este domingo y Luis Salinas Lobos, propietario de la joyer\u00eda, se\u00f1al\u00f3 que \u201cesta es la sexta vez que me roban. Soy un hombre que he sido asaltado cuatro veces y seis veces robado\u201d, dejando entre ver un grado de impotencia.<\/p>\n<p>\u00c9l o los asaltantes actuaron de manera programada, acarreando el letrero que promueve el partido del Un\u00ed y unas cajas para tapar la entrada del local y as\u00ed romper los candados de la cortina principal para perpetrar el atraco. Con eso burlaron las c\u00e1maras de tele-vigilancia que se ubican a menos de 60 metros del lugar del robo.<\/p>\n<p>El afectado, se\u00f1al\u00f3 que \u201cac\u00e1 es imposible que haya un letrero de Uni\u00f3n San Felipe\u201d. Por eso, para Don Luis es llamativo que a Carabineros o a la gente no les llamara la atenci\u00f3n. \u201cYo le digo a Carabineros que ac\u00e1 justo al frente hay c\u00e1maras de la Movistar, y ellos me dicen que yo tengo que pedirle las im\u00e1genes a la Fiscal\u00eda, cuando me parece que son ellos los que tienen que indagar o investigar\u201d.<\/p>\n<p>El robo ascendi\u00f3 a los $5 millones y el propietario de la joyer\u00eda explic\u00f3 que \u201cen su mayor\u00eda eran relojes Quantum ,que son relojes norteamericanos , que tienen un aval\u00fao cercano a los 350.000 pesos. Tambi\u00e9n se llevaron collares de plata y otros relojes Zeiko\u201d.<\/p>\n<p>\u201cA m\u00ed me han reconocido en varias partes por mi trabajo. Yo trabajo con mis manos las joyas que hago. Y es una desgracia que me asaltaran y robaran en total ya diez veces\u201d, reflexiona don Luis Salinas. Los relojes Quantum se hicieron famosos con la zaga cinematogr\u00e1fica del Agente 007. Son muy escasos, por lo que el propietario del local llam\u00f3 a no comprarlos en el mercado negro y a denunciar a quienes pudieran ofrecerlos.<\/p>\n","protected":false},"excerpt":{"rendered":"<p>S\u00f3lo un letrero de Uni\u00f3n San Felipe tapando la entrada de la Joyer\u00eda Acron en Calle Prat, daba cuenta de que algo raro pasaba, por lo que vecinos llamaron a Carabineros y&#8230;<\/p>\n","protected":false},"author":482,"featured_media":44912,"comment_status":"open","ping_status":"closed","sticky":false,"template":"","format":"standard","meta":{"advanced_seo_description":"","jetpack_seo_html_title":"","jetpack_seo_noindex":false,"_jetpack_memberships_contains_paid_content":false,"footnotes":""},"categories":[21],"tags":[],"class_list":["post-44911","post","type-post","status-publish","format-standard","has-post-thumbnail","hentry","category-policial"],"jetpack_featured_media_url":"https:\/\/i0.wp.com\/eltrabajo.cl\/portal\/wp-content\/uploads\/2014\/03\/Joyeria1.jpg?fit=529%2C401&ssl=1","jetpack_sharing_enabled":true,"jetpack_likes_enabled":true,"jetpack-related-posts":[],"_links":{"self":[{"href":"https:\/\/eltrabajo.cl\/portal\/wp-json\/wp\/v2\/posts\/44911","targetHints":{"allow":["GET"]}}],"collection":[{"href":"https:\/\/eltrabajo.cl\/portal\/wp-json\/wp\/v2\/posts"}],"about":[{"href":"https:\/\/eltrabajo.cl\/portal\/wp-json\/wp\/v2\/types\/post"}],"author":[{"embeddable":true,"href":"https:\/\/eltrabajo.cl\/portal\/wp-json\/wp\/v2\/users\/482"}],"replies":[{"embeddable":true,"href":"https:\/\/eltrabajo.cl\/portal\/wp-json\/wp\/v2\/comments?post=44911"}],"version-history":[{"count":0,"href":"https:\/\/eltrabajo.cl\/portal\/wp-json\/wp\/v2\/posts\/44911\/revisions"}],"wp:featuredmedia":[{"embeddable":true,"href":"https:\/\/eltrabajo.cl\/portal\/wp-json\/wp\/v2\/media\/44912"}],"wp:attachment":[{"href":"https:\/\/eltrabajo.cl\/portal\/wp-json\/wp\/v2\/media?parent=44911"}],"wp:term":[{"taxonomy":"category","embeddable":true,"href":"https:\/\/eltrabajo.cl\/portal\/wp-json\/wp\/v2\/categories?post=44911"},{"taxonomy":"post_tag","embeddable":true,"href":"https:\/\/eltrabajo.cl\/portal\/wp-json\/wp\/v2\/tags?post=44911"}],"curies":[{"name":"wp","href":"https:\/\/api.w.org\/{rel}","templated":true}]}}