{"id":44914,"date":"2014-03-31T10:05:34","date_gmt":"2014-03-31T13:05:34","guid":{"rendered":"http:\/\/www.eltrabajo.cl\/portal\/?p=44914"},"modified":"2014-03-31T10:05:34","modified_gmt":"2014-03-31T13:05:34","slug":"conductor-incognito-desaparece-tras-salir-vivo-de-aparatoso-accidente","status":"publish","type":"post","link":"https:\/\/eltrabajo.cl\/portal\/conductor-incognito-desaparece-tras-salir-vivo-de-aparatoso-accidente\/","title":{"rendered":"Conductor inc\u00f3gnito \u2018desaparece\u2019 tras salir vivo de aparatoso accidente"},"content":{"rendered":"<figure id=\"attachment_44915\" aria-describedby=\"caption-attachment-44915\" style=\"width: 529px\" class=\"wp-caption alignnone\"><a href=\"https:\/\/i0.wp.com\/www.eltrabajo.cl\/portal\/wp-content\/uploads\/2014\/03\/Desintegrado1.jpg\"><img data-recalc-dims=\"1\" loading=\"lazy\" decoding=\"async\" class=\"size-full wp-image-44915\" alt=\"DESINTEGRADO.- Debido a la magnitud del choque, que dej\u00f3 con trozos del \u00e1rbol incluso en el motor, se temi\u00f3 por alg\u00fan resultado fatal. El conductor sali\u00f3 caminando sin que hasta ahora se conozca su identidad. \" src=\"https:\/\/i0.wp.com\/www.eltrabajo.cl\/portal\/wp-content\/uploads\/2014\/03\/Desintegrado1.jpg?resize=529%2C358\" width=\"529\" height=\"358\" srcset=\"https:\/\/i0.wp.com\/eltrabajo.cl\/portal\/wp-content\/uploads\/2014\/03\/Desintegrado1.jpg?w=529&amp;ssl=1 529w, https:\/\/i0.wp.com\/eltrabajo.cl\/portal\/wp-content\/uploads\/2014\/03\/Desintegrado1.jpg?resize=200%2C135&amp;ssl=1 200w, https:\/\/i0.wp.com\/eltrabajo.cl\/portal\/wp-content\/uploads\/2014\/03\/Desintegrado1.jpg?resize=300%2C203&amp;ssl=1 300w, https:\/\/i0.wp.com\/eltrabajo.cl\/portal\/wp-content\/uploads\/2014\/03\/Desintegrado1.jpg?resize=150%2C101&amp;ssl=1 150w, https:\/\/i0.wp.com\/eltrabajo.cl\/portal\/wp-content\/uploads\/2014\/03\/Desintegrado1.jpg?resize=400%2C270&amp;ssl=1 400w\" sizes=\"auto, (max-width: 529px) 100vw, 529px\" \/><\/a><figcaption id=\"caption-attachment-44915\" class=\"wp-caption-text\">DESINTEGRADO.- Debido a la magnitud del choque, que dej\u00f3 con trozos del \u00e1rbol incluso en el motor, se temi\u00f3 por alg\u00fan resultado fatal. El conductor sali\u00f3 caminando sin que hasta ahora se conozca su identidad.<\/figcaption><\/figure>\n<p><strong>PANQUEHUE<\/strong>.- Carabineros del ret\u00e9n de Panquehue recibi\u00f3 una llamada an\u00f3nima a eso de las 6:30 de la ma\u00f1ana de este domingo, en la que se daba cuenta de un veh\u00edculo \u2018pegado como acorde\u00f3n a un \u00e1rbol a la orilla de la carretera\u2019.<\/p>\n<p>El llamado no hac\u00eda referencia a heridos, pero s\u00ed daba cuenta de un choque de alta energ\u00eda. Cuando personal policial lleg\u00f3 al veh\u00edculo, en el sector \u2018La Pirca\u2019, se encontr\u00f3 con un autom\u00f3vil Toyota Corolla de principio de los 80\u2019 casi desintegrado en su parte delantera, por lo que inmediatamente comenzaron a buscar en los alrededores para dar con \u00e9l o los ocupantes del m\u00f3vil.<\/p>\n<p>Debido a la magnitud del choque, que dej\u00f3 con trozos del \u00e1rbol incluso en el motor, se temi\u00f3 por alg\u00fan resultado fatal, pero pronto apareci\u00f3 un testigo que se\u00f1al\u00f3 que el chofer del m\u00f3vil, una vez que impact\u00f3 el \u00e1rbol, sali\u00f3 por la ventana, se sacudi\u00f3, se sent\u00f3 un minuto a contemplar al auto, se par\u00f3 y se fue caminando a su casa.<\/p>\n<p>A esa hora Carabineros debi\u00f3 acudir a un segundo procedimiento en el sector \u2018Las Tinajas\u2019, el que tuvo resultado fatal, por lo que dej\u00f3 la b\u00fasqueda del conductor para otro momento, aunque algunos conocidos entregaron los datos a los efectivos que se encontraban de turno en el ret\u00e9n, se\u00f1al\u00e1ndoles que \u2018andaba cojeando pero estaba bien\u2019. Y hasta bromearon dici\u00e9ndole que se \u2018jugaran un Kino, porque esta, no la cuenta dos veces\u2019.<\/p>\n","protected":false},"excerpt":{"rendered":"<p>PANQUEHUE.- Carabineros del ret\u00e9n de Panquehue recibi\u00f3 una llamada an\u00f3nima a eso de las 6:30 de la ma\u00f1ana de este domingo, en la que se daba cuenta de un veh\u00edculo \u2018pegado como&#8230;<\/p>\n","protected":false},"author":482,"featured_media":44915,"comment_status":"open","ping_status":"closed","sticky":false,"template":"","format":"standard","meta":{"advanced_seo_description":"","jetpack_seo_html_title":"","jetpack_seo_noindex":false,"_jetpack_memberships_contains_paid_content":false,"footnotes":""},"categories":[21],"tags":[],"class_list":["post-44914","post","type-post","status-publish","format-standard","has-post-thumbnail","hentry","category-policial"],"jetpack_featured_media_url":"https:\/\/i0.wp.com\/eltrabajo.cl\/portal\/wp-content\/uploads\/2014\/03\/Desintegrado1.jpg?fit=529%2C358&ssl=1","jetpack_sharing_enabled":true,"jetpack_likes_enabled":true,"jetpack-related-posts":[],"_links":{"self":[{"href":"https:\/\/eltrabajo.cl\/portal\/wp-json\/wp\/v2\/posts\/44914","targetHints":{"allow":["GET"]}}],"collection":[{"href":"https:\/\/eltrabajo.cl\/portal\/wp-json\/wp\/v2\/posts"}],"about":[{"href":"https:\/\/eltrabajo.cl\/portal\/wp-json\/wp\/v2\/types\/post"}],"author":[{"embeddable":true,"href":"https:\/\/eltrabajo.cl\/portal\/wp-json\/wp\/v2\/users\/482"}],"replies":[{"embeddable":true,"href":"https:\/\/eltrabajo.cl\/portal\/wp-json\/wp\/v2\/comments?post=44914"}],"version-history":[{"count":0,"href":"https:\/\/eltrabajo.cl\/portal\/wp-json\/wp\/v2\/posts\/44914\/revisions"}],"wp:featuredmedia":[{"embeddable":true,"href":"https:\/\/eltrabajo.cl\/portal\/wp-json\/wp\/v2\/media\/44915"}],"wp:attachment":[{"href":"https:\/\/eltrabajo.cl\/portal\/wp-json\/wp\/v2\/media?parent=44914"}],"wp:term":[{"taxonomy":"category","embeddable":true,"href":"https:\/\/eltrabajo.cl\/portal\/wp-json\/wp\/v2\/categories?post=44914"},{"taxonomy":"post_tag","embeddable":true,"href":"https:\/\/eltrabajo.cl\/portal\/wp-json\/wp\/v2\/tags?post=44914"}],"curies":[{"name":"wp","href":"https:\/\/api.w.org\/{rel}","templated":true}]}}