{"id":44917,"date":"2014-03-31T10:06:33","date_gmt":"2014-03-31T13:06:33","guid":{"rendered":"http:\/\/www.eltrabajo.cl\/portal\/?p=44917"},"modified":"2014-03-31T10:06:33","modified_gmt":"2014-03-31T13:06:33","slug":"hombre-muere-instantaneamente-al-estrellar-su-automovil-con-un-arbol","status":"publish","type":"post","link":"https:\/\/eltrabajo.cl\/portal\/hombre-muere-instantaneamente-al-estrellar-su-automovil-con-un-arbol\/","title":{"rendered":"Hombre muere instant\u00e1neamente al estrellar su autom\u00f3vil con un \u00e1rbol"},"content":{"rendered":"<figure id=\"attachment_44918\" aria-describedby=\"caption-attachment-44918\" style=\"width: 529px\" class=\"wp-caption alignnone\"><a href=\"https:\/\/i0.wp.com\/www.eltrabajo.cl\/portal\/wp-content\/uploads\/2014\/03\/Mortal1.jpg\"><img data-recalc-dims=\"1\" loading=\"lazy\" decoding=\"async\" class=\"size-full wp-image-44918\" alt=\"ALTO IMPACTO.- El veh\u00edculo Nissan Tiida qued\u00f3 con su parte delantera totalmente deformada por la fuerza del impacto. El chofer falleci\u00f3 en forma instant\u00e1nea.\" src=\"https:\/\/i0.wp.com\/www.eltrabajo.cl\/portal\/wp-content\/uploads\/2014\/03\/Mortal1.jpg?resize=529%2C358\" width=\"529\" height=\"358\" srcset=\"https:\/\/i0.wp.com\/eltrabajo.cl\/portal\/wp-content\/uploads\/2014\/03\/Mortal1.jpg?w=529&amp;ssl=1 529w, https:\/\/i0.wp.com\/eltrabajo.cl\/portal\/wp-content\/uploads\/2014\/03\/Mortal1.jpg?resize=200%2C135&amp;ssl=1 200w, https:\/\/i0.wp.com\/eltrabajo.cl\/portal\/wp-content\/uploads\/2014\/03\/Mortal1.jpg?resize=300%2C203&amp;ssl=1 300w, https:\/\/i0.wp.com\/eltrabajo.cl\/portal\/wp-content\/uploads\/2014\/03\/Mortal1.jpg?resize=150%2C101&amp;ssl=1 150w, https:\/\/i0.wp.com\/eltrabajo.cl\/portal\/wp-content\/uploads\/2014\/03\/Mortal1.jpg?resize=400%2C270&amp;ssl=1 400w\" sizes=\"auto, (max-width: 529px) 100vw, 529px\" \/><\/a><figcaption id=\"caption-attachment-44918\" class=\"wp-caption-text\">ALTO IMPACTO.- El veh\u00edculo Nissan Tiida qued\u00f3 con su parte delantera totalmente deformada por la fuerza del impacto. El chofer falleci\u00f3 en forma instant\u00e1nea.<\/figcaption><\/figure>\n<p>Un hombre de 52 a\u00f1os muri\u00f3 la ma\u00f1ana de este domingo en la ruta 60 CH, al impactar su autom\u00f3vil con un pimiento en el sector \u2018El Pe\u00f1\u00f3n\u2019 en la comuna de Panquehue. El hecho se registr\u00f3 cerca de las 07:00 horas, cuando el malogrado conductor, identificado como Jos\u00e9 Gonz\u00e1lez Moreno, de 52 a\u00f1os, regresaba de un encuentro familiar en el sector \u2018La Pirca\u2019 y manejaba de regreso a la ciudad de San Felipe en un autom\u00f3vil marca Nissan modelo Tiida, color negro con gris placa patente BX-HZ11.<\/p>\n<p>Al llegar al se\u00f1alado sector y en plena recta, se sali\u00f3 de su pista y cruz\u00f3 la calzada norte para terminar con su veh\u00edculo incrustado en un a\u00f1oso pimiento, falleciendo de manera instant\u00e1nea.<\/p>\n<p>Juan Gonz\u00e1lez, hermano de la v\u00edctima, se\u00f1al\u00f3 en el lugar del accidente a Diario El Trabajo que con su hermano estaban \u201cen un convivencia de primos en Lo Campo\u201d, y que cuando estaba por retirarse, \u201c\u00e9l nos dijo que iba a dejar a unos primos de Panquehue, y despu\u00e9s se iba a la casa. Ah\u00ed le digo compadre esp\u00e9reme, porque somos hermanos y compadres. Esp\u00e9reme para nos vamos en caravana para arriba, y \u00e9l me contest\u00f3 que se iba adelante y despu\u00e9s de dejar a los otros parientes lo alcaliz\u00e1bamos. En eso no pasaron m\u00e1s de un cuarto de hora desde que nos despedimos, y cuando ven\u00edamos pasando por este sector, y vemos un autom\u00f3vil que estaba incrustado en un \u00e1rbol y nos dimos cuenta que era el auto de mi hermano\u201d, se\u00f1al\u00f3 muy afectado, Juan Gonz\u00e1lez.<\/p>\n<p>&nbsp;<\/p>\n<p>SUE\u00d1O MORTAL<\/p>\n<p>Otros familiares, en el lugar mismo del accidente, se\u00f1alaron que \u201c\u00e9l no hab\u00eda tomado nada de alcohol\u201d y que incluso durante la noche s\u00f3lo estaba tomando Sprite, por lo que para ellos esto que pas\u00f3 es porque se habr\u00eda quedado dormido al volante. En el lugar trabaj\u00f3 personal de Bomberos de San Felipe, Carabineros de Panquehue, y la Siat Aconcagua por cerca de dos horas, sin tener que detener el tr\u00e1nsito en la ruta.<\/p>\n<p>La Siat constat\u00f3 que no existen frenadas de ning\u00fan tipo, ni rastros de la participaci\u00f3n de otro veh\u00edculo, solicitando s\u00f3lo algunos peritajes en el veh\u00edculo para descartar una falla mec\u00e1nica. Un hijo del fallecido confidenci\u00f3 a Diario El Trabajo que \u201cayer (s\u00e1bado) le ped\u00ed a mi pap\u00e1 que le sacara el seguro y la patente al auto, y despu\u00e9s cuando volvi\u00f3 me lo pidi\u00f3 para usarlo y yo le dije que bueno, que no hab\u00eda problema, as\u00ed que se qued\u00f3 con el auto. Eso fue lo \u00faltimo que habl\u00e9 con \u00e9l\u201d.<\/p>\n<p>El Cuerpo fue levantado y enviado al Servicio M\u00e9dico Legal de San Felipe, para la autopsia de rigor y los antecedentes del accidente fueron enviados al Ministerio P\u00fablico de San Felipe. Don Jos\u00e9 Gonz\u00e1lez deja adem\u00e1s una peque\u00f1a hija de unos doce a\u00f1os, los vecinos de la casa que ocupaba en el pasaje 7 de la Poblaci\u00f3n Santa Br\u00edgida no pod\u00edan dar cr\u00e9dito de su repentina muerte.<\/p>\n<p>Una vecina se\u00f1al\u00f3 que \u201cla poblaci\u00f3n est\u00e1 de mala. El fin de semana pasado se muri\u00f3 el Seba (Sebasti\u00e1n Rodrigo Calder\u00f3n Tapia, joven de 20 a\u00f1os muerto en el sector Enc\u00f3n), tambi\u00e9n en un choque, y hace nada que se mat\u00f3 \u2018el chico Carozzi\u2019, y todo aqu\u00ed cerquita\u201d, aludiendo a la distancia inferior a dos cuadras de los tres fallecidos.<\/p>\n<p>&nbsp;<\/p>\n","protected":false},"excerpt":{"rendered":"<p>Un hombre de 52 a\u00f1os muri\u00f3 la ma\u00f1ana de este domingo en la ruta 60 CH, al impactar su autom\u00f3vil con un pimiento en el sector \u2018El Pe\u00f1\u00f3n\u2019 en la comuna de&#8230;<\/p>\n","protected":false},"author":482,"featured_media":44918,"comment_status":"open","ping_status":"closed","sticky":false,"template":"","format":"standard","meta":{"advanced_seo_description":"","jetpack_seo_html_title":"","jetpack_seo_noindex":false,"_jetpack_memberships_contains_paid_content":false,"footnotes":""},"categories":[21],"tags":[],"class_list":["post-44917","post","type-post","status-publish","format-standard","has-post-thumbnail","hentry","category-policial"],"jetpack_featured_media_url":"https:\/\/i0.wp.com\/eltrabajo.cl\/portal\/wp-content\/uploads\/2014\/03\/Mortal1.jpg?fit=529%2C358&ssl=1","jetpack_sharing_enabled":true,"jetpack_likes_enabled":true,"jetpack-related-posts":[],"_links":{"self":[{"href":"https:\/\/eltrabajo.cl\/portal\/wp-json\/wp\/v2\/posts\/44917","targetHints":{"allow":["GET"]}}],"collection":[{"href":"https:\/\/eltrabajo.cl\/portal\/wp-json\/wp\/v2\/posts"}],"about":[{"href":"https:\/\/eltrabajo.cl\/portal\/wp-json\/wp\/v2\/types\/post"}],"author":[{"embeddable":true,"href":"https:\/\/eltrabajo.cl\/portal\/wp-json\/wp\/v2\/users\/482"}],"replies":[{"embeddable":true,"href":"https:\/\/eltrabajo.cl\/portal\/wp-json\/wp\/v2\/comments?post=44917"}],"version-history":[{"count":0,"href":"https:\/\/eltrabajo.cl\/portal\/wp-json\/wp\/v2\/posts\/44917\/revisions"}],"wp:featuredmedia":[{"embeddable":true,"href":"https:\/\/eltrabajo.cl\/portal\/wp-json\/wp\/v2\/media\/44918"}],"wp:attachment":[{"href":"https:\/\/eltrabajo.cl\/portal\/wp-json\/wp\/v2\/media?parent=44917"}],"wp:term":[{"taxonomy":"category","embeddable":true,"href":"https:\/\/eltrabajo.cl\/portal\/wp-json\/wp\/v2\/categories?post=44917"},{"taxonomy":"post_tag","embeddable":true,"href":"https:\/\/eltrabajo.cl\/portal\/wp-json\/wp\/v2\/tags?post=44917"}],"curies":[{"name":"wp","href":"https:\/\/api.w.org\/{rel}","templated":true}]}}