{"id":44920,"date":"2014-03-31T10:10:37","date_gmt":"2014-03-31T13:10:37","guid":{"rendered":"http:\/\/www.eltrabajo.cl\/portal\/?p=44920"},"modified":"2014-03-31T10:10:37","modified_gmt":"2014-03-31T13:10:37","slug":"cazador-muere-tras-recibir-impacto-de-escopeta-en-su-rostro","status":"publish","type":"post","link":"https:\/\/eltrabajo.cl\/portal\/cazador-muere-tras-recibir-impacto-de-escopeta-en-su-rostro\/","title":{"rendered":"Cazador muere tras recibir impacto de escopeta en su rostro"},"content":{"rendered":"<figure id=\"attachment_44921\" aria-describedby=\"caption-attachment-44921\" style=\"width: 423px\" class=\"wp-caption alignleft\"><a href=\"https:\/\/i0.wp.com\/www.eltrabajo.cl\/portal\/wp-content\/uploads\/2014\/03\/Escopeta2.jpg\"><img data-recalc-dims=\"1\" loading=\"lazy\" decoding=\"async\" class=\" wp-image-44921 \" alt=\"Pasadas las 08:45 horas, personal especializado de la Brigada de Homicidios se traslad\u00f3 al interior de Las Minillas, en donde realizar\u00edan pericias en el lugar en el cual ocurrieron los hechos.\" src=\"https:\/\/i0.wp.com\/www.eltrabajo.cl\/portal\/wp-content\/uploads\/2014\/03\/Escopeta2.jpg?resize=423%2C476\" width=\"423\" height=\"476\" srcset=\"https:\/\/i0.wp.com\/eltrabajo.cl\/portal\/wp-content\/uploads\/2014\/03\/Escopeta2.jpg?w=529&amp;ssl=1 529w, https:\/\/i0.wp.com\/eltrabajo.cl\/portal\/wp-content\/uploads\/2014\/03\/Escopeta2.jpg?resize=133%2C150&amp;ssl=1 133w, https:\/\/i0.wp.com\/eltrabajo.cl\/portal\/wp-content\/uploads\/2014\/03\/Escopeta2.jpg?resize=266%2C300&amp;ssl=1 266w, https:\/\/i0.wp.com\/eltrabajo.cl\/portal\/wp-content\/uploads\/2014\/03\/Escopeta2.jpg?resize=400%2C449&amp;ssl=1 400w\" sizes=\"auto, (max-width: 423px) 100vw, 423px\" \/><\/a><figcaption id=\"caption-attachment-44921\" class=\"wp-caption-text\">Pasadas las 08:45 horas, personal especializado de la Brigada de Homicidios se traslad\u00f3 al interior de Las Minillas, en donde realizar\u00edan pericias en el lugar en el cual ocurrieron los hechos.<\/figcaption><\/figure>\n<p><strong>PUTAENDO<\/strong>.- Un cazador de 41 a\u00f1os, identificado como Eduardo Vergara Rojas, con domicilio en Villa Cordillera de la ciudad de San Felipe, muri\u00f3 tras recibir un impacto de bala de una escopeta al interior del sector Las Minillas, donde junto a otros cuatro sujetos practicaban la caza.<\/p>\n<p>A las 03:45 horas de la madrugada de este s\u00e1bado y a bordo de una camioneta, sus compa\u00f1eros de caza ingresaron con Eduardo Vergara gravemente herido hasta el Servicio de Urgencia del Hospital San Antonio de Putaendo, donde producto de la gravedad de sus lesiones en el rostro y pese a los esfuerzos m\u00e9dicos, falleci\u00f3 a los pocos minutos.<\/p>\n<p>Por instrucci\u00f3n del Fiscal de Turno se constituy\u00f3 en el lugar personal de la Brigada de Homicidios de la PDI de Los Andes, quienes al interior de la Tenencia de Carabineros de Putaendo realizaron pericias a la camioneta, el arma con la cual se produjo el disparo y una segunda escopeta que portaban los cazadores.<\/p>\n<p>Pasadas las 08:45 horas, personal especializado de la Brigada de Homicidios se traslad\u00f3 al interior de Las Minillas a un sector distante a la carretera donde realizar\u00edan pericias en el lugar en el cual ocurrieron los hechos. En tanto, los otros cuatro cazadores permanecieron en dependencias de Carabineros, donde la PDI les tom\u00f3 muestras en sus manos y posteriormente ser\u00edan trasladados hasta el cuartel de la PDI para prestar declaraci\u00f3n ante la Brigada de Homicidios.<\/p>\n<p><strong>LA TRAGEDIA<\/strong><\/p>\n<p>Por su parte, el Teniente de Carabineros \u00c1ngelo Acevedo, confirm\u00f3 a Diario El Trabajo que eran cinco los cazadores que se encontraban al interior de Las Minillas a bordo de una camioneta y que por causas que deben ser investigadas por la BH, cuatro de ellos descendieron del veh\u00edculo mientras que la v\u00edctima permaneci\u00f3 en la parte trasera de la camioneta y en ese instante se escuch\u00f3 un disparo que impact\u00f3 de lleno en el rostro de Eduardo Vergara, por lo que en el mismo veh\u00edculo lo trasladaron hasta el Hospital San Antonio, mientras que personal de Carabineros que se dirig\u00eda al lugar los escolt\u00f3 y coordin\u00f3 que el equipo m\u00e9dico del recinto de salud estuviese esperando al herido.<\/p>\n<p><strong>ARMAS EN REGLA<\/strong><\/p>\n<p>El oficial de Carabineros indic\u00f3 adem\u00e1s que las dos escopetas que estaban en poder de los cazadores se encuentran con toda su documentaci\u00f3n en regla y que las personas contaban con los permisos correspondientes para practicar la caza.<\/p>\n<p>Patricio Gallardo M.<\/p>\n<div class=\"tiled-gallery type-rectangular tiled-gallery-unresized\" data-original-width=\"640\" data-carousel-extra='null' itemscope itemtype=\"http:\/\/schema.org\/ImageGallery\" > <div class=\"gallery-row\" style=\"width: 640px; height: 221px;\" data-original-width=\"640\" data-original-height=\"221\" > <div class=\"gallery-group images-1\" style=\"width: 325px; height: 221px;\" data-original-width=\"325\" data-original-height=\"221\" > <div class=\"tiled-gallery-item tiled-gallery-item-large\" itemprop=\"associatedMedia\" itemscope itemtype=\"http:\/\/schema.org\/ImageObject\"> <a href=\"https:\/\/eltrabajo.cl\/portal\/cazador-muere-tras-recibir-impacto-de-escopeta-en-su-rostro\/escopeta1-3\/\" border=\"0\" itemprop=\"url\"> <meta itemprop=\"width\" content=\"321\"> <meta itemprop=\"height\" content=\"217\"> <img decoding=\"async\" class=\"\" data-attachment-id=\"44923\" data-orig-file=\"https:\/\/eltrabajo.cl\/portal\/wp-content\/uploads\/2014\/03\/Escopeta1.jpg\" data-orig-size=\"529,358\" data-comments-opened=\"1\" data-image-meta=\"{&quot;aperture&quot;:&quot;6.3&quot;,&quot;credit&quot;:&quot;&quot;,&quot;camera&quot;:&quot;Canon EOS REBEL T3i&quot;,&quot;caption&quot;:&quot;&quot;,&quot;created_timestamp&quot;:&quot;1396081459&quot;,&quot;copyright&quot;:&quot;[wopmind]&quot;,&quot;focal_length&quot;:&quot;37&quot;,&quot;iso&quot;:&quot;1600&quot;,&quot;shutter_speed&quot;:&quot;0.01&quot;,&quot;title&quot;:&quot;&quot;}\" data-image-title=\"Escopeta1\" data-image-description=\"&lt;p&gt;Eduardo Vergara Rojas, con domicilio en Villa Cordillera de la ciudad de San Felipe, muri\u00f3 tras recibir un impacto de bala de una escopeta al interior del sector Las Minillas.&lt;\/p&gt; \" data-medium-file=\"https:\/\/i0.wp.com\/eltrabajo.cl\/portal\/wp-content\/uploads\/2014\/03\/Escopeta1.jpg?fit=300%2C203&#038;ssl=1\" data-large-file=\"https:\/\/i0.wp.com\/eltrabajo.cl\/portal\/wp-content\/uploads\/2014\/03\/Escopeta1.jpg?fit=529%2C358&#038;ssl=1\" src=\"https:\/\/i0.wp.com\/eltrabajo.cl\/portal\/wp-content\/uploads\/2014\/03\/Escopeta1.jpg?w=321&#038;h=217&#038;ssl=1\" srcset=\"https:\/\/i0.wp.com\/eltrabajo.cl\/portal\/wp-content\/uploads\/2014\/03\/Escopeta1.jpg?w=529&amp;ssl=1 529w, https:\/\/i0.wp.com\/eltrabajo.cl\/portal\/wp-content\/uploads\/2014\/03\/Escopeta1.jpg?resize=200%2C135&amp;ssl=1 200w, https:\/\/i0.wp.com\/eltrabajo.cl\/portal\/wp-content\/uploads\/2014\/03\/Escopeta1.jpg?resize=300%2C203&amp;ssl=1 300w, https:\/\/i0.wp.com\/eltrabajo.cl\/portal\/wp-content\/uploads\/2014\/03\/Escopeta1.jpg?resize=150%2C101&amp;ssl=1 150w, https:\/\/i0.wp.com\/eltrabajo.cl\/portal\/wp-content\/uploads\/2014\/03\/Escopeta1.jpg?resize=400%2C270&amp;ssl=1 400w\" width=\"321\" height=\"217\" loading=\"lazy\" data-original-width=\"321\" data-original-height=\"217\" itemprop=\"http:\/\/schema.org\/image\" title=\"Escopeta1\" alt=\"Eduardo Vergara Rojas, con domicilio en Villa Cordillera de la ciudad de San Felipe, muri\u00f3 tras recibir un impacto de bala de una escopeta al interior del sector Las Minillas.\" style=\"width: 321px; height: 217px;\" \/> <\/a> <div class=\"tiled-gallery-caption\" itemprop=\"caption description\"> Eduardo Vergara Rojas, con domicilio en Villa Cordillera de la ciudad de San Felipe, muri\u00f3 tras recibir un impacto de bala de una escopeta al interior del sector Las Minillas. <\/div> <\/div> <\/div> <!-- close group --> <div class=\"gallery-group images-1\" style=\"width: 315px; height: 221px;\" data-original-width=\"315\" data-original-height=\"221\" > <div class=\"tiled-gallery-item tiled-gallery-item-large\" itemprop=\"associatedMedia\" itemscope itemtype=\"http:\/\/schema.org\/ImageObject\"> <a href=\"https:\/\/eltrabajo.cl\/portal\/cazador-muere-tras-recibir-impacto-de-escopeta-en-su-rostro\/forense1\/\" border=\"0\" itemprop=\"url\"> <meta itemprop=\"width\" content=\"311\"> <meta itemprop=\"height\" content=\"217\"> <img decoding=\"async\" class=\"\" data-attachment-id=\"44924\" data-orig-file=\"https:\/\/eltrabajo.cl\/portal\/wp-content\/uploads\/2014\/03\/Forense1.jpg\" data-orig-size=\"529,369\" data-comments-opened=\"1\" data-image-meta=\"{&quot;aperture&quot;:&quot;4&quot;,&quot;credit&quot;:&quot;&quot;,&quot;camera&quot;:&quot;Canon EOS REBEL T3i&quot;,&quot;caption&quot;:&quot;&quot;,&quot;created_timestamp&quot;:&quot;1396078478&quot;,&quot;copyright&quot;:&quot;[wopmind]&quot;,&quot;focal_length&quot;:&quot;22&quot;,&quot;iso&quot;:&quot;125&quot;,&quot;shutter_speed&quot;:&quot;0.025&quot;,&quot;title&quot;:&quot;&quot;}\" data-image-title=\"Forense1\" data-image-description=\"&lt;p&gt;A las 03:45 horas de la madrugada de este s\u00e1bado, producto de la gravedad de sus lesiones en el rostro y pese a los esfuerzos m\u00e9dicos, Eduardo Vergara Rojas falleci\u00f3 a los pocos minutos.&lt;\/p&gt; \" data-medium-file=\"https:\/\/i0.wp.com\/eltrabajo.cl\/portal\/wp-content\/uploads\/2014\/03\/Forense1.jpg?fit=300%2C209&#038;ssl=1\" data-large-file=\"https:\/\/i0.wp.com\/eltrabajo.cl\/portal\/wp-content\/uploads\/2014\/03\/Forense1.jpg?fit=529%2C369&#038;ssl=1\" src=\"https:\/\/i0.wp.com\/eltrabajo.cl\/portal\/wp-content\/uploads\/2014\/03\/Forense1.jpg?w=311&#038;h=217&#038;ssl=1\" srcset=\"https:\/\/i0.wp.com\/eltrabajo.cl\/portal\/wp-content\/uploads\/2014\/03\/Forense1.jpg?w=529&amp;ssl=1 529w, https:\/\/i0.wp.com\/eltrabajo.cl\/portal\/wp-content\/uploads\/2014\/03\/Forense1.jpg?resize=200%2C139&amp;ssl=1 200w, https:\/\/i0.wp.com\/eltrabajo.cl\/portal\/wp-content\/uploads\/2014\/03\/Forense1.jpg?resize=300%2C209&amp;ssl=1 300w, https:\/\/i0.wp.com\/eltrabajo.cl\/portal\/wp-content\/uploads\/2014\/03\/Forense1.jpg?resize=150%2C104&amp;ssl=1 150w, https:\/\/i0.wp.com\/eltrabajo.cl\/portal\/wp-content\/uploads\/2014\/03\/Forense1.jpg?resize=400%2C279&amp;ssl=1 400w\" width=\"311\" height=\"217\" loading=\"lazy\" data-original-width=\"311\" data-original-height=\"217\" itemprop=\"http:\/\/schema.org\/image\" title=\"Forense1\" alt=\"A las 03:45 horas de la madrugada de este s\u00e1bado, producto de la gravedad de sus lesiones en el rostro y pese a los esfuerzos m\u00e9dicos, Eduardo Vergara Rojas falleci\u00f3 a los pocos minutos.\" style=\"width: 311px; height: 217px;\" \/> <\/a> <div class=\"tiled-gallery-caption\" itemprop=\"caption description\"> A las 03:45 horas de la madrugada de este s\u00e1bado, producto de la gravedad de sus lesiones en el rostro y pese a los esfuerzos m\u00e9dicos, Eduardo Vergara Rojas falleci\u00f3 a los pocos minutos. <\/div> <\/div> <\/div> <!-- close group --> <\/div> <!-- close row --> <\/div>\n","protected":false},"excerpt":{"rendered":"<p>PUTAENDO.- Un cazador de 41 a\u00f1os, identificado como Eduardo Vergara Rojas, con domicilio en Villa Cordillera de la ciudad de San Felipe, muri\u00f3 tras recibir un impacto de bala de una escopeta&#8230;<\/p>\n","protected":false},"author":482,"featured_media":44921,"comment_status":"open","ping_status":"closed","sticky":false,"template":"","format":"standard","meta":{"advanced_seo_description":"","jetpack_seo_html_title":"","jetpack_seo_noindex":false,"_jetpack_memberships_contains_paid_content":false,"footnotes":""},"categories":[21],"tags":[],"class_list":["post-44920","post","type-post","status-publish","format-standard","has-post-thumbnail","hentry","category-policial"],"jetpack_featured_media_url":"https:\/\/i0.wp.com\/eltrabajo.cl\/portal\/wp-content\/uploads\/2014\/03\/Escopeta2.jpg?fit=529%2C595&ssl=1","jetpack_sharing_enabled":true,"jetpack_likes_enabled":true,"jetpack-related-posts":[],"_links":{"self":[{"href":"https:\/\/eltrabajo.cl\/portal\/wp-json\/wp\/v2\/posts\/44920","targetHints":{"allow":["GET"]}}],"collection":[{"href":"https:\/\/eltrabajo.cl\/portal\/wp-json\/wp\/v2\/posts"}],"about":[{"href":"https:\/\/eltrabajo.cl\/portal\/wp-json\/wp\/v2\/types\/post"}],"author":[{"embeddable":true,"href":"https:\/\/eltrabajo.cl\/portal\/wp-json\/wp\/v2\/users\/482"}],"replies":[{"embeddable":true,"href":"https:\/\/eltrabajo.cl\/portal\/wp-json\/wp\/v2\/comments?post=44920"}],"version-history":[{"count":0,"href":"https:\/\/eltrabajo.cl\/portal\/wp-json\/wp\/v2\/posts\/44920\/revisions"}],"wp:featuredmedia":[{"embeddable":true,"href":"https:\/\/eltrabajo.cl\/portal\/wp-json\/wp\/v2\/media\/44921"}],"wp:attachment":[{"href":"https:\/\/eltrabajo.cl\/portal\/wp-json\/wp\/v2\/media?parent=44920"}],"wp:term":[{"taxonomy":"category","embeddable":true,"href":"https:\/\/eltrabajo.cl\/portal\/wp-json\/wp\/v2\/categories?post=44920"},{"taxonomy":"post_tag","embeddable":true,"href":"https:\/\/eltrabajo.cl\/portal\/wp-json\/wp\/v2\/tags?post=44920"}],"curies":[{"name":"wp","href":"https:\/\/api.w.org\/{rel}","templated":true}]}}