{"id":44940,"date":"2014-04-01T09:34:19","date_gmt":"2014-04-01T12:34:19","guid":{"rendered":"http:\/\/www.eltrabajo.cl\/portal\/?p=44940"},"modified":"2014-04-01T09:34:19","modified_gmt":"2014-04-01T12:34:19","slug":"alumnos-de-escuelas-municipalizadas-participan-de-charla-con-astronauta","status":"publish","type":"post","link":"https:\/\/eltrabajo.cl\/portal\/alumnos-de-escuelas-municipalizadas-participan-de-charla-con-astronauta\/","title":{"rendered":"Alumnos de escuelas municipalizadas participan de charla con astronauta"},"content":{"rendered":"<figure id=\"attachment_44941\" aria-describedby=\"caption-attachment-44941\" style=\"width: 529px\" class=\"wp-caption alignnone\"><a href=\"https:\/\/i0.wp.com\/www.eltrabajo.cl\/portal\/wp-content\/uploads\/2014\/04\/Astronauta1.jpg\"><img data-recalc-dims=\"1\" loading=\"lazy\" decoding=\"async\" class=\"size-full wp-image-44941\" alt=\"LA AVENTURA.- El astronauta All Sacco Jr. Comparti\u00f3 el relato de sus aventuras con un grupo de 22 alumnos de las escuelas municipalizadas de la comuna de Calle Larga.\" src=\"https:\/\/i0.wp.com\/www.eltrabajo.cl\/portal\/wp-content\/uploads\/2014\/04\/Astronauta1.jpg?resize=529%2C358\" width=\"529\" height=\"358\" srcset=\"https:\/\/i0.wp.com\/eltrabajo.cl\/portal\/wp-content\/uploads\/2014\/04\/Astronauta1.jpg?w=529&amp;ssl=1 529w, https:\/\/i0.wp.com\/eltrabajo.cl\/portal\/wp-content\/uploads\/2014\/04\/Astronauta1.jpg?resize=200%2C135&amp;ssl=1 200w, https:\/\/i0.wp.com\/eltrabajo.cl\/portal\/wp-content\/uploads\/2014\/04\/Astronauta1.jpg?resize=300%2C203&amp;ssl=1 300w, https:\/\/i0.wp.com\/eltrabajo.cl\/portal\/wp-content\/uploads\/2014\/04\/Astronauta1.jpg?resize=150%2C101&amp;ssl=1 150w, https:\/\/i0.wp.com\/eltrabajo.cl\/portal\/wp-content\/uploads\/2014\/04\/Astronauta1.jpg?resize=400%2C270&amp;ssl=1 400w\" sizes=\"auto, (max-width: 529px) 100vw, 529px\" \/><\/a><figcaption id=\"caption-attachment-44941\" class=\"wp-caption-text\">LA AVENTURA.- El astronauta All Sacco Jr. Comparti\u00f3 el relato de sus aventuras con un grupo de 22 alumnos de las escuelas municipalizadas de la comuna de Calle Larga.<\/figcaption><\/figure>\n<p><strong>CALLE LARGA<\/strong>.- Pormenores de dos de los viajes realizados al espacio por el astronauta norteamericano All Sacco Jr. fueron conocidos por un grupo de 22 alumnos de las escuelas municipalizadas de la comuna de Calle Larga, quienes asistieron el d\u00eda jueves 27 de marzo al auditorium de la Universidad Cat\u00f3lica de Valpara\u00edso, en una invitaci\u00f3n que realizara el programa Explora a los estudiantes de la regi\u00f3n, siendo la comuna, la \u00fanica de la provincia en participar.<\/p>\n<figure id=\"attachment_44942\" aria-describedby=\"caption-attachment-44942\" style=\"width: 317px\" class=\"wp-caption alignright\"><a href=\"https:\/\/i0.wp.com\/www.eltrabajo.cl\/portal\/wp-content\/uploads\/2014\/04\/Albert-Sacco.jpg\"><img data-recalc-dims=\"1\" loading=\"lazy\" decoding=\"async\" class=\" wp-image-44942 \" alt=\"EL ASTRONAUTA.- Albert Sacco, Jr. (nacido el 03 de mayo 1949) es un ingeniero qu\u00edmico estadounidense que vol\u00f3 como especialista de carga \u00fatil del transbordador espacial Columbia en la Misi\u00f3n STS-73.\" src=\"https:\/\/i0.wp.com\/www.eltrabajo.cl\/portal\/wp-content\/uploads\/2014\/04\/Albert-Sacco.jpg?resize=317%2C338\" width=\"317\" height=\"338\" srcset=\"https:\/\/i0.wp.com\/eltrabajo.cl\/portal\/wp-content\/uploads\/2014\/04\/Albert-Sacco.jpg?w=529&amp;ssl=1 529w, https:\/\/i0.wp.com\/eltrabajo.cl\/portal\/wp-content\/uploads\/2014\/04\/Albert-Sacco.jpg?resize=140%2C150&amp;ssl=1 140w, https:\/\/i0.wp.com\/eltrabajo.cl\/portal\/wp-content\/uploads\/2014\/04\/Albert-Sacco.jpg?resize=281%2C300&amp;ssl=1 281w, https:\/\/i0.wp.com\/eltrabajo.cl\/portal\/wp-content\/uploads\/2014\/04\/Albert-Sacco.jpg?resize=400%2C426&amp;ssl=1 400w\" sizes=\"auto, (max-width: 317px) 100vw, 317px\" \/><\/a><figcaption id=\"caption-attachment-44942\" class=\"wp-caption-text\">EL ASTRONAUTA.- Albert Sacco, Jr. (nacido el 03 de mayo 1949) es un ingeniero qu\u00edmico estadounidense que vol\u00f3 como especialista de carga \u00fatil del transbordador espacial Columbia en la Misi\u00f3n STS-73.<\/figcaption><\/figure>\n<p>La charla tuvo una duraci\u00f3n aproximada de una hora y fue recibida en traducci\u00f3n simult\u00e1nea por los ni\u00f1os quienes se mantuvieron muy atentos a los interesantes alcances realizados por el cient\u00edfico. Entre otros, recomendaciones a los chicos acerca del cuidado del medio ambiente, de la contaminaci\u00f3n lum\u00ednica, del agua, y temas contingentes, como el da\u00f1o que provoca la extracci\u00f3n minera.<\/p>\n<p>Finalizada \u00e9sta los alumnos pudieron realizar algunas preguntas y tomarse fotos de rigor en el patio de la universidad con todos los colegios participantes, adem\u00e1s de dar algunas entrevistas para los medios nacionales que cubrieron el evento.<\/p>\n<p>Los alumnos fueron acompa\u00f1ador por el profesor de la academia de Astronom\u00eda y Director del observatorio, Yerko Chac\u00f3n, profesor de la Escuela Mar\u00eda Isabel de Brown, Edinson Fuenzalida y Mar\u00eda Victoria Sandoval, del Observatorio Pocuro. La actividad se enmarca dentro del Programa de Astronom\u00eda Escolar que sostiene el municipio de la comuna y la Direcci\u00f3n de Educaci\u00f3n.<\/p>\n<p>&nbsp;<\/p>\n","protected":false},"excerpt":{"rendered":"<p>CALLE LARGA.- Pormenores de dos de los viajes realizados al espacio por el astronauta norteamericano All Sacco Jr. fueron conocidos por un grupo de 22 alumnos de las escuelas municipalizadas de la&#8230;<\/p>\n","protected":false},"author":482,"featured_media":44941,"comment_status":"open","ping_status":"closed","sticky":false,"template":"","format":"standard","meta":{"advanced_seo_description":"","jetpack_seo_html_title":"","jetpack_seo_noindex":false,"_jetpack_memberships_contains_paid_content":false,"footnotes":""},"categories":[15],"tags":[],"class_list":["post-44940","post","type-post","status-publish","format-standard","has-post-thumbnail","hentry","category-comunidad"],"jetpack_featured_media_url":"https:\/\/i0.wp.com\/eltrabajo.cl\/portal\/wp-content\/uploads\/2014\/04\/Astronauta1.jpg?fit=529%2C358&ssl=1","jetpack_sharing_enabled":true,"jetpack_likes_enabled":true,"jetpack-related-posts":[],"_links":{"self":[{"href":"https:\/\/eltrabajo.cl\/portal\/wp-json\/wp\/v2\/posts\/44940","targetHints":{"allow":["GET"]}}],"collection":[{"href":"https:\/\/eltrabajo.cl\/portal\/wp-json\/wp\/v2\/posts"}],"about":[{"href":"https:\/\/eltrabajo.cl\/portal\/wp-json\/wp\/v2\/types\/post"}],"author":[{"embeddable":true,"href":"https:\/\/eltrabajo.cl\/portal\/wp-json\/wp\/v2\/users\/482"}],"replies":[{"embeddable":true,"href":"https:\/\/eltrabajo.cl\/portal\/wp-json\/wp\/v2\/comments?post=44940"}],"version-history":[{"count":0,"href":"https:\/\/eltrabajo.cl\/portal\/wp-json\/wp\/v2\/posts\/44940\/revisions"}],"wp:featuredmedia":[{"embeddable":true,"href":"https:\/\/eltrabajo.cl\/portal\/wp-json\/wp\/v2\/media\/44941"}],"wp:attachment":[{"href":"https:\/\/eltrabajo.cl\/portal\/wp-json\/wp\/v2\/media?parent=44940"}],"wp:term":[{"taxonomy":"category","embeddable":true,"href":"https:\/\/eltrabajo.cl\/portal\/wp-json\/wp\/v2\/categories?post=44940"},{"taxonomy":"post_tag","embeddable":true,"href":"https:\/\/eltrabajo.cl\/portal\/wp-json\/wp\/v2\/tags?post=44940"}],"curies":[{"name":"wp","href":"https:\/\/api.w.org\/{rel}","templated":true}]}}