{"id":44948,"date":"2014-04-01T09:36:54","date_gmt":"2014-04-01T12:36:54","guid":{"rendered":"http:\/\/www.eltrabajo.cl\/portal\/?p=44948"},"modified":"2014-04-01T09:36:54","modified_gmt":"2014-04-01T12:36:54","slug":"municipio-cancelo-tercera-cuota-indemnizacion-a-profesores-jubilados","status":"publish","type":"post","link":"https:\/\/eltrabajo.cl\/portal\/municipio-cancelo-tercera-cuota-indemnizacion-a-profesores-jubilados\/","title":{"rendered":"Municipio cancel\u00f3 tercera cuota indemnizaci\u00f3n a profesores jubilados"},"content":{"rendered":"<figure id=\"attachment_44949\" aria-describedby=\"caption-attachment-44949\" style=\"width: 529px\" class=\"wp-caption alignnone\"><a href=\"https:\/\/i0.wp.com\/www.eltrabajo.cl\/portal\/wp-content\/uploads\/2014\/04\/Profesores1.jpg\"><img data-recalc-dims=\"1\" loading=\"lazy\" decoding=\"async\" class=\"size-full wp-image-44949\" alt=\"Este lunes la Municipalidad cancel\u00f3 la tercera cuota por concepto de indemnizaci\u00f3n a 57 profesores jubilados de San Felipe.\" src=\"https:\/\/i0.wp.com\/www.eltrabajo.cl\/portal\/wp-content\/uploads\/2014\/04\/Profesores1.jpg?resize=529%2C314\" width=\"529\" height=\"314\" srcset=\"https:\/\/i0.wp.com\/eltrabajo.cl\/portal\/wp-content\/uploads\/2014\/04\/Profesores1.jpg?w=529&amp;ssl=1 529w, https:\/\/i0.wp.com\/eltrabajo.cl\/portal\/wp-content\/uploads\/2014\/04\/Profesores1.jpg?resize=200%2C118&amp;ssl=1 200w, https:\/\/i0.wp.com\/eltrabajo.cl\/portal\/wp-content\/uploads\/2014\/04\/Profesores1.jpg?resize=300%2C178&amp;ssl=1 300w, https:\/\/i0.wp.com\/eltrabajo.cl\/portal\/wp-content\/uploads\/2014\/04\/Profesores1.jpg?resize=150%2C89&amp;ssl=1 150w, https:\/\/i0.wp.com\/eltrabajo.cl\/portal\/wp-content\/uploads\/2014\/04\/Profesores1.jpg?resize=400%2C237&amp;ssl=1 400w\" sizes=\"auto, (max-width: 529px) 100vw, 529px\" \/><\/a><figcaption id=\"caption-attachment-44949\" class=\"wp-caption-text\">Este lunes la Municipalidad cancel\u00f3 la tercera cuota por concepto de indemnizaci\u00f3n a 57 profesores jubilados de San Felipe.<\/figcaption><\/figure>\n<p>Cumpliendo con el compromiso establecido por el Alcalde Patricio Freire, este lunes la municipalidad cancel\u00f3 la tercera cuota por concepto de indemnizaci\u00f3n a 57 profesores jubilados de San Felipe. La entrega del cheque se realiz\u00f3 este lunes en una de las notarias de la comuna, luego de un largo proceso pendiente con la Municipalidad de San Felipe.<\/p>\n<p>\u201cLos profesores est\u00e1n muy contentos, estaban esperanzados que llegara luego el dinero, ten\u00edamos comprometidos estos pagos hace mucho tiempo atr\u00e1s, y felices que se cumpla con esta obligaci\u00f3n y por la forma como este municipio en particular ha llevado el proceso\u201d, dijo Eduardo Herrera, abogado que representa a 56 de los docentes.<\/p>\n<p>Seg\u00fan explic\u00f3 el Alcalde Freire, el acuerdo contemplaba el pago en cuatro cuotas, correspondiendo la \u00faltima ser pagada en octubre de este a\u00f1o.<\/p>\n<p>\u201cAs\u00ed estamos cumpliendo con la educaci\u00f3n municipal y con la deuda que exist\u00eda con los profesores\u201d, sostuvo el jefe comunal, quien record\u00f3 que la semana reci\u00e9n pasada el municipio tambi\u00e9n cancel\u00f3 la tercera cuota del Bono SAE, quedando tambi\u00e9n una sola cuota para culminar la cancelaci\u00f3n a ese grupo de docentes.<\/p>\n<p>&nbsp;<\/p>\n","protected":false},"excerpt":{"rendered":"<p>Cumpliendo con el compromiso establecido por el Alcalde Patricio Freire, este lunes la municipalidad cancel\u00f3 la tercera cuota por concepto de indemnizaci\u00f3n a 57 profesores jubilados de San Felipe. La entrega del&#8230;<\/p>\n","protected":false},"author":482,"featured_media":44949,"comment_status":"open","ping_status":"closed","sticky":false,"template":"","format":"standard","meta":{"advanced_seo_description":"","jetpack_seo_html_title":"","jetpack_seo_noindex":false,"_jetpack_memberships_contains_paid_content":false,"footnotes":""},"categories":[1],"tags":[],"class_list":["post-44948","post","type-post","status-publish","format-standard","has-post-thumbnail","hentry","category-cronica"],"jetpack_featured_media_url":"https:\/\/i0.wp.com\/eltrabajo.cl\/portal\/wp-content\/uploads\/2014\/04\/Profesores1.jpg?fit=529%2C314&ssl=1","jetpack_sharing_enabled":true,"jetpack_likes_enabled":true,"jetpack-related-posts":[],"_links":{"self":[{"href":"https:\/\/eltrabajo.cl\/portal\/wp-json\/wp\/v2\/posts\/44948","targetHints":{"allow":["GET"]}}],"collection":[{"href":"https:\/\/eltrabajo.cl\/portal\/wp-json\/wp\/v2\/posts"}],"about":[{"href":"https:\/\/eltrabajo.cl\/portal\/wp-json\/wp\/v2\/types\/post"}],"author":[{"embeddable":true,"href":"https:\/\/eltrabajo.cl\/portal\/wp-json\/wp\/v2\/users\/482"}],"replies":[{"embeddable":true,"href":"https:\/\/eltrabajo.cl\/portal\/wp-json\/wp\/v2\/comments?post=44948"}],"version-history":[{"count":0,"href":"https:\/\/eltrabajo.cl\/portal\/wp-json\/wp\/v2\/posts\/44948\/revisions"}],"wp:featuredmedia":[{"embeddable":true,"href":"https:\/\/eltrabajo.cl\/portal\/wp-json\/wp\/v2\/media\/44949"}],"wp:attachment":[{"href":"https:\/\/eltrabajo.cl\/portal\/wp-json\/wp\/v2\/media?parent=44948"}],"wp:term":[{"taxonomy":"category","embeddable":true,"href":"https:\/\/eltrabajo.cl\/portal\/wp-json\/wp\/v2\/categories?post=44948"},{"taxonomy":"post_tag","embeddable":true,"href":"https:\/\/eltrabajo.cl\/portal\/wp-json\/wp\/v2\/tags?post=44948"}],"curies":[{"name":"wp","href":"https:\/\/api.w.org\/{rel}","templated":true}]}}