{"id":44962,"date":"2014-04-01T09:47:09","date_gmt":"2014-04-01T12:47:09","guid":{"rendered":"http:\/\/www.eltrabajo.cl\/portal\/?p=44962"},"modified":"2014-04-01T09:47:09","modified_gmt":"2014-04-01T12:47:09","slug":"municipio-a-tu-servicio-en-villa-250-anos-ayuda-a-vecinos-en-tramites-y-consultas","status":"publish","type":"post","link":"https:\/\/eltrabajo.cl\/portal\/municipio-a-tu-servicio-en-villa-250-anos-ayuda-a-vecinos-en-tramites-y-consultas\/","title":{"rendered":"\u2018Municipio a tu servicio\u2019 en Villa 250 A\u00f1os ayuda a vecinos en tr\u00e1mites y consultas"},"content":{"rendered":"<figure id=\"attachment_44963\" aria-describedby=\"caption-attachment-44963\" style=\"width: 529px\" class=\"wp-caption alignnone\"><a href=\"https:\/\/i0.wp.com\/www.eltrabajo.cl\/portal\/wp-content\/uploads\/2014\/04\/Servicio1.jpg\"><img data-recalc-dims=\"1\" loading=\"lazy\" decoding=\"async\" class=\"size-full wp-image-44963\" alt=\"El Alcalde Freire y los profesionales se trasladaron en horas de la ma\u00f1ana y en la sede social comenzaron a atender a los vecinos.\" src=\"https:\/\/i0.wp.com\/www.eltrabajo.cl\/portal\/wp-content\/uploads\/2014\/04\/Servicio1.jpg?resize=529%2C441\" width=\"529\" height=\"441\" srcset=\"https:\/\/i0.wp.com\/eltrabajo.cl\/portal\/wp-content\/uploads\/2014\/04\/Servicio1.jpg?w=529&amp;ssl=1 529w, https:\/\/i0.wp.com\/eltrabajo.cl\/portal\/wp-content\/uploads\/2014\/04\/Servicio1.jpg?resize=179%2C150&amp;ssl=1 179w, https:\/\/i0.wp.com\/eltrabajo.cl\/portal\/wp-content\/uploads\/2014\/04\/Servicio1.jpg?resize=300%2C250&amp;ssl=1 300w, https:\/\/i0.wp.com\/eltrabajo.cl\/portal\/wp-content\/uploads\/2014\/04\/Servicio1.jpg?resize=150%2C125&amp;ssl=1 150w, https:\/\/i0.wp.com\/eltrabajo.cl\/portal\/wp-content\/uploads\/2014\/04\/Servicio1.jpg?resize=400%2C333&amp;ssl=1 400w\" sizes=\"auto, (max-width: 529px) 100vw, 529px\" \/><\/a><figcaption id=\"caption-attachment-44963\" class=\"wp-caption-text\">El Alcalde Freire y los profesionales se trasladaron en horas de la ma\u00f1ana y en la sede social comenzaron a atender a los vecinos.<\/figcaption><\/figure>\n<p>Hasta el sector de Villa 250 A\u00f1os se trasladaron este lunes 31 de marzo los distintos departamentos de la Municipalidad de San Felipe, donde se realiz\u00f3 un nuevo \u2018Municipio a tu servicio\u2019, una iniciativa que busca acercar la municipalidad a los vecinos y que esta oportunidad destac\u00f3 por la masiva presencia de quienes residen en este sector. Los profesionales se trasladaron en horas de la ma\u00f1ana y en la sede social comenzaron a atender a los vecinos, que realizaron distintas consultas. Cerca del mediod\u00eda se traslad\u00f3 hasta ese lugar el Alcalde Patricio Freire, quien comparti\u00f3 con los vecinos y pudo contestar sus preguntas.<\/p>\n<figure id=\"attachment_44964\" aria-describedby=\"caption-attachment-44964\" style=\"width: 422px\" class=\"wp-caption alignright\"><a href=\"https:\/\/i0.wp.com\/www.eltrabajo.cl\/portal\/wp-content\/uploads\/2014\/04\/Servicio2.jpg\"><img data-recalc-dims=\"1\" loading=\"lazy\" decoding=\"async\" class=\" wp-image-44964 \" alt=\"Los vecinos calificaron como muy positiva la actividad, que tuvo como caracter\u00edstica la alta asistencia de los vecinos a distintas horas de la ma\u00f1ana.\" src=\"https:\/\/i0.wp.com\/www.eltrabajo.cl\/portal\/wp-content\/uploads\/2014\/04\/Servicio2.jpg?resize=422%2C278\" width=\"422\" height=\"278\" srcset=\"https:\/\/i0.wp.com\/eltrabajo.cl\/portal\/wp-content\/uploads\/2014\/04\/Servicio2.jpg?w=528&amp;ssl=1 528w, https:\/\/i0.wp.com\/eltrabajo.cl\/portal\/wp-content\/uploads\/2014\/04\/Servicio2.jpg?resize=200%2C131&amp;ssl=1 200w, https:\/\/i0.wp.com\/eltrabajo.cl\/portal\/wp-content\/uploads\/2014\/04\/Servicio2.jpg?resize=300%2C197&amp;ssl=1 300w, https:\/\/i0.wp.com\/eltrabajo.cl\/portal\/wp-content\/uploads\/2014\/04\/Servicio2.jpg?resize=150%2C98&amp;ssl=1 150w, https:\/\/i0.wp.com\/eltrabajo.cl\/portal\/wp-content\/uploads\/2014\/04\/Servicio2.jpg?resize=400%2C263&amp;ssl=1 400w\" sizes=\"auto, (max-width: 422px) 100vw, 422px\" \/><\/a><figcaption id=\"caption-attachment-44964\" class=\"wp-caption-text\">Los vecinos calificaron como muy positiva la actividad, que tuvo como caracter\u00edstica la alta asistencia de los vecinos a distintas horas de la ma\u00f1ana.<\/figcaption><\/figure>\n<p>\u201cFue una promesa estar siempre al lado de los vecinos, por eso ahora estamos presentes en Villa 250 A\u00f1os. Estamos viendo distintos temas deporte; ficha social; se est\u00e1 haciendo podolog\u00eda; se est\u00e1 vacunando; estamos presentes como municipio apoyando a los vecinos de este sector\u201d, dijo el Alcalde Patricio Freire.<\/p>\n<p>El Director de Desarrollo Comunitario, Pablo Silva, destac\u00f3 la importante cantidad de vecinos que fueron parte de la iniciativa, quienes se acercaron durante toda la ma\u00f1ana a la sede social.<\/p>\n<p>\u201cHa sido una masiva convocatoria, los vecinos han consultado mucho sobre Ficha de protecci\u00f3n Social y sobre otras instancias m\u00e1s y asesor\u00eda jur\u00eddica que tenemos de la Dideco. Esta es una asesor\u00eda donde hay tr\u00e1mites que se pueden hacer directamente y los otros tr\u00e1mites lo pueden hacer en el municipio, pero con una asesor\u00eda directa, entonces los vecinos est\u00e1n muy contentos de esta posibilidad que ha dado el Alcalde Patricio Freire de que el municipio se instale en los barrios para todos los vecinos que no pueden ir al municipio\u201d, dijo Silva.<\/p>\n<p>Los vecinos calificaron como muy positiva la actividad, que tuvo como caracter\u00edstica la alta asistencia de los vecinos a distintas horas de la ma\u00f1ana, realizando diferentes consultas a los profesionales. \u201cHa llegado harta gente a ver la ficha social, el pod\u00f3logo, a la asistentes sociales, han llegado muchas consultas de los vecinos\u201d, dijo la dirigente Pamela Palma.<\/p>\n<p>La presencia de los profesionales en este sector benefici\u00f3 a una importante cantidad de vecinos, ya que en el lugar se ubican las villas 250 A\u00f1os, Industrial, Renacer y Sol Naciente. \u201cHan llegado de todos los sectores, porque aqu\u00ed no se margina a nadie, somos todos iguales y no hemos tenido dificultades en ese sentido\u201d, manifest\u00f3 la dirigente.<\/p>\n<p>En tanto, la Dideco ya tiene planificadas otras cinco salidas a terreno con este programa, en distintos sectores de la comuna, repitiendo lo que ya se hizo el a\u00f1o pasado en los sectores de El Asiento y Curim\u00f3n.<\/p>\n<p>&nbsp;<\/p>\n","protected":false},"excerpt":{"rendered":"<p>Hasta el sector de Villa 250 A\u00f1os se trasladaron este lunes 31 de marzo los distintos departamentos de la Municipalidad de San Felipe, donde se realiz\u00f3 un nuevo \u2018Municipio a tu servicio\u2019,&#8230;<\/p>\n","protected":false},"author":482,"featured_media":44963,"comment_status":"open","ping_status":"closed","sticky":false,"template":"","format":"standard","meta":{"advanced_seo_description":"","jetpack_seo_html_title":"","jetpack_seo_noindex":false,"_jetpack_memberships_contains_paid_content":false,"footnotes":""},"categories":[15],"tags":[],"class_list":["post-44962","post","type-post","status-publish","format-standard","has-post-thumbnail","hentry","category-comunidad"],"jetpack_featured_media_url":"https:\/\/i0.wp.com\/eltrabajo.cl\/portal\/wp-content\/uploads\/2014\/04\/Servicio1.jpg?fit=529%2C441&ssl=1","jetpack_sharing_enabled":true,"jetpack_likes_enabled":true,"jetpack-related-posts":[],"_links":{"self":[{"href":"https:\/\/eltrabajo.cl\/portal\/wp-json\/wp\/v2\/posts\/44962","targetHints":{"allow":["GET"]}}],"collection":[{"href":"https:\/\/eltrabajo.cl\/portal\/wp-json\/wp\/v2\/posts"}],"about":[{"href":"https:\/\/eltrabajo.cl\/portal\/wp-json\/wp\/v2\/types\/post"}],"author":[{"embeddable":true,"href":"https:\/\/eltrabajo.cl\/portal\/wp-json\/wp\/v2\/users\/482"}],"replies":[{"embeddable":true,"href":"https:\/\/eltrabajo.cl\/portal\/wp-json\/wp\/v2\/comments?post=44962"}],"version-history":[{"count":0,"href":"https:\/\/eltrabajo.cl\/portal\/wp-json\/wp\/v2\/posts\/44962\/revisions"}],"wp:featuredmedia":[{"embeddable":true,"href":"https:\/\/eltrabajo.cl\/portal\/wp-json\/wp\/v2\/media\/44963"}],"wp:attachment":[{"href":"https:\/\/eltrabajo.cl\/portal\/wp-json\/wp\/v2\/media?parent=44962"}],"wp:term":[{"taxonomy":"category","embeddable":true,"href":"https:\/\/eltrabajo.cl\/portal\/wp-json\/wp\/v2\/categories?post=44962"},{"taxonomy":"post_tag","embeddable":true,"href":"https:\/\/eltrabajo.cl\/portal\/wp-json\/wp\/v2\/tags?post=44962"}],"curies":[{"name":"wp","href":"https:\/\/api.w.org\/{rel}","templated":true}]}}