{"id":44967,"date":"2014-04-01T09:49:01","date_gmt":"2014-04-01T12:49:01","guid":{"rendered":"http:\/\/www.eltrabajo.cl\/portal\/?p=44967"},"modified":"2014-04-01T09:49:01","modified_gmt":"2014-04-01T12:49:01","slug":"madre-pide-transporte-para-que-su-hijo-con-discapacidad-pueda-ir-al-colegio","status":"publish","type":"post","link":"https:\/\/eltrabajo.cl\/portal\/madre-pide-transporte-para-que-su-hijo-con-discapacidad-pueda-ir-al-colegio\/","title":{"rendered":"Madre pide transporte para que su hijo con discapacidad pueda ir al colegio"},"content":{"rendered":"<figure id=\"attachment_44968\" aria-describedby=\"caption-attachment-44968\" style=\"width: 423px\" class=\"wp-caption alignleft\"><a href=\"https:\/\/i0.wp.com\/www.eltrabajo.cl\/portal\/wp-content\/uploads\/2014\/04\/pamela-avila-y-victor-ni%C3%B1o-con-discapacidad-2.jpg\"><img data-recalc-dims=\"1\" loading=\"lazy\" decoding=\"async\" class=\" wp-image-44968 \" alt=\"ALERTA.- Pamela \u00c1vila tiene a su hijo V\u00edctor, quien camin\u00f3 sin problemas hasta los siete a\u00f1os. De pronto una distrofia muscular le arrebat\u00f3 la posibilidad de caminar. \" src=\"https:\/\/i0.wp.com\/www.eltrabajo.cl\/portal\/wp-content\/uploads\/2014\/04\/pamela-avila-y-victor-ni%C3%B1o-con-discapacidad-2.jpg?resize=423%2C506\" width=\"423\" height=\"506\" srcset=\"https:\/\/i0.wp.com\/eltrabajo.cl\/portal\/wp-content\/uploads\/2014\/04\/pamela-avila-y-victor-ni%C3%B1o-con-discapacidad-2.jpg?w=529&amp;ssl=1 529w, https:\/\/i0.wp.com\/eltrabajo.cl\/portal\/wp-content\/uploads\/2014\/04\/pamela-avila-y-victor-ni%C3%B1o-con-discapacidad-2.jpg?resize=125%2C150&amp;ssl=1 125w, https:\/\/i0.wp.com\/eltrabajo.cl\/portal\/wp-content\/uploads\/2014\/04\/pamela-avila-y-victor-ni%C3%B1o-con-discapacidad-2.jpg?resize=251%2C300&amp;ssl=1 251w, https:\/\/i0.wp.com\/eltrabajo.cl\/portal\/wp-content\/uploads\/2014\/04\/pamela-avila-y-victor-ni%C3%B1o-con-discapacidad-2.jpg?resize=400%2C477&amp;ssl=1 400w\" sizes=\"auto, (max-width: 423px) 100vw, 423px\" \/><\/a><figcaption id=\"caption-attachment-44968\" class=\"wp-caption-text\">ALERTA.- Pamela \u00c1vila tiene a su hijo V\u00edctor, quien camin\u00f3 sin problemas hasta los siete a\u00f1os. De pronto una distrofia muscular le arrebat\u00f3 la posibilidad de caminar.<\/figcaption><\/figure>\n<p>Un dram\u00e1tico llamado realiz\u00f3 una madre sanfelipe\u00f1a, quien est\u00e1 pidiendo que le ayuden a trasladar a su hijo al colegio, ya que a\u00fan no puede iniciar su a\u00f1o escolar por no contar con transporte. Se trata de un menor con capacidad f\u00edsica limitada y dependiente de una silla de ruedas.<\/p>\n<p><strong>CHOFERES\u00a0LO RECHAZAN<\/strong><\/p>\n<p>La madre, Pamela \u00c1vila, se\u00f1al\u00f3 a Diario El Trabajo que su hijo V\u00edctor G\u00f3mez \u00c1vila asist\u00eda a clases normalmente hasta el a\u00f1o pasado, cuando pagaba un transporte escolar. Pero desde este a\u00f1o no puede enviarlo al colegio, pues \u201cest\u00e1 m\u00e1s grande y ya no lo quieren llevar porque es una molestia para los choferes que tienen que sacarlo de su silla de ruedas y tomarlo en brazos para subirlo o bajarlo\u201d.<\/p>\n<p>La desesperada mam\u00e1 admiti\u00f3 que se pusieron en contacto con la Daem de San Felipe a trav\u00e9s del Concejal Ricardo Covarrubias, pero a\u00fan no reciben una respuesta y el ni\u00f1o ya cumpli\u00f3 un mes sin asistir a clases. El peque\u00f1o V\u00edctor tiene doce a\u00f1os y padece de una distrofia muscular progresiva. Estudia en el Colegio Buen Pastor y en la Direcci\u00f3n del establecimiento est\u00e1n al tanto de este caso, pero seg\u00fan la madre del menor, \u201ctodav\u00eda no le responden a la directora, pues ella hizo algunas gestiones\u201d.<\/p>\n<p>La mam\u00e1 cuenta que su hijo se mantiene en casa, jugando Play Station o viendo televisi\u00f3n, \u201cpero no hay como estar en el colegio, donde \u00e9l le gusta ir. Que est\u00e9 con sus compa\u00f1eros, haciendo cosas normales como todos los dem\u00e1s ni\u00f1os\u201d. En tanto el peque\u00f1o ni\u00f1o s\u00f3lo pide \u201cque me manden un furg\u00f3n para poder ir a la escuela\u201d.<\/p>\n<p><strong>OTROS CASOS<\/strong><\/p>\n<p>Por su parte la hermana de Pamela, Jeannette \u00c1vila, nos cuenta de otro sobrino que es primo de V\u00edctor y que est\u00e1 en las mismas condiciones. \u201c\u00c9l tiene nueve a\u00f1itos, estudia en el mismo colegio y tiene las mismas dificultades. Yo hago un llamado a las autoridades para que se pongan las pilas con los ni\u00f1os discapacitados de ac\u00e1. Ellos tienen los mismos derechos que todos los ni\u00f1os, derecho a ir al colegio a ser educados y compartir en la escuela\u201d.<\/p>\n<p>La mujer tambi\u00e9n hace un llamado a la direcci\u00f3n del Colegio Buen Pastor para pedirle \u201cque ponga atenci\u00f3n a los alumnos de su colegio que tienen esta dificultad\u201d.<\/p>\n<p>&nbsp;<\/p>\n","protected":false},"excerpt":{"rendered":"<p>Un dram\u00e1tico llamado realiz\u00f3 una madre sanfelipe\u00f1a, quien est\u00e1 pidiendo que le ayuden a trasladar a su hijo al colegio, ya que a\u00fan no puede iniciar su a\u00f1o escolar por no contar&#8230;<\/p>\n","protected":false},"author":482,"featured_media":44968,"comment_status":"open","ping_status":"closed","sticky":false,"template":"","format":"standard","meta":{"advanced_seo_description":"","jetpack_seo_html_title":"","jetpack_seo_noindex":false,"_jetpack_memberships_contains_paid_content":false,"footnotes":""},"categories":[15],"tags":[],"class_list":["post-44967","post","type-post","status-publish","format-standard","has-post-thumbnail","hentry","category-comunidad"],"jetpack_featured_media_url":"https:\/\/i0.wp.com\/eltrabajo.cl\/portal\/wp-content\/uploads\/2014\/04\/pamela-avila-y-victor-ni%C3%B1o-con-discapacidad-2.jpg?fit=529%2C632&ssl=1","jetpack_sharing_enabled":true,"jetpack_likes_enabled":true,"jetpack-related-posts":[],"_links":{"self":[{"href":"https:\/\/eltrabajo.cl\/portal\/wp-json\/wp\/v2\/posts\/44967","targetHints":{"allow":["GET"]}}],"collection":[{"href":"https:\/\/eltrabajo.cl\/portal\/wp-json\/wp\/v2\/posts"}],"about":[{"href":"https:\/\/eltrabajo.cl\/portal\/wp-json\/wp\/v2\/types\/post"}],"author":[{"embeddable":true,"href":"https:\/\/eltrabajo.cl\/portal\/wp-json\/wp\/v2\/users\/482"}],"replies":[{"embeddable":true,"href":"https:\/\/eltrabajo.cl\/portal\/wp-json\/wp\/v2\/comments?post=44967"}],"version-history":[{"count":0,"href":"https:\/\/eltrabajo.cl\/portal\/wp-json\/wp\/v2\/posts\/44967\/revisions"}],"wp:featuredmedia":[{"embeddable":true,"href":"https:\/\/eltrabajo.cl\/portal\/wp-json\/wp\/v2\/media\/44968"}],"wp:attachment":[{"href":"https:\/\/eltrabajo.cl\/portal\/wp-json\/wp\/v2\/media?parent=44967"}],"wp:term":[{"taxonomy":"category","embeddable":true,"href":"https:\/\/eltrabajo.cl\/portal\/wp-json\/wp\/v2\/categories?post=44967"},{"taxonomy":"post_tag","embeddable":true,"href":"https:\/\/eltrabajo.cl\/portal\/wp-json\/wp\/v2\/tags?post=44967"}],"curies":[{"name":"wp","href":"https:\/\/api.w.org\/{rel}","templated":true}]}}