{"id":44972,"date":"2014-04-01T09:50:38","date_gmt":"2014-04-01T12:50:38","guid":{"rendered":"http:\/\/www.eltrabajo.cl\/portal\/?p=44972"},"modified":"2014-04-01T09:50:38","modified_gmt":"2014-04-01T12:50:38","slug":"dueno-de-joyeria-se-empeloto-tras-sufrir-diez-robos-a-su-negocio","status":"publish","type":"post","link":"https:\/\/eltrabajo.cl\/portal\/dueno-de-joyeria-se-empeloto-tras-sufrir-diez-robos-a-su-negocio\/","title":{"rendered":"Due\u00f1o de joyer\u00eda se \u2018empelot\u00f3\u2019 tras sufrir diez robos a su negocio"},"content":{"rendered":"<figure id=\"attachment_44973\" aria-describedby=\"caption-attachment-44973\" style=\"width: 529px\" class=\"wp-caption alignnone\"><a href=\"https:\/\/i0.wp.com\/www.eltrabajo.cl\/portal\/wp-content\/uploads\/2014\/04\/Salinas1.jpg\"><img data-recalc-dims=\"1\" loading=\"lazy\" decoding=\"async\" class=\"size-full wp-image-44973\" alt=\"D\u00cdA DE FURIA.- Don Luis Salinas tuvo su propia \u2018ma\u00f1ana de furia\u2019, dejando al descubierto la preocupaci\u00f3n de los comerciantes por lo que \u00e9l mismo llama \u2018una absoluta indefensi\u00f3n frente a la delincuencia\u2019.\" src=\"https:\/\/i0.wp.com\/www.eltrabajo.cl\/portal\/wp-content\/uploads\/2014\/04\/Salinas1.jpg?resize=529%2C401\" width=\"529\" height=\"401\" srcset=\"https:\/\/i0.wp.com\/eltrabajo.cl\/portal\/wp-content\/uploads\/2014\/04\/Salinas1.jpg?w=529&amp;ssl=1 529w, https:\/\/i0.wp.com\/eltrabajo.cl\/portal\/wp-content\/uploads\/2014\/04\/Salinas1.jpg?resize=197%2C150&amp;ssl=1 197w, https:\/\/i0.wp.com\/eltrabajo.cl\/portal\/wp-content\/uploads\/2014\/04\/Salinas1.jpg?resize=300%2C227&amp;ssl=1 300w, https:\/\/i0.wp.com\/eltrabajo.cl\/portal\/wp-content\/uploads\/2014\/04\/Salinas1.jpg?resize=150%2C113&amp;ssl=1 150w, https:\/\/i0.wp.com\/eltrabajo.cl\/portal\/wp-content\/uploads\/2014\/04\/Salinas1.jpg?resize=400%2C303&amp;ssl=1 400w\" sizes=\"auto, (max-width: 529px) 100vw, 529px\" \/><\/a><figcaption id=\"caption-attachment-44973\" class=\"wp-caption-text\">D\u00cdA DE FURIA.- Don Luis Salinas tuvo su propia \u2018ma\u00f1ana de furia\u2019, dejando al descubierto la preocupaci\u00f3n de los comerciantes por lo que \u00e9l mismo llama \u2018una absoluta indefensi\u00f3n frente a la delincuencia\u2019.<\/figcaption><\/figure>\n<p>Aburrido de los robos a su local, Luis Salinas Lobos, propietario de Joyer\u00eda Acron, se enfrent\u00f3 a Carabineros pero s\u00f3lo con un cartel que manten\u00eda la leyenda: \u201810 Veces Robado. As\u00ed he quedado\u2019. Y as\u00ed sali\u00f3 a la calle, sin ropa exterior y contando s\u00f3lo de sus consigna.<\/p>\n<p>Tal como informara Diario El Trabajo en la edici\u00f3n de ayer, Don Luis Salinas sufri\u00f3 un sexto robo en su joyer\u00eda ubicada en Calle Prat de la ciudad de San Felipe, y con ello termin\u00f3 por explotar en un arrebato ciudadano. Se sac\u00f3 la ropa, tom\u00f3 su cartel y se par\u00f3 frente a su negocio deteniendo el tr\u00e1nsito por algunos minutos.<\/p>\n<p><strong>DESESPERADO<\/strong><\/p>\n<p>La gente no daba mucho cr\u00e9dito de lo que ve\u00eda, tampoco los pasajeros de una micro de recorrido interurbano, mucho menos sus vecinos de otros locales. Lo cierto es que si Don Luis quer\u00eda llamar la atenci\u00f3n, lo consigui\u00f3 absolutamente.<\/p>\n<p>No pas\u00f3 mucho para que llegara Carabineros e intentara persuadirlo de que volviera a su local, cosa que finalmente hizo, pero no sin antes reclamarle a los uniformados por la seguridad en el centro. Insisti\u00f3 en su molestia por la existencia de c\u00e1maras de vigilancia justo al frente de su puerta en la propiedad de Movistar y que seg\u00fan \u00e9l, Carabineros le encomend\u00f3 a \u00e9l mismo hacer las gestiones para conseguirlo con una solicitud al Ministerio P\u00fablico.<\/p>\n<p>As\u00ed, Don Luis Salinas tuvo su propia \u2018ma\u00f1ana de furia\u2019, dejando al descubierto la preocupaci\u00f3n de los comerciantes por lo que el mismo llama \u201cuna absoluta indefensi\u00f3n frente a la delincuencia\u201d.<\/p>\n<p>Llama la atenci\u00f3n en este caso, que teniendo los recursos y la autoridad suficiente para perseguir por los medios posibles las evidencias que permitan identificar a los hampones, en Carabineros, seg\u00fan relata el comerciante, le deleguen a la misma v\u00edctima la labor de investigar a los delincuentes, siendo que dif\u00edcilmente Movistar entregar\u00e1 informaci\u00f3n.<\/p>\n<p>&nbsp;<\/p>\n","protected":false},"excerpt":{"rendered":"<p>Aburrido de los robos a su local, Luis Salinas Lobos, propietario de Joyer\u00eda Acron, se enfrent\u00f3 a Carabineros pero s\u00f3lo con un cartel que manten\u00eda la leyenda: \u201810 Veces Robado. As\u00ed he&#8230;<\/p>\n","protected":false},"author":482,"featured_media":44973,"comment_status":"open","ping_status":"closed","sticky":false,"template":"","format":"standard","meta":{"advanced_seo_description":"","jetpack_seo_html_title":"","jetpack_seo_noindex":false,"_jetpack_memberships_contains_paid_content":false,"footnotes":""},"categories":[15],"tags":[],"class_list":["post-44972","post","type-post","status-publish","format-standard","has-post-thumbnail","hentry","category-comunidad"],"jetpack_featured_media_url":"https:\/\/i0.wp.com\/eltrabajo.cl\/portal\/wp-content\/uploads\/2014\/04\/Salinas1.jpg?fit=529%2C401&ssl=1","jetpack_sharing_enabled":true,"jetpack_likes_enabled":true,"jetpack-related-posts":[],"_links":{"self":[{"href":"https:\/\/eltrabajo.cl\/portal\/wp-json\/wp\/v2\/posts\/44972","targetHints":{"allow":["GET"]}}],"collection":[{"href":"https:\/\/eltrabajo.cl\/portal\/wp-json\/wp\/v2\/posts"}],"about":[{"href":"https:\/\/eltrabajo.cl\/portal\/wp-json\/wp\/v2\/types\/post"}],"author":[{"embeddable":true,"href":"https:\/\/eltrabajo.cl\/portal\/wp-json\/wp\/v2\/users\/482"}],"replies":[{"embeddable":true,"href":"https:\/\/eltrabajo.cl\/portal\/wp-json\/wp\/v2\/comments?post=44972"}],"version-history":[{"count":0,"href":"https:\/\/eltrabajo.cl\/portal\/wp-json\/wp\/v2\/posts\/44972\/revisions"}],"wp:featuredmedia":[{"embeddable":true,"href":"https:\/\/eltrabajo.cl\/portal\/wp-json\/wp\/v2\/media\/44973"}],"wp:attachment":[{"href":"https:\/\/eltrabajo.cl\/portal\/wp-json\/wp\/v2\/media?parent=44972"}],"wp:term":[{"taxonomy":"category","embeddable":true,"href":"https:\/\/eltrabajo.cl\/portal\/wp-json\/wp\/v2\/categories?post=44972"},{"taxonomy":"post_tag","embeddable":true,"href":"https:\/\/eltrabajo.cl\/portal\/wp-json\/wp\/v2\/tags?post=44972"}],"curies":[{"name":"wp","href":"https:\/\/api.w.org\/{rel}","templated":true}]}}