{"id":44976,"date":"2014-04-01T09:54:54","date_gmt":"2014-04-01T12:54:54","guid":{"rendered":"http:\/\/www.eltrabajo.cl\/portal\/?p=44976"},"modified":"2014-04-01T09:54:54","modified_gmt":"2014-04-01T12:54:54","slug":"delincuentes-toman-rehenes-y-asaltan-local-comercial-en-piguchen","status":"publish","type":"post","link":"https:\/\/eltrabajo.cl\/portal\/delincuentes-toman-rehenes-y-asaltan-local-comercial-en-piguchen\/","title":{"rendered":"Delincuentes toman rehenes y asaltan local comercial en Piguch\u00e9n"},"content":{"rendered":"<figure id=\"attachment_44977\" aria-describedby=\"caption-attachment-44977\" style=\"width: 529px\" class=\"wp-caption alignnone\"><a href=\"https:\/\/i0.wp.com\/www.eltrabajo.cl\/portal\/wp-content\/uploads\/2014\/04\/Recuperado1.jpg\"><img data-recalc-dims=\"1\" loading=\"lazy\" decoding=\"async\" class=\"size-full wp-image-44977\" alt=\"AUTO RECUPERADO.- Los delincuentes impactaron este auto en un poste mientras hu\u00edan, a excepci\u00f3n del menor de edad quien producto del susto, permaneci\u00f3 en el m\u00f3vil.\" src=\"https:\/\/i0.wp.com\/www.eltrabajo.cl\/portal\/wp-content\/uploads\/2014\/04\/Recuperado1.jpg?resize=529%2C471\" width=\"529\" height=\"471\" srcset=\"https:\/\/i0.wp.com\/eltrabajo.cl\/portal\/wp-content\/uploads\/2014\/04\/Recuperado1.jpg?w=529&amp;ssl=1 529w, https:\/\/i0.wp.com\/eltrabajo.cl\/portal\/wp-content\/uploads\/2014\/04\/Recuperado1.jpg?resize=168%2C150&amp;ssl=1 168w, https:\/\/i0.wp.com\/eltrabajo.cl\/portal\/wp-content\/uploads\/2014\/04\/Recuperado1.jpg?resize=300%2C267&amp;ssl=1 300w, https:\/\/i0.wp.com\/eltrabajo.cl\/portal\/wp-content\/uploads\/2014\/04\/Recuperado1.jpg?resize=150%2C133&amp;ssl=1 150w, https:\/\/i0.wp.com\/eltrabajo.cl\/portal\/wp-content\/uploads\/2014\/04\/Recuperado1.jpg?resize=400%2C356&amp;ssl=1 400w\" sizes=\"auto, (max-width: 529px) 100vw, 529px\" \/><\/a><figcaption id=\"caption-attachment-44977\" class=\"wp-caption-text\">AUTO RECUPERADO.- Los delincuentes impactaron este auto en un poste mientras hu\u00edan, a excepci\u00f3n del menor de edad quien producto del susto, permaneci\u00f3 en el m\u00f3vil.<\/figcaption><\/figure>\n<p><strong>PUTAENDO<\/strong>.- Un grupo de cuatro sujetos, entre ellos un menor de doce a\u00f1os de edad, perpetr\u00f3 un violento asalto y robo en la localidad de Piguch\u00e9n, donde incluso tomaron rehenes, huyendo hacia la ciudad de Santiago y en el trayecto fueron alcanzados por Carabineros de Putaendo, que cont\u00f3 con el apoyo de otras unidades de la comuna de Rinconada y Los Andes.<\/p>\n<p><strong>EL SECUESTRO<\/strong><\/p>\n<p>Los hechos se a registraron pasadas las 10:30 horas de la ma\u00f1ana de este lunes, cuando los individuos a bordo de un Chevrolet color gris, patente FZ-JY-42 llegaron hasta Piguch\u00e9n e ingresaron a viva fuerza hasta una vivienda donde estaba una mujer y su peque\u00f1a hija a quienes tomaron como rehenes.<\/p>\n<p>Los delincuentes amenazaron a la mujer con un cuchillo tipo corvo y un destornillador de grandes proporciones y desde el inmueble sustrajeron un notebook y dos tel\u00e9fonos celulares.<\/p>\n<p>Seg\u00fan relato entregado por las v\u00edctimas, los sujetos incluso botaron desde la cama a la menor de edad y actuaron con inusitada violencia, adem\u00e1s indicaron que el menor de doce a\u00f1os de edad era el encargado de robar, mientras otros menores de edad los amenazaban y otro sujeto esperaba a bordo de un veh\u00edculo.<\/p>\n<p>Posteriormente el grupo de delincuentes se dirigi\u00f3 hasta el local Almac\u00e9n y Botiller\u00eda Ana Mar\u00eda, tambi\u00e9n ubicado en Piguch\u00e9n y bajo amenazas ingresaron al recinto, robando una importante cantidad de dinero y cajetillas de cigarro.<\/p>\n<p><strong>HU\u00cdDA Y CAPTURA<\/strong><\/p>\n<p>Vecinos y las mismas v\u00edctimas dieron aviso a Carabineros de Putaendo, que incluso apoyados por funcionarios en veh\u00edculos particulares desplegaron un intenso operativo que contempl\u00f3 una cinematogr\u00e1fica persecuci\u00f3n a alta velocidad hacia la ciudad de San Felipe, donde solicitaron apoyo a otras unidades policiales y a la altura del paradero 30 del sector Auco, en las cercan\u00edas del Santuario de Santa Teresa, el veh\u00edculo en el que iban los delincuentes fue alcanzado por funcionarios de Carabineros.<\/p>\n<p>Los delincuentes fueron identificados como Jos\u00e9 Miguel Pozo Tapia de 20 a\u00f1os, D.P.A. de 16 a\u00f1os, E.M.I. de 16 a\u00f1os y el menor de doce a\u00f1os de edad A.S.O., todos, a excepci\u00f3n del menor de doce a\u00f1os, con un amplio prontuario policial y con domicilio en la comuna de Colina.<\/p>\n<p>Por instrucci\u00f3n del Fiscal de Turno, el menor de doce a\u00f1os de edad fue trasladado a un Centro de Menores de Valpara\u00edso, mientras que los otros tres sujetos pasar\u00e1n a control de detenci\u00f3n en el Tribunal Mixto de Putaendo en el d\u00eda de hoy martes.<\/p>\n<p>El Teniente de Carabineros, \u00c1ngelo Acevedo, dijo que apenas recibida la llamada telef\u00f3nica de una de las v\u00edctimas, se despleg\u00f3 un intenso operativo, incluso personal saliente del turno nocturno que se manten\u00eda en la tenencia en una reuni\u00f3n de coordinaci\u00f3n, en sus veh\u00edculos particulares se dirigieron a distintos sectores de Putaendo para realizar una operaci\u00f3n candado en la cual divisaron que un autom\u00f3vil con las caracter\u00edsticas entregadas por la v\u00edctima avanzaba a gran velocidad en direcci\u00f3n a San Felipe, ante lo cual dos unidades de Putaendo iniciaron una persecuci\u00f3n donde los sujetos pusieron en riesgo a varios automovilistas al adelantar en forma peligrosa y a alta velocidad en direcci\u00f3n a San Felipe.<\/p>\n<p>El Teniente Acevedo indic\u00f3 que los delincuentes evadieron el control policial en San Felipe, pero que siempre las unidades policiales estuvieron muy cerca del veh\u00edculo y que en las cercan\u00edas del Santuario de Santa Teresa en Auco, otros carros de Carabineros bloquearon la ruta, lo que gener\u00f3 que los delincuentes impactaran un poste y trataran de huir, a excepci\u00f3n del menor de edad que producto del susto permaneci\u00f3 en el m\u00f3vil mientras que uno de los sujetos fue capturado por un motorista de Carabineros al interior del cementerio parque que est\u00e1 a un costado del santuario.<\/p>\n<p><strong>\u00a0LOS REHENES\u00a0BAJO AMENAZA<\/strong><\/p>\n<p>La se\u00f1ora Mabel Olgu\u00edn, quien se encontraba en su humilde vivienda junto a su peque\u00f1a hija; un sobrino y un beb\u00e9 de dos meses, asegur\u00f3 que los sujetos entraron a viva fuerza hasta su casa, la arrojaron sobre un sill\u00f3n y usando un enorme destornillador la amenazaron de muerte mientras ocasionaban graves da\u00f1os en su casa, desde donde robaron un notebook, dos tel\u00e9fonos celulares y un televisor LCD.<\/p>\n<p>La afectada indic\u00f3 que el momento m\u00e1s cr\u00edtico fue cuando los sujetos dieron vuelta al colch\u00f3n donde estaba durmiendo una beb\u00e9 de dos meses, la que afortunadamente cay\u00f3 sobre un segundo colch\u00f3n e inmediatamente comenz\u00f3 a llorar desconsoladamente, ante esto la v\u00edctima sinti\u00f3 impotencia y asegur\u00f3 que les ped\u00eda por favor que no fueran a hacerle da\u00f1o a su beb\u00e9, adem\u00e1s se\u00f1al\u00f3 que el m\u00e1s violento de los asaltantes era el menor de doce a\u00f1os de edad y confirm\u00f3 que mientras los delincuentes revisaban su casa, la mantuvieron como reh\u00e9n y con amenazas de muerte hacia ella y hacia sus peque\u00f1os hijos.<\/p>\n<p><strong>\u00a0MENOR ERA EL\u00a0LIDER DEL GRUPO<\/strong><\/p>\n<p>Los delincuentes, no contentos con haber robado y haber mantenido como reh\u00e9n a una mujer y sus hijos en el primer domicilio, posteriormente llegaron hasta Almac\u00e9n Ana Mar\u00eda, de propiedad de la se\u00f1ora Ana Berr\u00edos, quien confirm\u00f3 que primeramente un sujeto entr\u00f3 a consultar si vend\u00eda cigarros y luego sali\u00f3 de su negocio y mientras ordenaba la mercader\u00eda, repentinamente vio c\u00f3mo tres sujetos saltaban el mostrador y uno de ellos coloc\u00f3 un destornillador en su est\u00f3mago y la amenaz\u00f3 de muerte, exigi\u00e9ndole la entrega de todo el dinero que ten\u00eda en la caja, desde donde sacaron aproximadamente $79.000 en monedas y billetes, pero los delincuentes le exig\u00edan que les dijera donde manten\u00eda m\u00e1s dinero y fue en ese momento cuando les indic\u00f3 que al interior de la vivienda ten\u00eda m\u00e1s dinero, ante lo cual los individuos abrieron una puerta que conduce hacia una pieza y en ese momento y en una arriesgada maniobra, logr\u00f3 sacarse una chaqueta de la cual la ten\u00edan sujetada y escapar hacia la calle, desde done pidi\u00f3 ayuda a los vecinos.<\/p>\n<p>Esta esforzada comerciante sali\u00f3 hace muy poco del hospital luego de haber sido intervenida quir\u00fargicamente y los sujetos la empujaron con la intenci\u00f3n de arrojarla al piso, a lo que ella se opuso y voluntariamente se sent\u00f3, adem\u00e1s confirm\u00f3 que el m\u00e1s peque\u00f1o era quien dirig\u00eda el asalto y el m\u00e1s violento de todos los sujetos.<\/p>\n<p>Patricio Gallardo M.<\/p>\n<div class=\"tiled-gallery type-rectangular tiled-gallery-unresized\" data-original-width=\"640\" data-carousel-extra='null' itemscope itemtype=\"http:\/\/schema.org\/ImageGallery\" > <div class=\"gallery-row\" style=\"width: 640px; height: 245px;\" data-original-width=\"640\" data-original-height=\"245\" > <div class=\"gallery-group images-1\" style=\"width: 301px; height: 245px;\" data-original-width=\"301\" data-original-height=\"245\" > <div class=\"tiled-gallery-item tiled-gallery-item-large\" itemprop=\"associatedMedia\" itemscope itemtype=\"http:\/\/schema.org\/ImageObject\"> <a href=\"https:\/\/eltrabajo.cl\/portal\/delincuentes-toman-rehenes-y-asaltan-local-comercial-en-piguchen\/detenidos1-2\/\" border=\"0\" itemprop=\"url\"> <meta itemprop=\"width\" content=\"297\"> <meta itemprop=\"height\" content=\"241\"> <img decoding=\"async\" class=\"\" data-attachment-id=\"44979\" data-orig-file=\"https:\/\/eltrabajo.cl\/portal\/wp-content\/uploads\/2014\/04\/Detenidos1.jpg\" data-orig-size=\"528,429\" data-comments-opened=\"1\" data-image-meta=\"{&quot;aperture&quot;:&quot;5&quot;,&quot;credit&quot;:&quot;&quot;,&quot;camera&quot;:&quot;Canon EOS REBEL T3&quot;,&quot;caption&quot;:&quot;&quot;,&quot;created_timestamp&quot;:&quot;1383479198&quot;,&quot;copyright&quot;:&quot;&quot;,&quot;focal_length&quot;:&quot;28&quot;,&quot;iso&quot;:&quot;100&quot;,&quot;shutter_speed&quot;:&quot;0.002&quot;,&quot;title&quot;:&quot;&quot;}\" data-image-title=\"Detenidos1\" data-image-description=\"&lt;p&gt;CAPTURADOS.- Los delincuentes fueron identificados como Jos\u00e9 Miguel Pozo Tapia de 20 a\u00f1os, D.P.A. de 16 a\u00f1os, E.M.I. de 16 a\u00f1os y el menor de doce a\u00f1os de edad A.S.O.&lt;\/p&gt; \" data-medium-file=\"https:\/\/i0.wp.com\/eltrabajo.cl\/portal\/wp-content\/uploads\/2014\/04\/Detenidos1.jpg?fit=300%2C243&#038;ssl=1\" data-large-file=\"https:\/\/i0.wp.com\/eltrabajo.cl\/portal\/wp-content\/uploads\/2014\/04\/Detenidos1.jpg?fit=528%2C429&#038;ssl=1\" src=\"https:\/\/i0.wp.com\/eltrabajo.cl\/portal\/wp-content\/uploads\/2014\/04\/Detenidos1.jpg?w=297&#038;h=241&#038;ssl=1\" srcset=\"https:\/\/i0.wp.com\/eltrabajo.cl\/portal\/wp-content\/uploads\/2014\/04\/Detenidos1.jpg?w=528&amp;ssl=1 528w, https:\/\/i0.wp.com\/eltrabajo.cl\/portal\/wp-content\/uploads\/2014\/04\/Detenidos1.jpg?resize=184%2C150&amp;ssl=1 184w, https:\/\/i0.wp.com\/eltrabajo.cl\/portal\/wp-content\/uploads\/2014\/04\/Detenidos1.jpg?resize=300%2C243&amp;ssl=1 300w, https:\/\/i0.wp.com\/eltrabajo.cl\/portal\/wp-content\/uploads\/2014\/04\/Detenidos1.jpg?resize=150%2C121&amp;ssl=1 150w, https:\/\/i0.wp.com\/eltrabajo.cl\/portal\/wp-content\/uploads\/2014\/04\/Detenidos1.jpg?resize=400%2C325&amp;ssl=1 400w\" width=\"297\" height=\"241\" loading=\"lazy\" data-original-width=\"297\" data-original-height=\"241\" itemprop=\"http:\/\/schema.org\/image\" title=\"Detenidos1\" alt=\"CAPTURADOS.- Los delincuentes fueron identificados como Jos\u00e9 Miguel Pozo Tapia de 20 a\u00f1os, D.P.A. de 16 a\u00f1os, E.M.I. de 16 a\u00f1os y el menor de doce a\u00f1os de edad A.S.O.\" style=\"width: 297px; height: 241px;\" \/> <\/a> <div class=\"tiled-gallery-caption\" itemprop=\"caption description\"> CAPTURADOS.- Los delincuentes fueron identificados como Jos\u00e9 Miguel Pozo Tapia de 20 a\u00f1os, D.P.A. de 16 a\u00f1os, E.M.I. de 16 a\u00f1os y el menor de doce a\u00f1os de edad A.S.O. <\/div> <\/div> <\/div> <!-- close group --> <div class=\"gallery-group images-1\" style=\"width: 339px; height: 245px;\" data-original-width=\"339\" data-original-height=\"245\" > <div class=\"tiled-gallery-item tiled-gallery-item-large\" itemprop=\"associatedMedia\" itemscope itemtype=\"http:\/\/schema.org\/ImageObject\"> <a href=\"https:\/\/eltrabajo.cl\/portal\/delincuentes-toman-rehenes-y-asaltan-local-comercial-en-piguchen\/detenidos2\/\" border=\"0\" itemprop=\"url\"> <meta itemprop=\"width\" content=\"335\"> <meta itemprop=\"height\" content=\"241\"> <img decoding=\"async\" class=\"\" data-attachment-id=\"44980\" data-orig-file=\"https:\/\/eltrabajo.cl\/portal\/wp-content\/uploads\/2014\/04\/Detenidos2.jpg\" data-orig-size=\"529,381\" data-comments-opened=\"1\" data-image-meta=\"{&quot;aperture&quot;:&quot;5&quot;,&quot;credit&quot;:&quot;&quot;,&quot;camera&quot;:&quot;Canon EOS REBEL T3&quot;,&quot;caption&quot;:&quot;&quot;,&quot;created_timestamp&quot;:&quot;1383480519&quot;,&quot;copyright&quot;:&quot;&quot;,&quot;focal_length&quot;:&quot;28&quot;,&quot;iso&quot;:&quot;100&quot;,&quot;shutter_speed&quot;:&quot;0.002&quot;,&quot;title&quot;:&quot;&quot;}\" data-image-title=\"Detenidos2\" data-image-description=\"&lt;p&gt;MALDAD PURA.- Seg\u00fan versi\u00f3n de los testigos y v\u00edctimas, el m\u00e1s peque\u00f1o de los hampones era quien dirig\u00eda el asalto y el m\u00e1s violento de todos los sujetos.&lt;\/p&gt; \" data-medium-file=\"https:\/\/i0.wp.com\/eltrabajo.cl\/portal\/wp-content\/uploads\/2014\/04\/Detenidos2.jpg?fit=300%2C216&#038;ssl=1\" data-large-file=\"https:\/\/i0.wp.com\/eltrabajo.cl\/portal\/wp-content\/uploads\/2014\/04\/Detenidos2.jpg?fit=529%2C381&#038;ssl=1\" src=\"https:\/\/i0.wp.com\/eltrabajo.cl\/portal\/wp-content\/uploads\/2014\/04\/Detenidos2.jpg?w=335&#038;h=241&#038;ssl=1\" srcset=\"https:\/\/i0.wp.com\/eltrabajo.cl\/portal\/wp-content\/uploads\/2014\/04\/Detenidos2.jpg?w=529&amp;ssl=1 529w, https:\/\/i0.wp.com\/eltrabajo.cl\/portal\/wp-content\/uploads\/2014\/04\/Detenidos2.jpg?resize=200%2C144&amp;ssl=1 200w, https:\/\/i0.wp.com\/eltrabajo.cl\/portal\/wp-content\/uploads\/2014\/04\/Detenidos2.jpg?resize=300%2C216&amp;ssl=1 300w, https:\/\/i0.wp.com\/eltrabajo.cl\/portal\/wp-content\/uploads\/2014\/04\/Detenidos2.jpg?resize=150%2C108&amp;ssl=1 150w, https:\/\/i0.wp.com\/eltrabajo.cl\/portal\/wp-content\/uploads\/2014\/04\/Detenidos2.jpg?resize=400%2C288&amp;ssl=1 400w\" width=\"335\" height=\"241\" loading=\"lazy\" data-original-width=\"335\" data-original-height=\"241\" itemprop=\"http:\/\/schema.org\/image\" title=\"Detenidos2\" alt=\"MALDAD PURA.- Seg\u00fan versi\u00f3n de los testigos y v\u00edctimas, el m\u00e1s peque\u00f1o de los hampones era quien dirig\u00eda el asalto y el m\u00e1s violento de todos los sujetos.\" style=\"width: 335px; height: 241px;\" \/> <\/a> <div class=\"tiled-gallery-caption\" itemprop=\"caption description\"> MALDAD PURA.- Seg\u00fan versi\u00f3n de los testigos y v\u00edctimas, el m\u00e1s peque\u00f1o de los hampones era quien dirig\u00eda el asalto y el m\u00e1s violento de todos los sujetos. <\/div> <\/div> <\/div> <!-- close group --> <\/div> <!-- close row --> <\/div>\n<p>&nbsp;<\/p>\n","protected":false},"excerpt":{"rendered":"<p>PUTAENDO.- Un grupo de cuatro sujetos, entre ellos un menor de doce a\u00f1os de edad, perpetr\u00f3 un violento asalto y robo en la localidad de Piguch\u00e9n, donde incluso tomaron rehenes, huyendo hacia&#8230;<\/p>\n","protected":false},"author":482,"featured_media":44977,"comment_status":"open","ping_status":"closed","sticky":false,"template":"","format":"standard","meta":{"advanced_seo_description":"","jetpack_seo_html_title":"","jetpack_seo_noindex":false,"_jetpack_memberships_contains_paid_content":false,"footnotes":""},"categories":[21],"tags":[],"class_list":["post-44976","post","type-post","status-publish","format-standard","has-post-thumbnail","hentry","category-policial"],"jetpack_featured_media_url":"https:\/\/i0.wp.com\/eltrabajo.cl\/portal\/wp-content\/uploads\/2014\/04\/Recuperado1.jpg?fit=529%2C471&ssl=1","jetpack_sharing_enabled":true,"jetpack_likes_enabled":true,"jetpack-related-posts":[],"_links":{"self":[{"href":"https:\/\/eltrabajo.cl\/portal\/wp-json\/wp\/v2\/posts\/44976","targetHints":{"allow":["GET"]}}],"collection":[{"href":"https:\/\/eltrabajo.cl\/portal\/wp-json\/wp\/v2\/posts"}],"about":[{"href":"https:\/\/eltrabajo.cl\/portal\/wp-json\/wp\/v2\/types\/post"}],"author":[{"embeddable":true,"href":"https:\/\/eltrabajo.cl\/portal\/wp-json\/wp\/v2\/users\/482"}],"replies":[{"embeddable":true,"href":"https:\/\/eltrabajo.cl\/portal\/wp-json\/wp\/v2\/comments?post=44976"}],"version-history":[{"count":0,"href":"https:\/\/eltrabajo.cl\/portal\/wp-json\/wp\/v2\/posts\/44976\/revisions"}],"wp:featuredmedia":[{"embeddable":true,"href":"https:\/\/eltrabajo.cl\/portal\/wp-json\/wp\/v2\/media\/44977"}],"wp:attachment":[{"href":"https:\/\/eltrabajo.cl\/portal\/wp-json\/wp\/v2\/media?parent=44976"}],"wp:term":[{"taxonomy":"category","embeddable":true,"href":"https:\/\/eltrabajo.cl\/portal\/wp-json\/wp\/v2\/categories?post=44976"},{"taxonomy":"post_tag","embeddable":true,"href":"https:\/\/eltrabajo.cl\/portal\/wp-json\/wp\/v2\/tags?post=44976"}],"curies":[{"name":"wp","href":"https:\/\/api.w.org\/{rel}","templated":true}]}}