{"id":44991,"date":"2014-04-03T09:47:09","date_gmt":"2014-04-03T12:47:09","guid":{"rendered":"http:\/\/www.eltrabajo.cl\/portal\/?p=44991"},"modified":"2014-04-03T11:01:48","modified_gmt":"2014-04-03T14:01:48","slug":"mujer-atropellada-en-chacabuco-murio-este-miercoles-en-el-san-camilo","status":"publish","type":"post","link":"https:\/\/eltrabajo.cl\/portal\/mujer-atropellada-en-chacabuco-murio-este-miercoles-en-el-san-camilo\/","title":{"rendered":"Mujer atropellada en Chacabuco muri\u00f3 este mi\u00e9rcoles en el San Camilo"},"content":{"rendered":"<figure id=\"attachment_44992\" aria-describedby=\"caption-attachment-44992\" style=\"width: 529px\" class=\"wp-caption alignnone\"><a href=\"https:\/\/i0.wp.com\/www.eltrabajo.cl\/portal\/wp-content\/uploads\/2014\/04\/atropello-ciclista-porta.jpg\"><img data-recalc-dims=\"1\" loading=\"lazy\" decoding=\"async\" class=\"size-full wp-image-44992\" alt=\"Diversas personas intentan auxiliar a la se\u00f1ora Mar\u00eda Ibacache, quien result\u00f3 gravemente herida y falleci\u00f3 finalmente en el hospital.\" src=\"https:\/\/i0.wp.com\/www.eltrabajo.cl\/portal\/wp-content\/uploads\/2014\/04\/atropello-ciclista-porta.jpg?resize=529%2C401\" width=\"529\" height=\"401\" srcset=\"https:\/\/i0.wp.com\/eltrabajo.cl\/portal\/wp-content\/uploads\/2014\/04\/atropello-ciclista-porta.jpg?w=529&amp;ssl=1 529w, https:\/\/i0.wp.com\/eltrabajo.cl\/portal\/wp-content\/uploads\/2014\/04\/atropello-ciclista-porta.jpg?resize=197%2C150&amp;ssl=1 197w, https:\/\/i0.wp.com\/eltrabajo.cl\/portal\/wp-content\/uploads\/2014\/04\/atropello-ciclista-porta.jpg?resize=300%2C227&amp;ssl=1 300w, https:\/\/i0.wp.com\/eltrabajo.cl\/portal\/wp-content\/uploads\/2014\/04\/atropello-ciclista-porta.jpg?resize=150%2C113&amp;ssl=1 150w, https:\/\/i0.wp.com\/eltrabajo.cl\/portal\/wp-content\/uploads\/2014\/04\/atropello-ciclista-porta.jpg?resize=400%2C303&amp;ssl=1 400w\" sizes=\"auto, (max-width: 529px) 100vw, 529px\" \/><\/a><figcaption id=\"caption-attachment-44992\" class=\"wp-caption-text\">Diversas personas intentan auxiliar a la se\u00f1ora Mar\u00eda Ibacache, quien result\u00f3 gravemente herida y falleci\u00f3 finalmente en el hospital.<\/figcaption><\/figure>\n<p>La se\u00f1ora Mar\u00eda Ibacache Gonz\u00e1lez, de 62 a\u00f1os de edad, falleci\u00f3 la tarde de este mi\u00e9rcoles tras permanecer con heridas en su cabeza en el Hospital San Camilo, luego que el martes fuera atropellada por un veh\u00edculo en las inmediaciones de los sem\u00e1foros frente a la cancha de tenis, cuyo conductor se habr\u00eda dado a la fuga dejando la camioneta abandonada en el lugar, gener\u00e1ndose una gran zozobra para sus familiares.<\/p>\n<p>La se\u00f1ora Ibacache era due\u00f1a de casa y viv\u00eda en el sector Uno Norte de San Felipe, su esposo Nelson Gonz\u00e1lez en medio del dolor de la p\u00e9rdida dedic\u00f3 unos minutos para hablar con Diario El Trabajo: \u00abNo conozco al conductor que mat\u00f3 a mi esposa, lo que supe es que ya est\u00e1 detenido, entiendo que esa persona conduc\u00eda una camioneta sin licencia y sin seguro obligatorio, no me puedo referir con profundidad al tema porque s\u00f3lo estoy concentrado en los tr\u00e1mites de mi esposa\u00bb, coment\u00f3 el ahora viudo Nelson Gonz\u00e1lez.<\/p>\n<p>El atropello habr\u00eda ocurrido cuando la se\u00f1ora Mar\u00eda Ibacache conduc\u00eda su bicicleta por el sector de la cancha de tenis, actualmente la polic\u00eda busca establecer los pormenores del tr\u00e1gico infortunio.<\/p>\n<p>&nbsp;<\/p>\n","protected":false},"excerpt":{"rendered":"<p>La se\u00f1ora Mar\u00eda Ibacache Gonz\u00e1lez, de 62 a\u00f1os de edad, falleci\u00f3 la tarde de este mi\u00e9rcoles tras permanecer con heridas en su cabeza en el Hospital San Camilo, luego que el martes&#8230;<\/p>\n","protected":false},"author":482,"featured_media":44992,"comment_status":"open","ping_status":"closed","sticky":false,"template":"","format":"standard","meta":{"advanced_seo_description":"","jetpack_seo_html_title":"","jetpack_seo_noindex":false,"_jetpack_memberships_contains_paid_content":false,"footnotes":""},"categories":[21],"tags":[],"class_list":["post-44991","post","type-post","status-publish","format-standard","has-post-thumbnail","hentry","category-policial"],"jetpack_featured_media_url":"https:\/\/i0.wp.com\/eltrabajo.cl\/portal\/wp-content\/uploads\/2014\/04\/atropello-ciclista-porta.jpg?fit=529%2C401&ssl=1","jetpack_sharing_enabled":true,"jetpack_likes_enabled":true,"jetpack-related-posts":[],"_links":{"self":[{"href":"https:\/\/eltrabajo.cl\/portal\/wp-json\/wp\/v2\/posts\/44991","targetHints":{"allow":["GET"]}}],"collection":[{"href":"https:\/\/eltrabajo.cl\/portal\/wp-json\/wp\/v2\/posts"}],"about":[{"href":"https:\/\/eltrabajo.cl\/portal\/wp-json\/wp\/v2\/types\/post"}],"author":[{"embeddable":true,"href":"https:\/\/eltrabajo.cl\/portal\/wp-json\/wp\/v2\/users\/482"}],"replies":[{"embeddable":true,"href":"https:\/\/eltrabajo.cl\/portal\/wp-json\/wp\/v2\/comments?post=44991"}],"version-history":[{"count":0,"href":"https:\/\/eltrabajo.cl\/portal\/wp-json\/wp\/v2\/posts\/44991\/revisions"}],"wp:featuredmedia":[{"embeddable":true,"href":"https:\/\/eltrabajo.cl\/portal\/wp-json\/wp\/v2\/media\/44992"}],"wp:attachment":[{"href":"https:\/\/eltrabajo.cl\/portal\/wp-json\/wp\/v2\/media?parent=44991"}],"wp:term":[{"taxonomy":"category","embeddable":true,"href":"https:\/\/eltrabajo.cl\/portal\/wp-json\/wp\/v2\/categories?post=44991"},{"taxonomy":"post_tag","embeddable":true,"href":"https:\/\/eltrabajo.cl\/portal\/wp-json\/wp\/v2\/tags?post=44991"}],"curies":[{"name":"wp","href":"https:\/\/api.w.org\/{rel}","templated":true}]}}