{"id":44994,"date":"2014-04-03T09:48:56","date_gmt":"2014-04-03T12:48:56","guid":{"rendered":"http:\/\/www.eltrabajo.cl\/portal\/?p=44994"},"modified":"2014-04-03T09:48:56","modified_gmt":"2014-04-03T12:48:56","slug":"con-reunion-de-coordinacion-avanza-proyecto-mejoramiento-de-circunvalacion","status":"publish","type":"post","link":"https:\/\/eltrabajo.cl\/portal\/con-reunion-de-coordinacion-avanza-proyecto-mejoramiento-de-circunvalacion\/","title":{"rendered":"Con reuni\u00f3n de coordinaci\u00f3n avanza proyecto mejoramiento de circunvalaci\u00f3n"},"content":{"rendered":"<figure id=\"attachment_44995\" aria-describedby=\"caption-attachment-44995\" style=\"width: 529px\" class=\"wp-caption alignnone\"><a href=\"https:\/\/i0.wp.com\/www.eltrabajo.cl\/portal\/wp-content\/uploads\/2014\/04\/reunion-de-coordinacion.jpg\"><img data-recalc-dims=\"1\" loading=\"lazy\" decoding=\"async\" class=\"size-full wp-image-44995\" alt=\"Representantes de distintas empresas y servicios involucrados en el proyecto de Circunvalaci\u00f3n se reunieron este martes para avanzar en este emblem\u00e1tico proyecto.\" src=\"https:\/\/i0.wp.com\/www.eltrabajo.cl\/portal\/wp-content\/uploads\/2014\/04\/reunion-de-coordinacion.jpg?resize=529%2C357\" width=\"529\" height=\"357\" srcset=\"https:\/\/i0.wp.com\/eltrabajo.cl\/portal\/wp-content\/uploads\/2014\/04\/reunion-de-coordinacion.jpg?w=529&amp;ssl=1 529w, https:\/\/i0.wp.com\/eltrabajo.cl\/portal\/wp-content\/uploads\/2014\/04\/reunion-de-coordinacion.jpg?resize=200%2C134&amp;ssl=1 200w, https:\/\/i0.wp.com\/eltrabajo.cl\/portal\/wp-content\/uploads\/2014\/04\/reunion-de-coordinacion.jpg?resize=300%2C202&amp;ssl=1 300w, https:\/\/i0.wp.com\/eltrabajo.cl\/portal\/wp-content\/uploads\/2014\/04\/reunion-de-coordinacion.jpg?resize=150%2C101&amp;ssl=1 150w, https:\/\/i0.wp.com\/eltrabajo.cl\/portal\/wp-content\/uploads\/2014\/04\/reunion-de-coordinacion.jpg?resize=400%2C269&amp;ssl=1 400w\" sizes=\"auto, (max-width: 529px) 100vw, 529px\" \/><\/a><figcaption id=\"caption-attachment-44995\" class=\"wp-caption-text\">Representantes de distintas empresas y servicios involucrados en el proyecto de Circunvalaci\u00f3n se reunieron este martes para avanzar en este emblem\u00e1tico proyecto.<\/figcaption><\/figure>\n<p>Con el objetivo de que exista coordinaci\u00f3n y que desde el principio del proyecto de Mejoramiento Circunvalaci\u00f3n de San Felipe se encuentren incorporados los servicios y distintas empresas que existen en la comuna, es que este martes se reunieron en terreno los representantes de estos organismos.<\/p>\n<p>Considerando que el proyecto de Circunvalaci\u00f3n es de suma importancia para el desarrollo de la comuna y permite mejorar el acceso a todos los vecinos y generar un flujo m\u00e1s acorde a la realidad existente hoy en d\u00eda, es de especial inter\u00e9s del Alcalde Patricio Freire que desde el inicio de los dise\u00f1os de esta obra se incorpore a todos los servicios y empresas, de manera que posteriormente, durante la ejecuci\u00f3n de la obra, \u00e9sta se realice de manera coordinada.<\/p>\n<p>\u201cNo queremos ver que una obra como \u00e9sta, a los pocos meses, se rompa porque hay cambios de matrices o hay alg\u00fan tipo de intervenci\u00f3n de los servicios, sino que est\u00e9n considerados y en eso, lo que est\u00e1 haciendo la administraci\u00f3n del Alcalde Freire es buscar mejorar la calidad de vida de los vecinos de San Felipe\u201d, se\u00f1al\u00f3 Claudio Paredes, Secretario de Planificaci\u00f3n Comunal.<\/p>\n<p>Seg\u00fan explic\u00f3 el profesional, el proyecto actualmente se encuentra en etapa de generaci\u00f3n de dise\u00f1o, proceso que deber\u00eda culminar en el mes de julio, para presentarlo al Ministerio de Desarrollo Social, entidad que eval\u00faa este tipo de iniciativas.<\/p>\n<p>\u201cNosotros estamos muy esperanzados de que una vez que sea aprobado este a\u00f1o 2014, estemos viendo obras el a\u00f1o 2015, por lo menos en los tramos que tiene mayor rentabilidad, es decir mayor flujo, esa es la apuesta del Alcalde Patricio Freire y del equipo t\u00e9cnico y en definitiva es lo que el Alcalde fue a solicitar al Ministro de Desarrollo Social, Joaqu\u00edn Lav\u00edn en esa \u00e9poca, que este proyecto avanzara; quiz\u00e1s todo el tramo inmediatamente es complejo, porque es mucha la inversi\u00f3n, pero s\u00ed por eje y los ejes que m\u00e1s se necesitan hoy d\u00eda para nosotros son Michimalongo con Hermanos Carrera, que parta alguna obra para mejorar los est\u00e1ndares de nuestras v\u00edas y arterias de la ciudad\u201d.<\/p>\n<p>La reuni\u00f3n en terreno contempl\u00f3 la presencia de profesionales del Serviu a nivel regional, de las direcciones de Obras y Tr\u00e1nsito de la Municipalidad de San Felipe y empresas de servicio como son Esval, Chilquinta y de telefon\u00eda, lo que implic\u00f3 realizar una ruta t\u00e9cnica de revisi\u00f3n de la arteria.<\/p>\n<p>Posteriormente a esta etapa, los servicios y empresas realizar\u00e1n observaciones que deber\u00edan ser acogidas por la consultora que se encuentra realizando el dise\u00f1o, en un plazo no superior al mes de julio, para luego entre ese mes y noviembre poder contar con la aprobaci\u00f3n de los dise\u00f1os correspondientes.<\/p>\n<p>&nbsp;<\/p>\n","protected":false},"excerpt":{"rendered":"<p>Con el objetivo de que exista coordinaci\u00f3n y que desde el principio del proyecto de Mejoramiento Circunvalaci\u00f3n de San Felipe se encuentren incorporados los servicios y distintas empresas que existen en la&#8230;<\/p>\n","protected":false},"author":482,"featured_media":44995,"comment_status":"open","ping_status":"closed","sticky":false,"template":"","format":"standard","meta":{"advanced_seo_description":"","jetpack_seo_html_title":"","jetpack_seo_noindex":false,"_jetpack_memberships_contains_paid_content":false,"footnotes":""},"categories":[15],"tags":[],"class_list":["post-44994","post","type-post","status-publish","format-standard","has-post-thumbnail","hentry","category-comunidad"],"jetpack_featured_media_url":"https:\/\/i0.wp.com\/eltrabajo.cl\/portal\/wp-content\/uploads\/2014\/04\/reunion-de-coordinacion.jpg?fit=529%2C357&ssl=1","jetpack_sharing_enabled":true,"jetpack_likes_enabled":true,"jetpack-related-posts":[],"_links":{"self":[{"href":"https:\/\/eltrabajo.cl\/portal\/wp-json\/wp\/v2\/posts\/44994","targetHints":{"allow":["GET"]}}],"collection":[{"href":"https:\/\/eltrabajo.cl\/portal\/wp-json\/wp\/v2\/posts"}],"about":[{"href":"https:\/\/eltrabajo.cl\/portal\/wp-json\/wp\/v2\/types\/post"}],"author":[{"embeddable":true,"href":"https:\/\/eltrabajo.cl\/portal\/wp-json\/wp\/v2\/users\/482"}],"replies":[{"embeddable":true,"href":"https:\/\/eltrabajo.cl\/portal\/wp-json\/wp\/v2\/comments?post=44994"}],"version-history":[{"count":0,"href":"https:\/\/eltrabajo.cl\/portal\/wp-json\/wp\/v2\/posts\/44994\/revisions"}],"wp:featuredmedia":[{"embeddable":true,"href":"https:\/\/eltrabajo.cl\/portal\/wp-json\/wp\/v2\/media\/44995"}],"wp:attachment":[{"href":"https:\/\/eltrabajo.cl\/portal\/wp-json\/wp\/v2\/media?parent=44994"}],"wp:term":[{"taxonomy":"category","embeddable":true,"href":"https:\/\/eltrabajo.cl\/portal\/wp-json\/wp\/v2\/categories?post=44994"},{"taxonomy":"post_tag","embeddable":true,"href":"https:\/\/eltrabajo.cl\/portal\/wp-json\/wp\/v2\/tags?post=44994"}],"curies":[{"name":"wp","href":"https:\/\/api.w.org\/{rel}","templated":true}]}}